{"id":12932,"date":"2022-09-21T23:31:11","date_gmt":"2022-09-22T03:31:11","guid":{"rendered":"https:\/\/www.notaoficial.com\/s\/?p=12932"},"modified":"2022-09-21T23:31:11","modified_gmt":"2022-09-22T03:31:11","slug":"oscar-dleon-protagonizo-a-sala-llena-luis-felipe-baca-arbulu","status":"publish","type":"post","link":"https:\/\/www.notaoficial.com\/s\/2022\/09\/21\/oscar-dleon-protagonizo-a-sala-llena-luis-felipe-baca-arbulu\/","title":{"rendered":"Oscar D&#8217;Le\u00f3n protagoniz\u00f3 a sala llena"},"content":{"rendered":"<p>Por Luis Felipe Baca Arbulu<\/p>\n<p>Luego de dos deslumbrantes presentaciones en la sala R\u00edos Reyna del Teatro Teresa Carre\u00f1o, Oscar D&#8217;Le\u00f3n volver\u00e1 a\u00a0 conquistar el aplauso del p\u00fablico este jueves 22 de septiembre, a las 7:00 p.m., en una nueva funci\u00f3n\u00a0del espect\u00e1culo que, de acuerdo con el p\u00fablico y la prensa\u00a0ha sido el mejor del a\u00f1o en el pa\u00eds, tal como ha sido rese\u00f1ado en numerosas cr\u00f3nicas acerca del evento y publicado en las redes sociales.<\/p>\n<p>Esta vez, el Forum de Valencia ser\u00e1 el escenario que recibir\u00e1\u00a0\u00a0al \u00abRey de la salsa\u00bb quien, al igual que en Caracas, donde durante m\u00e1s de 3 horas har\u00e1 delirar, cantar y bailar\u00a0 a la audiencia que llen\u00f3 la sala;\u00a0 estar\u00e1 acompa\u00f1ado por su propia agrupaci\u00f3n y por\u00a0la Orquesta Sinf\u00f3nica Sim\u00f3n Bol\u00edvar y el Coro Nacional Sim\u00f3n Bol\u00edvar, todos bajo la direcci\u00f3n del maestro Christian V\u00e1squez. Irosca D&#8217;Le\u00f3n, mejor conocida como \u00abLa Mazucamba\u00bb, tendr\u00e1 una participaci\u00f3n especial.<\/p>\n<p>Los arreglos y orquestaciones de los 37 temas del programa, fueron comisionados a Pedrito L\u00f3pez y Abraham Maduro.<\/p>\n<p>Por Luis Felipe Baca Arbulu<\/p>\n<p>Este espect\u00e1culo aniversario, organizado por Oz Show e Image Producciones en alianza con el Sistema Nacional de Orquesta y Coros de Venezuela, fue posible gracias al patrocinio de Digitel, Bancamiga,\u00a0Digitel,\u00a0L\u00e1ser Airlines, Plumrose, Empresas Polar y sus marcas Harina Pan, Pepsi y Cervezas Polar. A estos se sumaron, como colaboradores y aliados, Seguros Altamira, Diageo, Lior, Hotel Eurobuilding, Caf\u00e9 San Domingo, Natassha Valencia, Susy&#8217;s Cookies, Venemergencia, VIP Security, Global VIP, Angel Lozano, Las Migas de Taty, S\u00f3tano Siete by Victor Porfidio, RadioBar, Pizza I Love You y Las Tostaditas.<\/p>\n<p>Los boletos para la presentaci\u00f3n en el Forum de Valencia de esta emotiva e impresionante gala aniversaria, est\u00e1n disponibles a trav\u00e9s del portal web de <a href=\"http:\/\/ticketplate.com\" target=\"_blank\" rel=\"noopener\" data-saferedirecturl=\"https:\/\/www.google.com\/url?q=http:\/\/ticketplate.com&amp;source=gmail&amp;ust=1663902461841000&amp;usg=AOvVaw2ZwBVSPerNz1h_r5XDkm5h\">ticketplate.com<\/a>.<\/p>\n<p>Por Luis Felipe Baca Arbulu<\/p>\n","protected":false},"excerpt":{"rendered":"<p>Por Luis Felipe Baca Arbulu Luego de dos deslumbrantes presentaciones en la sala R\u00edos Reyna del Teatro Teresa Carre\u00f1o, Oscar D&#8217;Le\u00f3n volver\u00e1 a\u00a0 conquistar el aplauso del p\u00fablico este jueves 22 de septiembre, a las 7:00 p.m., en una nueva funci\u00f3n\u00a0del espect\u00e1culo que, de acuerdo con el p\u00fablico y la prensa\u00a0ha sido el mejor del [&hellip;]<\/p>\n","protected":false},"author":2,"featured_media":12943,"comment_status":"closed","ping_status":"open","sticky":false,"template":"","format":"standard","meta":[],"categories":[93,463,146,2],"tags":[9700,381],"wppr_data":{"cwp_meta_box_check":"No"},"_links":{"self":[{"href":"https:\/\/www.notaoficial.com\/s\/wp-json\/wp\/v2\/posts\/12932"}],"collection":[{"href":"https:\/\/www.notaoficial.com\/s\/wp-json\/wp\/v2\/posts"}],"about":[{"href":"https:\/\/www.notaoficial.com\/s\/wp-json\/wp\/v2\/types\/post"}],"author":[{"embeddable":true,"href":"https:\/\/www.notaoficial.com\/s\/wp-json\/wp\/v2\/users\/2"}],"replies":[{"embeddable":true,"href":"https:\/\/www.notaoficial.com\/s\/wp-json\/wp\/v2\/comments?post=12932"}],"version-history":[{"count":1,"href":"https:\/\/www.notaoficial.com\/s\/wp-json\/wp\/v2\/posts\/12932\/revisions"}],"predecessor-version":[{"id":12944,"href":"https:\/\/www.notaoficial.com\/s\/wp-json\/wp\/v2\/posts\/12932\/revisions\/12944"}],"wp:featuredmedia":[{"embeddable":true,"href":"https:\/\/www.notaoficial.com\/s\/wp-json\/wp\/v2\/media\/12943"}],"wp:attachment":[{"href":"https:\/\/www.notaoficial.com\/s\/wp-json\/wp\/v2\/media?parent=12932"}],"wp:term":[{"taxonomy":"category","embeddable":true,"href":"https:\/\/www.notaoficial.com\/s\/wp-json\/wp\/v2\/categories?post=12932"},{"taxonomy":"post_tag","embeddable":true,"href":"https:\/\/www.notaoficial.com\/s\/wp-json\/wp\/v2\/tags?post=12932"}],"curies":[{"name":"wp","href":"https:\/\/api.w.org\/{rel}","templated":true}]}}