{"id":12977,"date":"2022-09-24T00:45:19","date_gmt":"2022-09-24T04:45:19","guid":{"rendered":"https:\/\/www.notaoficial.com\/s\/?p=12977"},"modified":"2022-09-24T00:45:19","modified_gmt":"2022-09-24T04:45:19","slug":"todo-listo-para-el-regreso-de-la-sonora-matancera","status":"publish","type":"post","link":"https:\/\/www.notaoficial.com\/s\/2022\/09\/24\/todo-listo-para-el-regreso-de-la-sonora-matancera\/","title":{"rendered":"\u00a1Todo listo para el regreso de La Sonora Matancera!"},"content":{"rendered":"<p>Lleg\u00f3 el momento de disfrutar el regreso de\u00a0<strong>La Nueva Sonora Matancera<\/strong>\u00a0en su renacer con JN Music Group y su sello discogr\u00e1fico MP Musical Productions dirigido por los l\u00edderes de la m\u00fasica latina, los hermanos\u00a0<strong>Juan Hidalgo<\/strong>\u00a0y\u00a0<strong>Nelson Est\u00e9vez<\/strong>.<\/p>\n<p>\u00abEl Regreso de La Sonora Matancera\u00bb sale a tan solo 2 a\u00f1os de cumplir 100 a\u00f1os de su fundaci\u00f3n, y as\u00ed seguir con el legado por el mundo de la buena m\u00fasica. Utilizando en sus grabaciones nuevos m\u00fasicos y cantantes, actuales arreglos con un proceso de mezcla y m\u00e1ster moderno, cuidando siempre el sonido original que le ha dado vida a esta inigualable propuesta musical.<\/p>\n<p>\u201cEs un \u00e1lbum lleno de buena m\u00fasica que no pasa de moda de principio a fin, con nuevos arreglos y adaptaciones, 40 temas resumidos en 10 Medleys grabados en estudio y que contar\u00e1 adem\u00e1s con 10 videos lyrics en Youtube para el disfrute de todos los mel\u00f3manos de esta gran orquesta que engrandece la m\u00fasica latina, y que fue pionera en este estilo y dej\u00f3 la puerta abiertas a grandes orquestas en el mundo para seguir sus pasos\u201d, explica\u00a0<strong>Victor Pabon<\/strong>, Booking Management de la Sonora.<\/p>\n<p>\u201cQueremos aprovechar la oportunidad, para invitar a seguir a La Sonora Matancera en todas sus plataformas musicales y redes sociales oficiales como: LA SONORA MATANCERA OFICIAL, para que disfruten del contenido exclusivo que traemos para ustedes\u201d, expres\u00f3\u00a0<strong>Juan Hidalgo<\/strong>\u00a0presidente del sello disquero.<\/p>\n<p>Las sorpresas siguen, ya que adem\u00e1s sacar\u00e1n al mercado este mismo \u00e1lbum completamente en vivo con v\u00eddeos de cada uno de los medley que conforman este \u00e1lbum, mostrando las nuevas caras de La Sonora Matancera, su nuevo sonido y lo actualizado del proyecto.<\/p>\n<p>Si deseas tener a La Sonora Matancera en tus eventos o celebraciones comun\u00edcate con reservaciones de fechas, booking and management: 305.629.8880.<\/p>\n<p>Disfruten de \u00abEl regreso de la Sonora Matancera\u00bb con 10 Medley para el bailador.<\/p>\n<p>Redes sociales<\/p>\n<p><a href=\"https:\/\/www.facebook.com\/JNMusicGroup\" target=\"_blank\" rel=\"noopener noreferrer\" data-saferedirecturl=\"https:\/\/www.google.com\/url?q=https:\/\/www.facebook.com\/JNMusicGroup&amp;source=gmail&amp;ust=1664079944827000&amp;usg=AOvVaw0ph5_2THceguQK_6oaGNKF\">https:\/\/www.facebook.com\/<wbr \/>JNMusicGroup<\/a><\/p>\n<p><a href=\"https:\/\/www.instagram.com\/jnmusicgroup\/\" target=\"_blank\" rel=\"noopener noreferrer\" data-saferedirecturl=\"https:\/\/www.google.com\/url?q=https:\/\/www.instagram.com\/jnmusicgroup\/&amp;source=gmail&amp;ust=1664079944827000&amp;usg=AOvVaw3rBd6-2vjscFzha1vfDWTp\">https:\/\/www.instagram.com\/<wbr \/>jnmusicgroup\/<\/a><\/p>\n<p><span style=\"font-family: Calibri, sans-serif;\"><a href=\"https:\/\/open.spotify.com\/album\/0ITsJRaE0ZaKpYsmplRVsz?si=Cei2xTxHRwenpF3oLpqR9w\" target=\"_blank\" rel=\"noopener noreferrer\" data-saferedirecturl=\"https:\/\/www.google.com\/url?q=https:\/\/open.spotify.com\/album\/0ITsJRaE0ZaKpYsmplRVsz?si%3DCei2xTxHRwenpF3oLpqR9w&amp;source=gmail&amp;ust=1664079944827000&amp;usg=AOvVaw2Q6bIiCEvMxrB6PIu0gI9q\">https:\/\/open.spotify.com\/<wbr \/>album\/0ITsJRaE0ZaKpYsmplRVsz?<wbr \/>si=Cei2xTxHRwenpF3oLpqR9w<\/a><\/span><\/p>\n","protected":false},"excerpt":{"rendered":"<p>Lleg\u00f3 el momento de disfrutar el regreso de\u00a0La Nueva Sonora Matancera\u00a0en su renacer con JN Music Group y su sello discogr\u00e1fico MP Musical Productions dirigido por los l\u00edderes de la m\u00fasica latina, los hermanos\u00a0Juan Hidalgo\u00a0y\u00a0Nelson Est\u00e9vez. \u00abEl Regreso de La Sonora Matancera\u00bb sale a tan solo 2 a\u00f1os de cumplir 100 a\u00f1os de su fundaci\u00f3n, [&hellip;]<\/p>\n","protected":false},"author":2,"featured_media":12978,"comment_status":"closed","ping_status":"open","sticky":false,"template":"","format":"standard","meta":[],"categories":[463,146,2],"tags":[381,3479],"wppr_data":{"cwp_meta_box_check":"No"},"_links":{"self":[{"href":"https:\/\/www.notaoficial.com\/s\/wp-json\/wp\/v2\/posts\/12977"}],"collection":[{"href":"https:\/\/www.notaoficial.com\/s\/wp-json\/wp\/v2\/posts"}],"about":[{"href":"https:\/\/www.notaoficial.com\/s\/wp-json\/wp\/v2\/types\/post"}],"author":[{"embeddable":true,"href":"https:\/\/www.notaoficial.com\/s\/wp-json\/wp\/v2\/users\/2"}],"replies":[{"embeddable":true,"href":"https:\/\/www.notaoficial.com\/s\/wp-json\/wp\/v2\/comments?post=12977"}],"version-history":[{"count":1,"href":"https:\/\/www.notaoficial.com\/s\/wp-json\/wp\/v2\/posts\/12977\/revisions"}],"predecessor-version":[{"id":12979,"href":"https:\/\/www.notaoficial.com\/s\/wp-json\/wp\/v2\/posts\/12977\/revisions\/12979"}],"wp:featuredmedia":[{"embeddable":true,"href":"https:\/\/www.notaoficial.com\/s\/wp-json\/wp\/v2\/media\/12978"}],"wp:attachment":[{"href":"https:\/\/www.notaoficial.com\/s\/wp-json\/wp\/v2\/media?parent=12977"}],"wp:term":[{"taxonomy":"category","embeddable":true,"href":"https:\/\/www.notaoficial.com\/s\/wp-json\/wp\/v2\/categories?post=12977"},{"taxonomy":"post_tag","embeddable":true,"href":"https:\/\/www.notaoficial.com\/s\/wp-json\/wp\/v2\/tags?post=12977"}],"curies":[{"name":"wp","href":"https:\/\/api.w.org\/{rel}","templated":true}]}}