{"id":13045,"date":"2022-09-28T23:25:23","date_gmt":"2022-09-29T03:25:23","guid":{"rendered":"https:\/\/www.notaoficial.com\/s\/?p=13045"},"modified":"2022-09-28T23:25:23","modified_gmt":"2022-09-29T03:25:23","slug":"conoce-los-secretos-de-un-buen-carbon-parrillero-flavio-pedro-antonio","status":"publish","type":"post","link":"https:\/\/www.notaoficial.com\/s\/2022\/09\/28\/conoce-los-secretos-de-un-buen-carbon-parrillero-flavio-pedro-antonio\/","title":{"rendered":"Conoce los secretos de un buen carb\u00f3n parrillero"},"content":{"rendered":"<p>Por Flavio Pedro Antonio<\/p>\n<p>Todo est\u00e1 sazonado y los invitados ya est\u00e1n entrando en calor, pero lo que est\u00e1 tardando es el calor de las <strong>brasas<\/strong>. \u201cNo enciende, b\u00fascame una vela para derretirla y poder generar combusti\u00f3n para que salga la llama\u201d, dice el anfitri\u00f3n de la casa.<\/p>\n<p>Son muchas las t\u00e9cnicas que los <strong>parrilleros<\/strong> aficionados han usado para prender el carb\u00f3n. Desde abanicar hasta rociar con combustible para lograr el fuego, una pr\u00e1ctica perjudicial para la salud y cuyo humo est\u00e1 lejos de ser disfrutado por los comensales.<\/p>\n<p>La Montserratina, l\u00edder del mercado nacional desde hace 73 a\u00f1os, puso en el mercado el <strong>carb\u00f3n vegetal<\/strong>, para que no sufras m\u00e1s y te luzcas no solo con la puesta de la carne y los embutidos, sino que adem\u00e1s eleves los niveles de satisfacci\u00f3n gracias a ese olor ahumado que emana el calor de la brasa.<\/p>\n<p>Este producto, 100% nacional y ecol\u00f3gico, extra\u00eddo de los bosques sustentables del estado Cojedes, \u201ces de f\u00e1cil encendido, no se necesita elementos externos para prenderlo, la brasa queda mucho tiempo activa, <strong>permite ahorrar<\/strong> y controlar mejor la temperatura de la cocci\u00f3n de lo que est\u00e9s haciendo\u201d, dice Raymar Vel\u00e1squez, chef y fot\u00f3grafo gastron\u00f3mico.<\/p>\n<p>Por Flavio Pedro Antonio<\/p>\n<p>Y a\u00f1ade \u201ces el primero que he usado en Venezuela con esas caracter\u00edsticas, es un producto premium. Es lo primero que debe meter el parrillero en su compra, incluso deber\u00eda estar antes que la <strong>prote\u00edna<\/strong> que va a usar\u201d.<\/p>\n<p>El cocinero destac\u00f3 que los trozos de este carb\u00f3n, que se consiguen en empaques de tres kilos y de 1,5 kilos, generan calor estable y dejan un sabor \u00fanico en lo que se est\u00e9 preparando.<\/p>\n<p><strong>R\u00e1pido encendido<\/strong><\/p>\n<p>Esteban Luj\u00e1n, maestro parrillero destaca adem\u00e1s que el carb\u00f3n vegetal de La Montserratina, lanzado en febrero de este a\u00f1o, \u201ces un producto que est\u00e1 hecho a base de <strong>madera de eucalipto<\/strong>, que tiene alta dureza y eso hace que sea de mayor durabilidad\u201d.<\/p>\n<p>Explica que el proceso de carbonizaci\u00f3n se cumple en tres fases: primero a 200\u00baC cent\u00edgrados con la intenci\u00f3n de eliminar la humedad y los insectos; una segunda etapa por encima de los 750\u00baC para evaporar fenoles, alcohol y la resina, y una tercera fase de 300\u00baC para terminar de carbonizar las piezas.<\/p>\n<p>Por Flavio Pedro Antonio<\/p>\n<p>\u201cEsto va a permitir el encendido <strong>r\u00e1pido y parejo<\/strong> entre 10 y 15 minutos, dependiendo de la altura sobre el nivel del mal en donde se est\u00e9 realizando la parrilla, as\u00ed como la cantidad y fuerza del viento\u201d.<\/p>\n<p>Una vez que ha llegado a una temperatura de 500\u00baC puede estar prendido por <strong>45 minutos<\/strong>, explica Lujan. Pero hay otras cosas que debe saber:<\/p>\n<ol>\n<li>Se debe dosificar su uso, es decir, para que su carga cal\u00f3rica se mantenga, primero hay que poner un tercio del contenido de la bolsa, a los 11 minutos otro tercio y luego de 20 minutos el contenido restante del paquete.<\/li>\n<li>Las pruebas hechas al producto permiten la cocci\u00f3n de <strong>cuatro kilos de carne<\/strong>, siempre y cuando se pongan las prote\u00ednas de acuerdo a su composici\u00f3n.<\/li>\n<li>Despu\u00e9s de una hora el proceso de degradaci\u00f3n del carb\u00f3n se mantiene por 30 minutos adicionales, que se pueden usar para cocinar frutas o vegetales.<\/li>\n<li>Las bolsas del carb\u00f3n tambi\u00e9n tienen su utilidad. Est\u00e1 compuesta por varias capas de papel: la primera que est\u00e1 impresa, una segunda que absorbe la humedad y una tercera que evita que el polvillo se escape y ensucie el entorno. Adem\u00e1s, la bolsa de papel se puede usar para el encendido. Lujan recomienda hacer un aro, rociarlo con aceite vegetal y en los alrededores poner los trozos de carb\u00f3n y, luego, encenderlo.<\/li>\n<\/ol>\n<p>El producto est\u00e1 disponible en los <strong>bodegones<\/strong> parrilleros de La Montserratina en Caracas (ubicadas en Bole\u00edta, Las Mercedes y La Castellana), as\u00ed como en todas las cadenas de supermercado de todo el pa\u00eds.<\/p>\n<p>M\u00e1s informaci\u00f3n sobre el portafolio y recetas de la marca en <a href=\"http:\/\/www.lamontserratina.com\" data-saferedirecturl=\"https:\/\/www.google.com\/url?q=http:\/\/www.lamontserratina.com&amp;source=gmail&amp;ust=1664507652757000&amp;usg=AOvVaw0PwzT3aRHDtszKdxvuYbW_\">www.lamontserratina.com<\/a>, o en su cuenta de Instagram @lamontserratina.<\/p>\n<p>Por Flavio Pedro Antonio<\/p>\n","protected":false},"excerpt":{"rendered":"<p>Por Flavio Pedro Antonio Todo est\u00e1 sazonado y los invitados ya est\u00e1n entrando en calor, pero lo que est\u00e1 tardando es el calor de las brasas. \u201cNo enciende, b\u00fascame una vela para derretirla y poder generar combusti\u00f3n para que salga la llama\u201d, dice el anfitri\u00f3n de la casa. Son muchas las t\u00e9cnicas que los parrilleros [&hellip;]<\/p>\n","protected":false},"author":2,"featured_media":13046,"comment_status":"closed","ping_status":"open","sticky":false,"template":"","format":"standard","meta":[],"categories":[93,146,2],"tags":[9697,579],"wppr_data":{"cwp_meta_box_check":"No"},"_links":{"self":[{"href":"https:\/\/www.notaoficial.com\/s\/wp-json\/wp\/v2\/posts\/13045"}],"collection":[{"href":"https:\/\/www.notaoficial.com\/s\/wp-json\/wp\/v2\/posts"}],"about":[{"href":"https:\/\/www.notaoficial.com\/s\/wp-json\/wp\/v2\/types\/post"}],"author":[{"embeddable":true,"href":"https:\/\/www.notaoficial.com\/s\/wp-json\/wp\/v2\/users\/2"}],"replies":[{"embeddable":true,"href":"https:\/\/www.notaoficial.com\/s\/wp-json\/wp\/v2\/comments?post=13045"}],"version-history":[{"count":1,"href":"https:\/\/www.notaoficial.com\/s\/wp-json\/wp\/v2\/posts\/13045\/revisions"}],"predecessor-version":[{"id":13047,"href":"https:\/\/www.notaoficial.com\/s\/wp-json\/wp\/v2\/posts\/13045\/revisions\/13047"}],"wp:featuredmedia":[{"embeddable":true,"href":"https:\/\/www.notaoficial.com\/s\/wp-json\/wp\/v2\/media\/13046"}],"wp:attachment":[{"href":"https:\/\/www.notaoficial.com\/s\/wp-json\/wp\/v2\/media?parent=13045"}],"wp:term":[{"taxonomy":"category","embeddable":true,"href":"https:\/\/www.notaoficial.com\/s\/wp-json\/wp\/v2\/categories?post=13045"},{"taxonomy":"post_tag","embeddable":true,"href":"https:\/\/www.notaoficial.com\/s\/wp-json\/wp\/v2\/tags?post=13045"}],"curies":[{"name":"wp","href":"https:\/\/api.w.org\/{rel}","templated":true}]}}