{"id":13048,"date":"2022-09-28T23:29:58","date_gmt":"2022-09-29T03:29:58","guid":{"rendered":"https:\/\/www.notaoficial.com\/s\/?p=13048"},"modified":"2022-09-28T23:29:58","modified_gmt":"2022-09-29T03:29:58","slug":"arte-con-el-stylus-de-ivanna-gautier-flavio-borquez-tarff","status":"publish","type":"post","link":"https:\/\/www.notaoficial.com\/s\/2022\/09\/28\/arte-con-el-stylus-de-ivanna-gautier-flavio-borquez-tarff\/","title":{"rendered":"Arte con el Stylus de Ivanna Gautier"},"content":{"rendered":"<p>Por Flavio Borquez Tarff<\/p>\n<p>El arte y el dise\u00f1o siempre han ido de la mano. Y cuando el artista descubre en una pieza u objeto un nuevo lienzo para crear, ambos conceptos se fusionan de manera perfecta tal y como sucedi\u00f3 con la intervenci\u00f3n realizada por la artista venezolana Ivanna Gautier a la cl\u00e1sica butaca Riverside, de la firma italiana Tonon.<\/p>\n<p>El escenario para este encuentro no pod\u00eda ser otro que la tienda Stylus, en Las Mercedes, donde las anfitrionas Daniela Pappadia y su socia Nora Toledano, organizaron un evento con prop\u00f3sito de altura: generar recursos a partir de la pieza intervenida, para donarlos a la Fundaci\u00f3n Autismo Dejando Huella, organizaci\u00f3n sin fines de lucro que atiende adultos con autismo moderado o severo.<\/p>\n<p>\u201cNos inspiramos en un evento que realiz\u00f3 Tonon en la 60\u00aa edici\u00f3n del \u2018<em>Salone del Mobile.Milano<\/em> 2022\u2019 con el artista italiano Gianni Borta\u00a0\u00a0 , quien intervino una de las piezas para luego crear una edici\u00f3n especial con tejidos basados en sus obras\u201d, comenta Daniela Pappadia.<\/p>\n<p>Explica la arquitecta y gerente de Stylus que hoy en d\u00eda es una tendencia intervenir carteras, zapatos y otros objetos de colecci\u00f3n. \u201cEs como darle una segunda vida a un objeto. En este caso, el mueble escogido fue la silla Riverside, la cual tiene un dise\u00f1o que sugiere c\u00edrculos conc\u00e9ntricos, como los que se forman al lanzar una piedra a un lago. Es uno de los \u00edconos de Tonon y es una pieza muy llamativa\u201d.<\/p>\n<p>Por Flavio Borquez Tarff<\/p>\n<p><strong>Venezuela a trav\u00e9s de latas<\/strong><\/p>\n<p>Para la artista, abordar esta intervenci\u00f3n fue un verdadero reto. \u201cPrimero porque soy muralista y pintora al \u00f3leo. Pintar con tanta gente alrededor implica tener mucho foco en lo que se est\u00e1 haciendo; pero cada reto que me ponen en el camino lo asumo con todo el gusto\u201d, asegura.<\/p>\n<p>En sus murales, Gautier trabaja generalmente con el aer\u00f3grafo, el cual tambi\u00e9n utiliz\u00f3 en la silla Riverside. \u201cMe dedico mucho al \u00f3leo. En este caso el acr\u00edlico es una excepci\u00f3n por el tipo de material del mueble que trabaj\u00e9\u201d.<\/p>\n<p>Gautier vive desde hace siete a\u00f1os en Espa\u00f1a, donde ha profundizado sus conocimientos en el realismo y lo figurativo. Siete a\u00f1os que adem\u00e1s la han llenado de nostalgia por Venezuela, por sus colores, su gente y tambi\u00e9n por objetos tan cotidianos como las latas.<\/p>\n<p>\u201cEn el caso de esta pieza, pint\u00e9 las latas porque son una de las cosas que m\u00e1s ha promovido mi trabajo. El tema de la nostalgia hacia Venezuela se ve reflejado a trav\u00e9s de las latas venezolanas, que son objetos que extra\u00f1o\u201d, dice la joven pintora quien tambi\u00e9n ha realizado intervenciones de arte a los instrumentos de algunas agrupaciones musicales venezolanas emergentes. \u201cEstoy comenzando con el intervencionismo de objetos y hasta ahora no me puedo quejar. Es una tendencia que gusta mucho a la gente\u201d.<\/p>\n<p>Por Flavio Borquez Tarff<\/p>\n<p>Daniela Pappadia se\u00f1ala que Ivanna Gautier es una artista muy cercana a Stylus. \u201cCasualmente est\u00e1 en Venezuela. Es brillante, una gran muralista muy solicitada; una mujer luchadora, trabajadora y adem\u00e1s bondadosa. Por todo esto nos pareci\u00f3 una excelente oportunidad para dar a conocer su trabajo y vincularla a la iniciativa de ayudar a la Fundaci\u00f3n\u201d.<\/p>\n<p>Ivanna estar\u00e1 en Venezuela hasta inicios de octubre, por lo que desea aprovechar al m\u00e1ximo el tiempo para seguir interviniendo espacios en el pa\u00eds. \u201cAdem\u00e1s, quiero trabajar con la Agencia de la ONU para los Refugiados (ACNUR), que era mi idea inicial, y con la Fundaci\u00f3n Autismo Dejando Huella, con la idea de poder ayudar a otras personas y que al mismo tiempo la gente conozca mi trabajo\u201d.<\/p>\n<p>En enero de 2023, Ivanna Gautier presentar\u00e1 ocho de sus obras en una muestra colectiva en Shangh\u00e1i. \u201cEstoy enfocada en eso en este momento. Luego quiero hacer mi propia individual con obras inspiradas en Venezuela, en sus t\u00edpicos puestos o chiringuitos de frutas, muy coloridos; las t\u00edpicas casas llenas de color que tienen una gran influencia en lo que pinto. Mi obra es muy colorida. Quiero retratar eso en lo que no me fijaba antes y ahora veo lo bello que es, y quiero que todo el mundo lo pueda ver tambi\u00e9n\u201d.<\/p>\n<p>Por Flavio Borquez Tarff<\/p>\n<p><strong>Arte con Stylus<\/strong><\/p>\n<p>No es la primera vez que Stylus ofrece al p\u00fablico la oportunidad de vincularse con el dise\u00f1o y el arte como expresiones hermanas. Es por ello que ya planifica la realizaci\u00f3n de un evento similar a otro desarrollado por la tienda con el maestro Juvenal Ravelo, en el gran <em>show room<\/em> de Stylus en Bole\u00edta, donde tambi\u00e9n particip\u00f3 el psic\u00f3logo y dramaturgo Johnny Gavlovski. \u201cEsperamos poder hacerlo antes de fin de a\u00f1o\u201d, dice la arquitecta Daniela Pappadia.<\/p>\n<p>Con casi 30 a\u00f1os en el mercado de muebles y proyectos de interiorismo, Stylus expone permanentemente una atractiva vitrina con lo m\u00e1s innovador y sofisticado del dise\u00f1o italiano, con afamadas marcas como Minotti, Tonon (1926), Cattelan, Missoni Home y Saba, entre otras; incluyendo las distinguidas alfombras Toulemonde Bochart. \u201cTenemos aproximadamente 20 marcas con las que tratamos de tener una alianza estable para ofrecer una l\u00ednea completa y el concepto de cada una de ellas\u201d.<\/p>\n<p>Stylus est\u00e1 presente en la avenida R\u00edo de Janeiro en Las Mercedes y cuenta adem\u00e1s con un gran <em>show room<\/em> de aproximadamente 600 mts<sup>2<\/sup> en Bole\u00edta.<\/p>\n<p>Para m\u00e1s informaci\u00f3n puede visitar las cuentas en Instagram de: <a href=\"https:\/\/www.instagram.com\/stylusmuebles\/\" data-saferedirecturl=\"https:\/\/www.google.com\/url?q=https:\/\/www.instagram.com\/stylusmuebles\/&amp;source=gmail&amp;ust=1664507656769000&amp;usg=AOvVaw3z9OYy_rouYIivUcanPpeU\">@stylusmuebles<\/a><\/p>\n<p><a href=\"https:\/\/www.instagram.com\/euphorical.mind\/\" data-saferedirecturl=\"https:\/\/www.google.com\/url?q=https:\/\/www.instagram.com\/euphorical.mind\/&amp;source=gmail&amp;ust=1664507656769000&amp;usg=AOvVaw30ZxnsrpYZY9tqezMUaK3C\">@euphorical.mind<\/a>, <a href=\"https:\/\/www.instagram.com\/autismodejandohuella\/?hl=es\" data-saferedirecturl=\"https:\/\/www.google.com\/url?q=https:\/\/www.instagram.com\/autismodejandohuella\/?hl%3Des&amp;source=gmail&amp;ust=1664507656769000&amp;usg=AOvVaw0OXgS3ccmC7yzCEfCpA63k\">@autismodejandohuella<\/a><\/p>\n","protected":false},"excerpt":{"rendered":"<p>Por Flavio Borquez Tarff El arte y el dise\u00f1o siempre han ido de la mano. Y cuando el artista descubre en una pieza u objeto un nuevo lienzo para crear, ambos conceptos se fusionan de manera perfecta tal y como sucedi\u00f3 con la intervenci\u00f3n realizada por la artista venezolana Ivanna Gautier a la cl\u00e1sica butaca [&hellip;]<\/p>\n","protected":false},"author":2,"featured_media":13049,"comment_status":"closed","ping_status":"open","sticky":false,"template":"","format":"standard","meta":[],"categories":[93,463,146,2],"tags":[1371,9698],"wppr_data":{"cwp_meta_box_check":"No"},"_links":{"self":[{"href":"https:\/\/www.notaoficial.com\/s\/wp-json\/wp\/v2\/posts\/13048"}],"collection":[{"href":"https:\/\/www.notaoficial.com\/s\/wp-json\/wp\/v2\/posts"}],"about":[{"href":"https:\/\/www.notaoficial.com\/s\/wp-json\/wp\/v2\/types\/post"}],"author":[{"embeddable":true,"href":"https:\/\/www.notaoficial.com\/s\/wp-json\/wp\/v2\/users\/2"}],"replies":[{"embeddable":true,"href":"https:\/\/www.notaoficial.com\/s\/wp-json\/wp\/v2\/comments?post=13048"}],"version-history":[{"count":1,"href":"https:\/\/www.notaoficial.com\/s\/wp-json\/wp\/v2\/posts\/13048\/revisions"}],"predecessor-version":[{"id":13050,"href":"https:\/\/www.notaoficial.com\/s\/wp-json\/wp\/v2\/posts\/13048\/revisions\/13050"}],"wp:featuredmedia":[{"embeddable":true,"href":"https:\/\/www.notaoficial.com\/s\/wp-json\/wp\/v2\/media\/13049"}],"wp:attachment":[{"href":"https:\/\/www.notaoficial.com\/s\/wp-json\/wp\/v2\/media?parent=13048"}],"wp:term":[{"taxonomy":"category","embeddable":true,"href":"https:\/\/www.notaoficial.com\/s\/wp-json\/wp\/v2\/categories?post=13048"},{"taxonomy":"post_tag","embeddable":true,"href":"https:\/\/www.notaoficial.com\/s\/wp-json\/wp\/v2\/tags?post=13048"}],"curies":[{"name":"wp","href":"https:\/\/api.w.org\/{rel}","templated":true}]}}