{"id":13072,"date":"2022-10-01T00:23:02","date_gmt":"2022-10-01T04:23:02","guid":{"rendered":"https:\/\/www.notaoficial.com\/s\/?p=13072"},"modified":"2022-10-01T00:23:02","modified_gmt":"2022-10-01T04:23:02","slug":"cuidado-diario-para-adultos-mayores-francisco-dagostino","status":"publish","type":"post","link":"https:\/\/www.notaoficial.com\/s\/2022\/10\/01\/cuidado-diario-para-adultos-mayores-francisco-dagostino\/","title":{"rendered":"Cuidado diario para adultos mayores"},"content":{"rendered":"<p>Por Francisco D&#8217;Agostino<\/p>\n<p>Un adulto mayor con trastornos cognitivos, como el <strong>Alzh\u00e9imer o el Parkinson, <\/strong>puede llegar a no valerse por s\u00ed mismo y necesitar que un familiar est\u00e9 atento la mayor\u00eda del tiempo. Sin embargo, esa atenci\u00f3n constante puede generar estr\u00e9s, malestar y poco tiempo para que el cuidador haga sus propias actividades.<\/p>\n<p>Con este objetivo en mente de brindar la mejor atenci\u00f3n posible a las personas mayores con trastornos degenerativos y brindar descanso a sus familiares, la residencia y centro integral para <strong>adultos mayores<\/strong> <strong>Hogar La Ponderosa<\/strong>, ubicada en Caracas, ofrece el servicio de Day Care o de cuidados diarios.<\/p>\n<p>En estas jornadas los adultos mayores con las patolog\u00edas mencionadas pueden disfrutar de un d\u00eda diferente y compartir vida social con otras personas de su edad, a la vez que son atendidos por un grupo multidisciplinario de profesionales. Mientras tanto, los familiares pueden atender sus propios asuntos.<\/p>\n<p>Por Francisco D&#8217;Agostino<\/p>\n<p>El Day Care se ofrece de lunes a viernes, de 9 de la ma\u00f1ana a 5 de la tarde, e incluye actividades como juegos y otras actividades cognitivas, baile, pintura, m\u00fasica, terapias f\u00edsicas y sesiones con neuropsic\u00f3logos. Estas acciones hacen que el proceso de deterioro sea m\u00e1s lento y llevadero tanto para el adulto mayor como para su familia.<\/p>\n<p><strong>Planes para todos los horarios<\/strong><\/p>\n<p>El servicio de La Ponderosa tiene tres planes de atenci\u00f3n: medio d\u00eda en la ma\u00f1ana o en la tarde, con meriendas, y el d\u00eda entero (incluye el almuerzo).\u00a0 Las comidas son dise\u00f1adas por un equipo de nutricionistas.<\/p>\n<p>El centro tiene capacidad para 25 personas, que son separadas en tres grupos con actividades distintas, dependiendo del nivel de sus patolog\u00edas: inicial, moderado y avanzado. Los adultos mayores son atendidos por neuropsic\u00f3logos, terapistas y cuidadores (como enfermeras y param\u00e9dicos) en una proporci\u00f3n de 3 por cada 4 participantes del Day Care.<\/p>\n<p>Para que las familias opten por este programa pueden solicitar una cita con el personal del Hogar La Ponderosa, donde le realizar\u00e1n una evaluaci\u00f3n cognitiva al adulto mayor. Si es aceptado, se dise\u00f1ar\u00e1n actividades personalizadas para su caso particular.<\/p>\n<p>Se puede obtener m\u00e1s informaci\u00f3n sobre la oferta de servicios del Hogar La Ponderosa a trav\u00e9s de su cuenta de Instagram <a href=\"https:\/\/www.google.com\/url?sa=t&amp;rct=j&amp;q=&amp;esrc=s&amp;source=web&amp;cd=&amp;cad=rja&amp;uact=8&amp;ved=2ahUKEwiWiOOxl776AhUwRzABHaLgBqoQFnoECAcQAQ&amp;url=https%3A%2F%2Fwww.instagram.com%2Fhogarlaponderosa%2F%3Fhl%3Des&amp;usg=AOvVaw3bEINikm9Wn4CSmJC8sN9R\"><strong>@hogarlaponderosa<\/strong><\/a>.<\/p>\n<p>Por Francisco D&#8217;Agostino<\/p>\n","protected":false},"excerpt":{"rendered":"<p>Por Francisco D&#8217;Agostino Un adulto mayor con trastornos cognitivos, como el Alzh\u00e9imer o el Parkinson, puede llegar a no valerse por s\u00ed mismo y necesitar que un familiar est\u00e9 atento la mayor\u00eda del tiempo. Sin embargo, esa atenci\u00f3n constante puede generar estr\u00e9s, malestar y poco tiempo para que el cuidador haga sus propias actividades. Con [&hellip;]<\/p>\n","protected":false},"author":2,"featured_media":13073,"comment_status":"closed","ping_status":"open","sticky":false,"template":"","format":"standard","meta":[],"categories":[93,146,2],"tags":[9110,9712],"wppr_data":{"cwp_meta_box_check":"No"},"_links":{"self":[{"href":"https:\/\/www.notaoficial.com\/s\/wp-json\/wp\/v2\/posts\/13072"}],"collection":[{"href":"https:\/\/www.notaoficial.com\/s\/wp-json\/wp\/v2\/posts"}],"about":[{"href":"https:\/\/www.notaoficial.com\/s\/wp-json\/wp\/v2\/types\/post"}],"author":[{"embeddable":true,"href":"https:\/\/www.notaoficial.com\/s\/wp-json\/wp\/v2\/users\/2"}],"replies":[{"embeddable":true,"href":"https:\/\/www.notaoficial.com\/s\/wp-json\/wp\/v2\/comments?post=13072"}],"version-history":[{"count":1,"href":"https:\/\/www.notaoficial.com\/s\/wp-json\/wp\/v2\/posts\/13072\/revisions"}],"predecessor-version":[{"id":13074,"href":"https:\/\/www.notaoficial.com\/s\/wp-json\/wp\/v2\/posts\/13072\/revisions\/13074"}],"wp:featuredmedia":[{"embeddable":true,"href":"https:\/\/www.notaoficial.com\/s\/wp-json\/wp\/v2\/media\/13073"}],"wp:attachment":[{"href":"https:\/\/www.notaoficial.com\/s\/wp-json\/wp\/v2\/media?parent=13072"}],"wp:term":[{"taxonomy":"category","embeddable":true,"href":"https:\/\/www.notaoficial.com\/s\/wp-json\/wp\/v2\/categories?post=13072"},{"taxonomy":"post_tag","embeddable":true,"href":"https:\/\/www.notaoficial.com\/s\/wp-json\/wp\/v2\/tags?post=13072"}],"curies":[{"name":"wp","href":"https:\/\/api.w.org\/{rel}","templated":true}]}}