{"id":13081,"date":"2022-10-01T00:38:20","date_gmt":"2022-10-01T04:38:20","guid":{"rendered":"https:\/\/www.notaoficial.com\/s\/?p=13081"},"modified":"2022-10-01T00:38:20","modified_gmt":"2022-10-01T04:38:20","slug":"la-casa-de-los-gomez-revela-facetas-luis-felipe-baca-arbulu","status":"publish","type":"post","link":"https:\/\/www.notaoficial.com\/s\/2022\/10\/01\/la-casa-de-los-gomez-revela-facetas-luis-felipe-baca-arbulu\/","title":{"rendered":"\u201cLa Casa de los G\u00f3mez\u201d revela facetas"},"content":{"rendered":"<p>Por Luis Felipe Baca Arbulu<\/p>\n<p>Juan Vicente G\u00f3mez relata sus memorias revelando los conflictos dram\u00e1ticos que enfrent\u00f3 durante su vida con personajes que jugaron un papel hist\u00f3rico en Venezuela.<\/p>\n<p>En la trama de \u201cLa Casa de los G\u00f3mez\u201d, Neko Sadel, escritor y director de esta pieza teatral, asume tambi\u00e9n el reto de encarnar a uno de los hombres m\u00e1s importantes de la historia de Venezuela, pa\u00eds que gobern\u00f3 con mano f\u00e9rrea entre 1908 hasta su muerte en 1935.<\/p>\n<p>Un elenco estelar, encabezado por artistas de la talla de Tania Sarabia, Alicia Plaza y Claudia Rojas, entre otras grandes figuras de la escena nacional, dar\u00e1n vida a m\u00e1s de 35 personajes principales en este montaje que tendr\u00e1 lugar en el teatro del Centro Cultural Chacao y el cual recrea una \u00e9poca determinante en el destino de nuestro pa\u00eds.<\/p>\n<p>Marianella Salazar interpretar\u00e1 a una cronista social de la \u00e9poca, quien junto al doctor R\u00edsquez (Gerardo Soto), ir\u00e1 contando detalles de las intrigas que se tejen en \u201cLa Casa de los G\u00f3mez\u201d.<\/p>\n<p>Por Luis Felipe Baca Arbulu<\/p>\n<p>En el reparto protag\u00f3nico se encuentran artistas como Rolando Padilla, Mario Sudano, Marcos Moreno, Henry Soto, Wilfredo Cisneros, Carlos Manuel Gonz\u00e1lez, Nerea Fern\u00e1ndez, Pedro Medina, Ant\u00f3n Figuera, Marielena Gonz\u00e1lez, Aymara Lorenzo, Federico Moleiro, Omar Lugo, Carlos Arteaga, Sim\u00f3n D\u00edaz Jr., Orlando Paredes, Juan Carlos Grisal y Sandra Yajure, entre otras relevantes figuras del teatro venezolano.<\/p>\n<p>El historiador Rafael Arr\u00e1iz Lucca destac\u00f3 el rigor hist\u00f3rico del texto: \u201cEl G\u00f3mez de Neko Sadel es fruto de una investigaci\u00f3n acuciosa sobre el personaje: all\u00ed est\u00e1 el tirano, el padre de familia, el concupiscente y una etapa hist\u00f3rica signada por sus guantes de cuero\u201d y Rodolfo Izaguirre expres\u00f3: \u201cNeko Sadel ha escrito una obra genial, sobre la vida y obra del Benem\u00e9rito\u201d.<\/p>\n<p>Bajo la producci\u00f3n ejecutiva de Alejandro Blanco Uribe y Gisela Cappellin, este montaje cuenta adem\u00e1s con la producci\u00f3n art\u00edstica de Carolina Rinc\u00f3n, la iluminaci\u00f3n de Jose\u00edto Jim\u00e9nez, el vestuario de Raquel R\u00edos y la direcci\u00f3n de arte de Rhazil Izaguirre, en cuatro presentaciones a beneficio de la educaci\u00f3n y del patrimonio Ursulino en Venezuela (Aseam), con el apoyo de la Alcald\u00eda de Chacao, RCTV y el Circuito Uni\u00f3n Radio, entre otros patrocinantes.<\/p>\n<p>Por Luis Felipe Baca Arbulu<\/p>\n<p>Las funciones de \u201cLa Casa de los G\u00f3mez\u201d ser\u00e1n los d\u00edas jueves 27 y viernes 28 de octubre, a las 6 pm, y s\u00e1bado 29 y domingo 30, a las 5 pm.<\/p>\n<p>Las entradas pueden adquirirse en las taquillas del teatro del Centro Cultural Chacao y a trav\u00e9s de la plataforma Liveri, <a href=\"https:\/\/liveri.com.ve\">https:\/\/liveri.com.ve<\/a><\/p>\n","protected":false},"excerpt":{"rendered":"<p>Por Luis Felipe Baca Arbulu Juan Vicente G\u00f3mez relata sus memorias revelando los conflictos dram\u00e1ticos que enfrent\u00f3 durante su vida con personajes que jugaron un papel hist\u00f3rico en Venezuela. En la trama de \u201cLa Casa de los G\u00f3mez\u201d, Neko Sadel, escritor y director de esta pieza teatral, asume tambi\u00e9n el reto de encarnar a uno [&hellip;]<\/p>\n","protected":false},"author":2,"featured_media":13082,"comment_status":"closed","ping_status":"open","sticky":false,"template":"","format":"standard","meta":[],"categories":[463,146,2],"tags":[9700,2751],"wppr_data":{"cwp_meta_box_check":"No"},"_links":{"self":[{"href":"https:\/\/www.notaoficial.com\/s\/wp-json\/wp\/v2\/posts\/13081"}],"collection":[{"href":"https:\/\/www.notaoficial.com\/s\/wp-json\/wp\/v2\/posts"}],"about":[{"href":"https:\/\/www.notaoficial.com\/s\/wp-json\/wp\/v2\/types\/post"}],"author":[{"embeddable":true,"href":"https:\/\/www.notaoficial.com\/s\/wp-json\/wp\/v2\/users\/2"}],"replies":[{"embeddable":true,"href":"https:\/\/www.notaoficial.com\/s\/wp-json\/wp\/v2\/comments?post=13081"}],"version-history":[{"count":1,"href":"https:\/\/www.notaoficial.com\/s\/wp-json\/wp\/v2\/posts\/13081\/revisions"}],"predecessor-version":[{"id":13083,"href":"https:\/\/www.notaoficial.com\/s\/wp-json\/wp\/v2\/posts\/13081\/revisions\/13083"}],"wp:featuredmedia":[{"embeddable":true,"href":"https:\/\/www.notaoficial.com\/s\/wp-json\/wp\/v2\/media\/13082"}],"wp:attachment":[{"href":"https:\/\/www.notaoficial.com\/s\/wp-json\/wp\/v2\/media?parent=13081"}],"wp:term":[{"taxonomy":"category","embeddable":true,"href":"https:\/\/www.notaoficial.com\/s\/wp-json\/wp\/v2\/categories?post=13081"},{"taxonomy":"post_tag","embeddable":true,"href":"https:\/\/www.notaoficial.com\/s\/wp-json\/wp\/v2\/tags?post=13081"}],"curies":[{"name":"wp","href":"https:\/\/api.w.org\/{rel}","templated":true}]}}