{"id":13162,"date":"2022-10-05T23:34:01","date_gmt":"2022-10-06T03:34:01","guid":{"rendered":"https:\/\/www.notaoficial.com\/s\/?p=13162"},"modified":"2022-10-05T23:34:01","modified_gmt":"2022-10-06T03:34:01","slug":"savoy-se-une-a-las-tendencias-flavio-borquez-tarff","status":"publish","type":"post","link":"https:\/\/www.notaoficial.com\/s\/2022\/10\/05\/savoy-se-une-a-las-tendencias-flavio-borquez-tarff\/","title":{"rendered":"SAVOY\u00ae se une a las tendencias"},"content":{"rendered":"<p>Por Flavio Borquez Tarff<\/p>\n<p>Nestl\u00e9 Venezuela, marca emblem\u00e1tica con m\u00e1s de 80 a\u00f1os de trayectoria y tradici\u00f3n en el pa\u00eds, lanz\u00f3 al mercado una nueva edici\u00f3n de <strong>Carr\u00e9<\/strong>\u00ae, caracterizada por un chocolate oscuro 40% cacao, m\u00e1s premium, cremoso y refinado, combinado con exquisitos trozos de caramelo, convirti\u00e9ndolo en una experiencia sensorial extraordinaria para los paladares m\u00e1s sofisticados.<\/p>\n<p>En esta oportunidad, la marca apost\u00f3 por uno de los sabores en tendencia para este 2022: <strong>el caramelo<\/strong> que, seg\u00fan encuestas, es uno de los ingredientes favoritos de todas las generaciones por varios motivos. El primero de ellos, es que se asocia con la indulgencia y satisface a todos los golosos, tambi\u00e9n puede ayudar a agregar multisensorialidad, desde texturas suaves hasta pegajosas y crujientes. El caramelo, adem\u00e1s ofrece un atractivo premium gracias a su perfil de sabor sofisticado que, en el caso de Carr\u00e9\u00ae est\u00e1 combinado con algunas notas saladas, siendo a\u00fan m\u00e1s atractivo para los Millennials, quienes declaran disfrutar este tipo de combinaciones.<\/p>\n<p>Por Flavio Borquez Tarff<\/p>\n<p>\u201cEstamos muy contentos con esta edici\u00f3n limitada <strong>Carr\u00e9<\/strong>\u00ae Caramelo, es un producto elaborado con el mejor cacao venezolano y viene a complementar nuestro portafolio de chocolates de nuestra querida marca <strong>SAVOY<\/strong>\u00ae. La invitaci\u00f3n es a buscarlo desde ya en todos los puntos de venta a nivel nacional y en la p\u00e1gina web de Tu Tienda Nestl\u00e9\u201d, destac\u00f3 Andr\u00e9s Alegrett, VP de Confites de Nestl\u00e9 Venezuela.<\/p>\n<p><strong>Carr\u00e9<\/strong>\u00ae <strong>Caramelo<\/strong>, se produce en la f\u00e1brica de <strong>SAVOY<\/strong>\u00ae ubicada en Santa Cruz, estado Aragua, con cacao 100% nacional, gracias al trabajo de acompa\u00f1amiento y asesor\u00eda que realiza la empresa con productores locales, a trav\u00e9s del <strong>Plan Cacao Nestl\u00e9<\/strong>, que forma parte del programa de <strong>Creaci\u00f3n de Valor Compartido<\/strong>, pilar fundamental y filosof\u00eda de <strong>Nestl\u00e9<\/strong>.<\/p>\n<p>Para conocer m\u00e1s sobre este lanzamiento, visita su perfil de Instagram: <strong><a href=\"https:\/\/www.instagram.com\/savoynestle\/\">@savoynestle<\/a><\/strong>.<\/p>\n<p>Por Flavio Borquez Tarff<\/p>\n","protected":false},"excerpt":{"rendered":"<p>Por Flavio Borquez Tarff Nestl\u00e9 Venezuela, marca emblem\u00e1tica con m\u00e1s de 80 a\u00f1os de trayectoria y tradici\u00f3n en el pa\u00eds, lanz\u00f3 al mercado una nueva edici\u00f3n de Carr\u00e9\u00ae, caracterizada por un chocolate oscuro 40% cacao, m\u00e1s premium, cremoso y refinado, combinado con exquisitos trozos de caramelo, convirti\u00e9ndolo en una experiencia sensorial extraordinaria para los paladares [&hellip;]<\/p>\n","protected":false},"author":2,"featured_media":13163,"comment_status":"closed","ping_status":"open","sticky":false,"template":"","format":"standard","meta":[],"categories":[93,146,2],"tags":[9698,1241],"wppr_data":{"cwp_meta_box_check":"No"},"_links":{"self":[{"href":"https:\/\/www.notaoficial.com\/s\/wp-json\/wp\/v2\/posts\/13162"}],"collection":[{"href":"https:\/\/www.notaoficial.com\/s\/wp-json\/wp\/v2\/posts"}],"about":[{"href":"https:\/\/www.notaoficial.com\/s\/wp-json\/wp\/v2\/types\/post"}],"author":[{"embeddable":true,"href":"https:\/\/www.notaoficial.com\/s\/wp-json\/wp\/v2\/users\/2"}],"replies":[{"embeddable":true,"href":"https:\/\/www.notaoficial.com\/s\/wp-json\/wp\/v2\/comments?post=13162"}],"version-history":[{"count":1,"href":"https:\/\/www.notaoficial.com\/s\/wp-json\/wp\/v2\/posts\/13162\/revisions"}],"predecessor-version":[{"id":13164,"href":"https:\/\/www.notaoficial.com\/s\/wp-json\/wp\/v2\/posts\/13162\/revisions\/13164"}],"wp:featuredmedia":[{"embeddable":true,"href":"https:\/\/www.notaoficial.com\/s\/wp-json\/wp\/v2\/media\/13163"}],"wp:attachment":[{"href":"https:\/\/www.notaoficial.com\/s\/wp-json\/wp\/v2\/media?parent=13162"}],"wp:term":[{"taxonomy":"category","embeddable":true,"href":"https:\/\/www.notaoficial.com\/s\/wp-json\/wp\/v2\/categories?post=13162"},{"taxonomy":"post_tag","embeddable":true,"href":"https:\/\/www.notaoficial.com\/s\/wp-json\/wp\/v2\/tags?post=13162"}],"curies":[{"name":"wp","href":"https:\/\/api.w.org\/{rel}","templated":true}]}}