{"id":13168,"date":"2022-10-05T23:48:57","date_gmt":"2022-10-06T03:48:57","guid":{"rendered":"https:\/\/www.notaoficial.com\/s\/?p=13168"},"modified":"2022-10-05T23:48:57","modified_gmt":"2022-10-06T03:48:57","slug":"la-distopia-imaginada-por-guiu-cortes-ya-disponible","status":"publish","type":"post","link":"https:\/\/www.notaoficial.com\/s\/2022\/10\/05\/la-distopia-imaginada-por-guiu-cortes-ya-disponible\/","title":{"rendered":"La distop\u00eda imaginada por Guiu Cort\u00e9s ya disponible"},"content":{"rendered":"<p>Guiu Cort\u00e9s (Barcelona, 1982), m\u00e1s conocido por ser el cantante de la banda de rock nacional El Ni\u00f1o de la Hipoteca, debuta en el terreno literario con &#8216;El diario de los incurables&#8217;.<\/p>\n<p>La novela, ya disponible en tiendas y en libro electr\u00f3nico, se publica directamente con la segunda edici\u00f3n debido a la buena acogida de la preventa. Guiu se adentra en una nueva aventura que nada tiene que ver con la m\u00fasica con este libro de 288 p\u00e1ginas autoeditado por NDLH Books y que muestra, a partir de un acontecimiento inesperado, un mundo dist\u00f3pico con un estilo de novela negra y ficci\u00f3n moderna y contempor\u00e1nea .<\/p>\n<p>La preventa est\u00e1 disponible en <a href=\"https:\/\/granconvoy.acmbtrc.com\/url\/ver\/331519793\/1849697\/ec2faa98709fbc1680d2b06bfe7e3620\" target=\"_blank\" rel=\"noopener\" data-saferedirecturl=\"https:\/\/www.google.com\/url?q=https:\/\/granconvoy.acmbtrc.com\/url\/ver\/331519793\/1849697\/ec2faa98709fbc1680d2b06bfe7e3620&amp;source=gmail&amp;ust=1665114250423000&amp;usg=AOvVaw0hpPJkQVh7Hc1LiTcuAgXm\">www.ndlhrecords.com.es\/tienda<\/a>.<wbr \/><\/p>\n<p><strong>&#8216;El diario de los incurables&#8217;<\/strong><\/p>\n<p>La historia arranca en la sede andaluza de la Asociaci\u00f3n Espa\u00f1ola de Enfermedades Raras, donde est\u00e1n m\u00e1s desbordados que nunca. No todos los d\u00edas reciben la visita de uno de los magnates m\u00e1s ricos del pa\u00eds, dispuesto a donar miles de euros por la causa. Ernesto y Delf\u00edn, dos habituales de la asociaci\u00f3n no lo ven con buenos ojos, de hecho, todo lo contrario, les molesta ese circo. Tanta es la rabia que les provoca, que plantean pegarle un guantazo cuando nadie se lo espere, pero ese guantazo, como si del aleteo de una mariposa se tratase, acabar\u00e1 sinti\u00e9ndose al otro lado del mundo.<\/p>\n<p><strong>El autor: Guiu Cort\u00e9s<\/strong><\/p>\n<p>Guiu Cort\u00e9s es vocalista de la banda de rock El Ni\u00f1o de la Hipoteca que cuenta con m\u00e1s de 120.000 seguidores en YouTube y con la que suma una trayectoria de m\u00e1s de veinte a\u00f1os. Tambi\u00e9n en 2020 sorprend\u00eda con su faceta en solitario bajo su mismo nombre, Guiu Cort\u00e9s, para dar salida a canciones con un estilo m\u00e1s \u00edntimo y sonido ac\u00fastico. Ahora, se lanza al mundo literario con esta primera novela que augura un buen futuro al haber alcanzado la segunda edici\u00f3n gracias a la acogida de la comunidad de seguidores del autor antes de su publicaci\u00f3n<\/p>\n<p><strong>Gira presentaci\u00f3n<\/strong><\/p>\n<p>En los pr\u00f3ximos d\u00edas, Guiu Cort\u00e9s, se embarcar\u00e1 en una gira de presentaci\u00f3n de la novela que incluir\u00e1 coloquio con el p\u00fablico y un peque\u00f1o ac\u00fastico. Las fechas confirmadas de momento son:<\/p>\n<p>14 octubre &#8211; Murcia &#8211; Caf\u00e9 de Alba (doble pase)<\/p>\n<p>15 octubre &#8211; Cartagena &#8211; Patio del Antiguo CIM<\/p>\n<p>19 octubre &#8211; Ourense &#8211; Caf\u00e9 Auriense<\/p>\n<p>20 octubre- Vigo &#8211; La F\u00e1brica de Chocolate<\/p>\n<p>21 octubre &#8211; Ourense<\/p>\n<p>22 octubre &#8211; Ferrol &#8211; Le Room<\/p>\n<p>27 octubre &#8211; Barcelona &#8211; El Medi<\/p>\n<p>11 noviembre &#8211; M\u00e1laga &#8211; La Cochera Cabaret<\/p>\n<p>12 noviembre &#8211; Sevilla &#8211; Fun Club<\/p>\n<p>13 noviembre &#8211; Granada &#8211; Taberna JJ<\/p>\n<p>26 noviembre &#8211; Sant Joan d&#8217;Alacant &#8211; Sala Euterpe<\/p>\n<p>27 noviembre &#8211; Valencia &#8211; Kaf Caf\u00e9<\/p>\n<p>&nbsp;<\/p>\n<p>Toda la informaci\u00f3n actualizada, en <a href=\"https:\/\/granconvoy.acmbtrc.com\/url\/ver\/331519794\/1849697\/ec2faa98709fbc1680d2b06bfe7e3620\" target=\"_blank\" rel=\"noopener\" data-saferedirecturl=\"https:\/\/www.google.com\/url?q=https:\/\/granconvoy.acmbtrc.com\/url\/ver\/331519794\/1849697\/ec2faa98709fbc1680d2b06bfe7e3620&amp;source=gmail&amp;ust=1665114250423000&amp;usg=AOvVaw0eDUNjc2wBIRXdwW1_zP1b\">www.ndlhrecords.com.es<\/a>.<\/p>\n","protected":false},"excerpt":{"rendered":"<p>Guiu Cort\u00e9s (Barcelona, 1982), m\u00e1s conocido por ser el cantante de la banda de rock nacional El Ni\u00f1o de la Hipoteca, debuta en el terreno literario con &#8216;El diario de los incurables&#8217;. La novela, ya disponible en tiendas y en libro electr\u00f3nico, se publica directamente con la segunda edici\u00f3n debido a la buena acogida de [&hellip;]<\/p>\n","protected":false},"author":2,"featured_media":13169,"comment_status":"closed","ping_status":"open","sticky":false,"template":"","format":"standard","meta":[],"categories":[463,146,2],"tags":[1176,381,2751],"wppr_data":{"cwp_meta_box_check":"No"},"_links":{"self":[{"href":"https:\/\/www.notaoficial.com\/s\/wp-json\/wp\/v2\/posts\/13168"}],"collection":[{"href":"https:\/\/www.notaoficial.com\/s\/wp-json\/wp\/v2\/posts"}],"about":[{"href":"https:\/\/www.notaoficial.com\/s\/wp-json\/wp\/v2\/types\/post"}],"author":[{"embeddable":true,"href":"https:\/\/www.notaoficial.com\/s\/wp-json\/wp\/v2\/users\/2"}],"replies":[{"embeddable":true,"href":"https:\/\/www.notaoficial.com\/s\/wp-json\/wp\/v2\/comments?post=13168"}],"version-history":[{"count":1,"href":"https:\/\/www.notaoficial.com\/s\/wp-json\/wp\/v2\/posts\/13168\/revisions"}],"predecessor-version":[{"id":13170,"href":"https:\/\/www.notaoficial.com\/s\/wp-json\/wp\/v2\/posts\/13168\/revisions\/13170"}],"wp:featuredmedia":[{"embeddable":true,"href":"https:\/\/www.notaoficial.com\/s\/wp-json\/wp\/v2\/media\/13169"}],"wp:attachment":[{"href":"https:\/\/www.notaoficial.com\/s\/wp-json\/wp\/v2\/media?parent=13168"}],"wp:term":[{"taxonomy":"category","embeddable":true,"href":"https:\/\/www.notaoficial.com\/s\/wp-json\/wp\/v2\/categories?post=13168"},{"taxonomy":"post_tag","embeddable":true,"href":"https:\/\/www.notaoficial.com\/s\/wp-json\/wp\/v2\/tags?post=13168"}],"curies":[{"name":"wp","href":"https:\/\/api.w.org\/{rel}","templated":true}]}}