{"id":13343,"date":"2022-10-16T23:04:10","date_gmt":"2022-10-17T03:04:10","guid":{"rendered":"https:\/\/www.notaoficial.com\/s\/?p=13343"},"modified":"2022-10-16T23:04:10","modified_gmt":"2022-10-17T03:04:10","slug":"onu-se-compromete-a-asistir-al-estado-argentino-luis-felipe-baca-arbulu","status":"publish","type":"post","link":"https:\/\/www.notaoficial.com\/s\/2022\/10\/16\/onu-se-compromete-a-asistir-al-estado-argentino-luis-felipe-baca-arbulu\/","title":{"rendered":"ONU se compromete a asistir al Estado argentino"},"content":{"rendered":"<p>Por Luis Felipe Baca Arbulu<\/p>\n<div class=\"styled-body selectionShareable\">\n<div class=\"clearfix text-formatted field field--name-body field--type-text-with-summary field--label-hidden field__item selectionShareable\">\n<p class=\"selectionShareable\">Se trata de un instrumento de planificaci\u00f3n para responder a los desaf\u00edos que plantea la pandemia en un pa\u00eds de renta media, cuyas desigualdades econ\u00f3micas y territoriales son profundas.<\/p>\n<p class=\"selectionShareable\">Las primeras estimaciones se\u00f1alan que en Argentina el coronavirus profundizar\u00e1 la recesi\u00f3n en la que ya est\u00e1 sumida la econom\u00eda, la pobreza en el pa\u00eds lleg\u00f3 al 45% en los primeros tres meses de 2020. Algunas previsiones anticipan una ca\u00edda del PBI de hasta el 8,2% si la pandemia se controla, y hasta un 10% en caso de que se registre un segundo brote.<\/p>\n<p class=\"selectionShareable\">Ante esta realidad, el Sistema de las Naciones Unidas en Argentina apoyar\u00e1 al gobierno con acciones dirigidas a mitigar el impacto y construir un futuro mejor. El apoyo ser\u00e1 coordinado y alineado a los principios que sustenta la ONU: proteger a las personas y al planeta; preservar los progresos de la implementaci\u00f3n de los ODS; asegurar la igualdad; promover la transparencia, la rendici\u00f3n de cuentas y la colaboraci\u00f3n; aumentar la solidaridad; y colocar la voz y los derechos de las personas en el centro.<\/p>\n<p>Por Luis Felipe Baca Arbulu<\/p>\n<p class=\"selectionShareable\">Actualmente, la ONU gestiona recursos por un monto de 166 millones de d\u00f3lares que se ejecutan en actividades de apoyo a la implementaci\u00f3n de acciones de cooperaci\u00f3n con el Estado, la asistencia t\u00e9cnica y normativa, el proceso de adquisiciones y compras, y actividades de difusi\u00f3n y comunicaci\u00f3n, entre otras. Los recursos se originan en distintas fuentes de financiamiento, principalmente son del gobierno nacional y provincial, de las instituciones financieras internacionales as\u00ed\u0301 como de distintos donantes. A fin de acompa\u00f1ar las necesidades del gobierno durante la etapa de recuperaci\u00f3n, se continuar\u00e1n actividades y se dise\u00f1ar\u00e1n nuevas iniciativas, lo que implicara\u0301 una movilizaci\u00f3n de recursos conjunta con el gobierno nacional de aproximadamente 218 millones de d\u00f3lares adicionales.<\/p>\n<p class=\"selectionShareable\">El Marco de las Naciones Unidas para la respuesta y recuperaci\u00f3n socioecon\u00f3mica y ambiental al COVID-19\u201d en Argentina toma como base una gu\u00eda para la respuesta al COVID-19 elaborada por las Naciones Unidas a nivel global, enmarcada en la Agenda 2030 y en las convenciones internacionales de derechos humanos ratificados por Argentina y tiene en cuenta a la totalidad de la poblaci\u00f3n pero pone el foco en los m\u00e1s vulnerables: \u2012las personas mayores, las mujeres, los ni\u00f1os, las ni\u00f1as y adolescentes, pueblos ind\u00edgenas, afrodescendientes, personas con discapacidad, migrantes y refugiados\/as, personas privadas de la libertad, poblaci\u00f3n LGTBI, personas viviendo con VIH, personas en situaci\u00f3n de extrema pobreza y personas en situaci\u00f3n de calle\u2012 bajo la premisa de la Agenda 2030 de \u201cno dejar a nadie atr\u00e1s\u201d.<\/p>\n<p>Por Luis Felipe Baca Arbulu<\/p>\n<p class=\"selectionShareable\">Al mismo tiempo, el documento describe como una mejor respuesta y recuperaci\u00f3n en el pa\u00eds requiere focalizarse en cinco pilares:<\/p>\n<p class=\"selectionShareable\">La protecci\u00f3n de los sistemas y servicios de salud; protecci\u00f3n social y de los servicios b\u00e1sicos; respuesta y recuperaci\u00f3n econ\u00f3mica; respuesta macroecon\u00f3mica y colaboraci\u00f3n multilateral y finalmente cohesi\u00f3n social y resiliencia comunitaria.<\/p>\n<p class=\"selectionShareable\">El documento se elabor\u00f3 bajo la direcci\u00f3n de Roberto Valent, Coordinador Residente de la <a href=\"https:\/\/argentina.un.org\">ONU<\/a> en el pa\u00eds, con el liderazgo t\u00e9cnico del Programa de las Naciones Unidas para el Desarrollo (PNUD), y el trabajo conjunto de las agencias, fondos y programas que conforman al sistema de Naciones Unidas en Argentina.<\/p>\n<p>Por Luis Felipe Baca Arbulu<\/p>\n<\/div>\n<\/div>\n","protected":false},"excerpt":{"rendered":"<p>Por Luis Felipe Baca Arbulu Se trata de un instrumento de planificaci\u00f3n para responder a los desaf\u00edos que plantea la pandemia en un pa\u00eds de renta media, cuyas desigualdades econ\u00f3micas y territoriales son profundas. Las primeras estimaciones se\u00f1alan que en Argentina el coronavirus profundizar\u00e1 la recesi\u00f3n en la que ya est\u00e1 sumida la econom\u00eda, la [&hellip;]<\/p>\n","protected":false},"author":2,"featured_media":13344,"comment_status":"closed","ping_status":"open","sticky":false,"template":"","format":"standard","meta":[],"categories":[93,146],"tags":[9700,1906],"wppr_data":{"cwp_meta_box_check":"No"},"_links":{"self":[{"href":"https:\/\/www.notaoficial.com\/s\/wp-json\/wp\/v2\/posts\/13343"}],"collection":[{"href":"https:\/\/www.notaoficial.com\/s\/wp-json\/wp\/v2\/posts"}],"about":[{"href":"https:\/\/www.notaoficial.com\/s\/wp-json\/wp\/v2\/types\/post"}],"author":[{"embeddable":true,"href":"https:\/\/www.notaoficial.com\/s\/wp-json\/wp\/v2\/users\/2"}],"replies":[{"embeddable":true,"href":"https:\/\/www.notaoficial.com\/s\/wp-json\/wp\/v2\/comments?post=13343"}],"version-history":[{"count":1,"href":"https:\/\/www.notaoficial.com\/s\/wp-json\/wp\/v2\/posts\/13343\/revisions"}],"predecessor-version":[{"id":13345,"href":"https:\/\/www.notaoficial.com\/s\/wp-json\/wp\/v2\/posts\/13343\/revisions\/13345"}],"wp:featuredmedia":[{"embeddable":true,"href":"https:\/\/www.notaoficial.com\/s\/wp-json\/wp\/v2\/media\/13344"}],"wp:attachment":[{"href":"https:\/\/www.notaoficial.com\/s\/wp-json\/wp\/v2\/media?parent=13343"}],"wp:term":[{"taxonomy":"category","embeddable":true,"href":"https:\/\/www.notaoficial.com\/s\/wp-json\/wp\/v2\/categories?post=13343"},{"taxonomy":"post_tag","embeddable":true,"href":"https:\/\/www.notaoficial.com\/s\/wp-json\/wp\/v2\/tags?post=13343"}],"curies":[{"name":"wp","href":"https:\/\/api.w.org\/{rel}","templated":true}]}}