{"id":13363,"date":"2022-10-18T01:12:39","date_gmt":"2022-10-18T05:12:39","guid":{"rendered":"https:\/\/www.notaoficial.com\/s\/?p=13363"},"modified":"2022-10-18T01:12:39","modified_gmt":"2022-10-18T05:12:39","slug":"la-gan-y-la-fundacion-odalys-homenajean-al-coleccionismo","status":"publish","type":"post","link":"https:\/\/www.notaoficial.com\/s\/2022\/10\/18\/la-gan-y-la-fundacion-odalys-homenajean-al-coleccionismo\/","title":{"rendered":"La GAN y la Fundaci\u00f3n Odalys homenajean al coleccionismo"},"content":{"rendered":"<p><span>Odalys S\u00e1nchez, directora de la Fundaci\u00f3n Odalys, est\u00e1 convencida de la necesidad de tender puentes entre las dos partes en las que Venezuela ha estado demasiado tiempo escindida. Es por ello que ha puesto todo su empe\u00f1o en llevar a la Galer\u00eda de Arte Nacional la exposici\u00f3n\u00a0<strong><em>El valor de coleccionar. Clasicismos y modernismos del arte venezolano<\/em><\/strong>, integrada por 160 obras provenientes de colecciones privadas que a partir de este s\u00e1bado 29 de julio, a las 12:00 pm, ofrecer\u00e1 al p\u00fablico la posibilidad de acceder a una parte de la historia del arte en el pa\u00eds.<\/span><\/p>\n<p><span>\u201cEsta es una iniciativa, dice S\u00e1nchez, que busca crear puntos de encuentro, que regresemos todos, de una manera armoniosa, a un espacio que nos pertenece a todos, y del cual todos tenemos una responsabilidad. El no conocimiento del otro hace que las cosas se hagan mayores y se creen mitos y fantas\u00edas. La mejor forma de saber c\u00f3mo funciona el otro es estando cerca de \u00e9l\u201d.<\/span><\/p>\n<p><span>Con esta exposici\u00f3n, adem\u00e1s, se reconoce la importancia del coleccionismo en la preservaci\u00f3n del patrimonio art\u00edstico nacional e internacional. Y as\u00ed lo escribe la curadora e investigadora Mar\u00eda Luz C\u00e1rdenas en el texto de sala de la muestra:<\/span><\/p>\n<p><span>\u201cUna<\/span>\u00a0<span>colecci\u00f3n no es una cantidad determinada de obras aisladas, sino un sistema de<\/span>\u00a0<span>relaciones donde cada una tiene sus propias valencias; son procesos complejos y en<\/span>\u00a0<span>permanente<\/span>\u00a0<span>crecimiento,<\/span>\u00a0<span>no<\/span>\u00a0<span><wbr \/>solo<\/span>\u00a0<span>porque<\/span>\u00a0<span>se<\/span>\u00a0<span>enriquece<\/span>\u00a0<span>con<\/span>\u00a0<span>e<wbr \/>l<\/span>\u00a0<span>ingreso<\/span>\u00a0<span>de<\/span>\u00a0<span>nuevos elementos,<\/span>\u00a0<span>sino<\/span>\u00a0<span>por<\/span>\u00a0<span>las<\/span>\u00a0<span>inagot<wbr \/>ables<\/span>\u00a0<span>y<\/span>\u00a0<span>numerosas<\/span>\u00a0<span>lecturas<\/span>\u00a0<span>que<\/span><wbr \/>\u00a0<span>pueden<\/span>\u00a0<span>ser<\/span>\u00a0<span>establecidas<\/span>\u00a0<span>a partir<\/span>\u00a0<span>de<\/span>\u00a0<span>las<\/span>\u00a0<span>relaciones<\/span>\u00a0<span>entre<\/span><wbr \/>\u00a0<span>sus<\/span>\u00a0<span>obras\u201d.<\/span><\/p>\n<p><span>Importantes piezas de artistas de la talla de Crist\u00f3bal Rojas, Antonio Herrera Toro, Manuel Quintana Castillo, Francisco Narv\u00e1ez o Armando Barrios, entre los m\u00e1s de cien representados en la muestra, dan cuenta del papel del coleccionismo como uno de los pilares de las artes visuales, \u201carticula<\/span>\u00a0<span>el<\/span>\u00a0<span>espacio<\/span>\u00a0<span>econ\u00f3mico<\/span><wbr \/>\u00a0<span>al<\/span>\u00a0<span>espacio<\/span>\u00a0<span>cultural;<\/span>\u00a0<span>asume<\/span>\u00a0<span>un<\/span><wbr \/>\u00a0<span>conjunto<\/span>\u00a0<span>de<\/span>\u00a0<span>responsabilidades<\/span><wbr \/>\u00a0<span>del<\/span>\u00a0<span>mundo<\/span>\u00a0<span>y<\/span>\u00a0<span>el<\/span>\u00a0<span>mercado<\/span>\u00a0<span>del<\/span>\u00a0<span>ar<wbr \/>te:<\/span>\u00a0<span>la<\/span>\u00a0<span>conservaci\u00f3n,<\/span>\u00a0<span>el<\/span>\u00a0<span>enriqu<wbr \/>ecimiento<\/span>\u00a0<span>patrimonial,<\/span>\u00a0<span>la<\/span>\u00a0<span>jera<wbr \/>rquizaci\u00f3n<\/span>\u00a0<span>de<\/span>\u00a0<span>valores<\/span>\u00a0<span>est\u00e9tico<wbr \/>s,<\/span>\u00a0<span>as\u00ed<\/span>\u00a0<span>como<\/span>\u00a0<span>la<\/span>\u00a0<span>promoci\u00f3n y reconocimiento de los creadores: \u00bfcu\u00e1l hubiera sido el fin para muchas<\/span>\u00a0<span>obras<\/span>\u00a0<span>de<\/span>\u00a0<span>arte,<\/span>\u00a0<span>sin<\/span>\u00a0<span>la<\/span>\u00a0<span>e<wbr \/>xistencia<\/span>\u00a0<span>de<\/span>\u00a0<span>los<\/span>\u00a0<span>coleccionista<wbr \/>s?\u201d, reflexiona C\u00e1rdenas.<\/span><\/p>\n<p><em><span>El valor de coleccionar. Clasicismos y modernismos del arte venezolano<\/span><\/em><span>\u00a0es, pues, una exposici\u00f3n de coleccionistas dirigida al p\u00fablico en general. \u201cEsto puede tener un gran inter\u00e9s en las personas porque significa poder apreciar un conjunto de obras singulares que frecuentemente no se pueden ver en los museos porque pertenecen a privados. Pero tambi\u00e9n es una gu\u00eda de coleccionismo. Para uno es muy importante ver lo que otros han pensado y c\u00f3mo llevan sus colecciones. Eso estimula a que sigan coleccionando y a que creen formas de discursos dentro de sus propias colecciones, y a valorar aquellas piezas que aunque comercialmente no tengan un alto valor, tienen un valor hist\u00f3rico, documental que lleve a seguir buscando, investigando, estudiando\u2026\u201d, concluye Odalys S\u00e1nchez.<\/span><\/p>\n<p><span>La exposici\u00f3n estar\u00e1 abierta desde el s\u00e1bado 9 de julio hasta el 30 de septiembre en la Galer\u00eda de Arte Nacional, ubicada en la avenida M\u00e9xico, frente a Puente Bri\u00f3n, La Candelaria, Caracas, en horario de martes a viernes, de 9:00 am a 5:00 pm; s\u00e1bados, domingos y feriados, de 10:00 am a 5:00 pm.<\/span><\/p>\n","protected":false},"excerpt":{"rendered":"<p>Odalys S\u00e1nchez, directora de la Fundaci\u00f3n Odalys, est\u00e1 convencida de la necesidad de tender puentes entre las dos partes en las que Venezuela ha estado demasiado tiempo escindida. Es por ello que ha puesto todo su empe\u00f1o en llevar a la Galer\u00eda de Arte Nacional la exposici\u00f3n\u00a0El valor de coleccionar. Clasicismos y modernismos del arte [&hellip;]<\/p>\n","protected":false},"author":2,"featured_media":13364,"comment_status":"closed","ping_status":"open","sticky":false,"template":"","format":"standard","meta":[],"categories":[93,463,146,2],"tags":[1371,49],"wppr_data":{"cwp_meta_box_check":"No"},"_links":{"self":[{"href":"https:\/\/www.notaoficial.com\/s\/wp-json\/wp\/v2\/posts\/13363"}],"collection":[{"href":"https:\/\/www.notaoficial.com\/s\/wp-json\/wp\/v2\/posts"}],"about":[{"href":"https:\/\/www.notaoficial.com\/s\/wp-json\/wp\/v2\/types\/post"}],"author":[{"embeddable":true,"href":"https:\/\/www.notaoficial.com\/s\/wp-json\/wp\/v2\/users\/2"}],"replies":[{"embeddable":true,"href":"https:\/\/www.notaoficial.com\/s\/wp-json\/wp\/v2\/comments?post=13363"}],"version-history":[{"count":1,"href":"https:\/\/www.notaoficial.com\/s\/wp-json\/wp\/v2\/posts\/13363\/revisions"}],"predecessor-version":[{"id":13365,"href":"https:\/\/www.notaoficial.com\/s\/wp-json\/wp\/v2\/posts\/13363\/revisions\/13365"}],"wp:featuredmedia":[{"embeddable":true,"href":"https:\/\/www.notaoficial.com\/s\/wp-json\/wp\/v2\/media\/13364"}],"wp:attachment":[{"href":"https:\/\/www.notaoficial.com\/s\/wp-json\/wp\/v2\/media?parent=13363"}],"wp:term":[{"taxonomy":"category","embeddable":true,"href":"https:\/\/www.notaoficial.com\/s\/wp-json\/wp\/v2\/categories?post=13363"},{"taxonomy":"post_tag","embeddable":true,"href":"https:\/\/www.notaoficial.com\/s\/wp-json\/wp\/v2\/tags?post=13363"}],"curies":[{"name":"wp","href":"https:\/\/api.w.org\/{rel}","templated":true}]}}