{"id":13437,"date":"2022-10-23T01:16:58","date_gmt":"2022-10-23T05:16:58","guid":{"rendered":"https:\/\/www.notaoficial.com\/s\/?p=13437"},"modified":"2022-10-23T01:16:58","modified_gmt":"2022-10-23T05:16:58","slug":"latam-neutralizara-las-emisiones-de-co2-de-vuelos-de-pasajeros-y-carga-en-la-region","status":"publish","type":"post","link":"https:\/\/www.notaoficial.com\/s\/2022\/10\/23\/latam-neutralizara-las-emisiones-de-co2-de-vuelos-de-pasajeros-y-carga-en-la-region\/","title":{"rendered":"LATAM neutralizar\u00e1 las emisiones de CO2 de vuelos de pasajeros y carga en la regi\u00f3n"},"content":{"rendered":"<p>Por Flavio Borquez Tarff<\/p>\n<div class=\"Rte body\" tabindex=\"0\">\n<p>El grupo LATAM anuncia que compensar\u00e1, todos los d\u00edas viernes, las emisiones de las primeras 9 rutas en Chile, Ecuador, Per\u00fa, Brasil y Colombia a trav\u00e9s de su programa \u201cViernes Vuela Neutral\u201d. Con la iniciativa, que forma parte de la estrategia de sostenibilidad del grupo, LATAM apoyar\u00e1 proyectos de conservaci\u00f3n que evitan la deforestaci\u00f3n en ecosistemas estrat\u00e9gicos de la regi\u00f3n a trav\u00e9s de la compensaci\u00f3n de las emisiones generadas en rutas, que incluyen vuelos de pasajeros y carga.<\/p>\n<p>A nivel regional,\u00a0 se compensar\u00e1n rutas emblem\u00e1ticas de pasajeros como: Santiago &#8211; Chilo\u00e9,\u00a0 Gal\u00e1pagos &#8211; Guayaquil, Arequipa &#8211; Cusco, Rio de Janeiro &#8211; S\u00e3o Paulo. En carga, las rutas a compensar ser\u00e1n Iquitos &#8211; Lima, Guayaquil &#8211; Isla Baltra, Bras\u00edlia &#8211; Bel\u00e9m y Bogot\u00e1 &#8211; Miami.\u00a0 Se espera que\u00a0 en\u00a0 los pr\u00f3ximos meses, se incorporen, de manera gradual,\u00a0 nuevas rutas y m\u00e1s proyectos de conservaci\u00f3n en cada pa\u00eds.<\/p>\n<p><i>\u201cEsta iniciativa es una m\u00e1s de las que estamos implementado para ser un grupo carbono neutro al 2050.\u00a0 Viernes Vuela Neutral nos permitir\u00e1 convertir un d\u00eda de la semana en una oportunidad para apoyar proyectos de conservaci\u00f3n de ecosistemas estrat\u00e9gicos en la regi\u00f3n que no solo capturan emisiones, sino que tambi\u00e9n contribuyen a la protecci\u00f3n de la biodiversidad y al desarrollo econ\u00f3mico de las comunidades\u201d,<\/i> dice Juan Jos\u00e9 Toh\u00e1, Director de Asuntos Corporativos y Sostenibilidad de <a href=\"https:\/\/www.latamairlines.com\/ar\/es\">LATAM<\/a>.<\/p>\n<p>Cada tonelada de di\u00f3xido de carbono (CO2) emitida en estas rutas ser\u00e1 compensada y representada con un cr\u00e9dito de carbono, equivalente a una tonelada de CO2 capturada por un proyecto de conservaci\u00f3n. En una primera etapa, la neutralizaci\u00f3n de las rutas se har\u00e1 mediante el proyecto de conservaci\u00f3n de sabanas inundables CO2BIO, ubicado en la Orinoqu\u00eda Colombiana, un ecosistema estrat\u00e9gico de la regi\u00f3n que cuenta con una biodiversidad ic\u00f3nica. La iniciativa permitir\u00e1 conservar 200 mil hect\u00e1reas de sabana inundable, h\u00e1bitat de m\u00e1s de 2 mil especies.<\/p>\n<p>Durante los pr\u00f3ximos meses, el grupo LATAM espera anunciar nuevos proyectos de conservaci\u00f3n en las zonas d\u00f3nde opera y que permitan avanzar en tres \u00e1mbitos: Proteger el patrimonio natural de Sudam\u00e9rica, hacer frente al cambio clim\u00e1tico a trav\u00e9s de una mayor captura de CO2 y contribuir a la calidad de vida de las comunidades locales.<\/p>\n<\/div>\n<p>Por Flavio Borquez Tarff<\/p>\n","protected":false},"excerpt":{"rendered":"<p>Por Flavio Borquez Tarff El grupo LATAM anuncia que compensar\u00e1, todos los d\u00edas viernes, las emisiones de las primeras 9 rutas en Chile, Ecuador, Per\u00fa, Brasil y Colombia a trav\u00e9s de su programa \u201cViernes Vuela Neutral\u201d. Con la iniciativa, que forma parte de la estrategia de sostenibilidad del grupo, LATAM apoyar\u00e1 proyectos de conservaci\u00f3n que [&hellip;]<\/p>\n","protected":false},"author":2,"featured_media":13438,"comment_status":"closed","ping_status":"open","sticky":false,"template":"","format":"standard","meta":[],"categories":[146],"tags":[9903,9698,9889,9494],"wppr_data":{"cwp_meta_box_check":"No"},"_links":{"self":[{"href":"https:\/\/www.notaoficial.com\/s\/wp-json\/wp\/v2\/posts\/13437"}],"collection":[{"href":"https:\/\/www.notaoficial.com\/s\/wp-json\/wp\/v2\/posts"}],"about":[{"href":"https:\/\/www.notaoficial.com\/s\/wp-json\/wp\/v2\/types\/post"}],"author":[{"embeddable":true,"href":"https:\/\/www.notaoficial.com\/s\/wp-json\/wp\/v2\/users\/2"}],"replies":[{"embeddable":true,"href":"https:\/\/www.notaoficial.com\/s\/wp-json\/wp\/v2\/comments?post=13437"}],"version-history":[{"count":1,"href":"https:\/\/www.notaoficial.com\/s\/wp-json\/wp\/v2\/posts\/13437\/revisions"}],"predecessor-version":[{"id":13439,"href":"https:\/\/www.notaoficial.com\/s\/wp-json\/wp\/v2\/posts\/13437\/revisions\/13439"}],"wp:featuredmedia":[{"embeddable":true,"href":"https:\/\/www.notaoficial.com\/s\/wp-json\/wp\/v2\/media\/13438"}],"wp:attachment":[{"href":"https:\/\/www.notaoficial.com\/s\/wp-json\/wp\/v2\/media?parent=13437"}],"wp:term":[{"taxonomy":"category","embeddable":true,"href":"https:\/\/www.notaoficial.com\/s\/wp-json\/wp\/v2\/categories?post=13437"},{"taxonomy":"post_tag","embeddable":true,"href":"https:\/\/www.notaoficial.com\/s\/wp-json\/wp\/v2\/tags?post=13437"}],"curies":[{"name":"wp","href":"https:\/\/api.w.org\/{rel}","templated":true}]}}