{"id":13463,"date":"2022-10-23T14:48:42","date_gmt":"2022-10-23T18:48:42","guid":{"rendered":"https:\/\/www.notaoficial.com\/s\/?p=13463"},"modified":"2022-10-23T14:48:42","modified_gmt":"2022-10-23T18:48:42","slug":"como-seguir-los-debates-de-la-conferencia-intergubernamental","status":"publish","type":"post","link":"https:\/\/www.notaoficial.com\/s\/2022\/10\/23\/como-seguir-los-debates-de-la-conferencia-intergubernamental\/","title":{"rendered":"C\u00f3mo seguir los debates de la conferencia intergubernamental"},"content":{"rendered":"<p>La Comisi\u00f3n Econ\u00f3mica para Am\u00e9rica Latina y el Caribe (CEPAL) realizar\u00e1 del 24 al 26 de octubre su <a href=\"https:\/\/periododesesiones.cepal.org\/39\/es\" data-saferedirecturl=\"https:\/\/www.google.com\/url?q=https:\/\/periododesesiones.cepal.org\/39\/es&amp;source=gmail&amp;ust=1666637184916000&amp;usg=AOvVaw1RkLqo4xYxKEQNha_ZngRV\">trig\u00e9simo noveno per\u00edodo de sesiones<\/a>, la reuni\u00f3n bienal m\u00e1s importante de este organismo regional de las Naciones Unidas, en donde la CEPAL presentar\u00e1 su propuesta de reactivaci\u00f3n con transformaci\u00f3n del modelo de desarrollo en la regi\u00f3n.<\/p>\n<p>El encuentro ser\u00e1 inaugurado el <u>lunes 24 de octubre a las 09:00 a.m. hora de Argentina (GMT-3)<\/u> con la participaci\u00f3n de Alberto Fern\u00e1ndez, Presidente de Argentina, pa\u00eds que pasar\u00e1 a ejercer la presidencia de la CEPAL; Santiago Cafiero, Ministro de Relaciones Exteriores, Comercio Internacional y Culto de la Argentina; Arnoldo Andr\u00e9 Tinoco, Ministro de Relaciones Exteriores y Culto de Costa Rica, en su calidad de presidente saliente del organismo; Jos\u00e9 Manuel Salazar-Xirinachs, Secretario Ejecutivo de la CEPAL; Mercedes Marc\u00f3 del Pont, Secretaria de Asuntos Estrat\u00e9gicos de la Argentina; Claudia Mojica, Coordinadora Residente de las Naciones Unidas en la Argentina, y Ant\u00f3nio Guterres, Secretario General de las Naciones Unidas, quien entregar\u00e1 un mensaje por video.<\/p>\n<p>Durante la reuni\u00f3n, en la que participar\u00e1n representantes de los 46 Estados miembros y 14 miembros asociados de la CEPAL, adem\u00e1s de investigadores, acad\u00e9micos, representantes de la sociedad civil y funcionarios internacionales, la Comisi\u00f3n dar\u00e1 a conocer el documento de posici\u00f3n <strong><em>Hacia la transformaci\u00f3n del modelo de desarrollo en Am\u00e9rica Latina y el Caribe: producci\u00f3n, inclusi\u00f3n y sostenibilidad<\/em><\/strong>, que ser\u00e1 presentado por el Secretario Ejecutivo de la CEPAL, Jos\u00e9 Manuel Salazar-Xirinachs.<\/p>\n<p>Asimismo, se realizar\u00e1 un di\u00e1logo entre cancilleres de Am\u00e9rica Latina y el Caribe, junto a otras altas autoridades de la regi\u00f3n y personalidades pol\u00edticas de fuera de la regi\u00f3n, para reflexionar en torno al contexto regional, la recuperaci\u00f3n econ\u00f3mica y la cooperaci\u00f3n internacional frente a un nuevo multilateralismo.<\/p>\n<p><strong>Sitio web<\/strong><\/p>\n<p>En el <a href=\"https:\/\/periododesesiones.cepal.org\/39\/es\" data-saferedirecturl=\"https:\/\/www.google.com\/url?q=https:\/\/periododesesiones.cepal.org\/39\/es&amp;source=gmail&amp;ust=1666637184916000&amp;usg=AOvVaw1RkLqo4xYxKEQNha_ZngRV\">sitio web<\/a> creado para la ocasi\u00f3n, se puede encontrar informaci\u00f3n general del evento, el programa detallado, documentos de referencia, instrucciones para acceder a interpretaci\u00f3n en espa\u00f1ol, ingl\u00e9s y franc\u00e9s, adem\u00e1s de noticias, un kit de prensa y enlaces a los medios sociales de la CEPAL, entre otros recursos.<\/p>\n<p><strong>Transmisi\u00f3n en vivo<\/strong><\/p>\n<p>Todos los paneles del encuentro ser\u00e1n transmitidos en vivo a trav\u00e9s de las siguientes plataformas:<\/p>\n<ul>\n<li>Sitio web de la CEPAL <a href=\"http:\/\/www.cepal.org\" data-saferedirecturl=\"https:\/\/www.google.com\/url?q=http:\/\/www.cepal.org&amp;source=gmail&amp;ust=1666637184916000&amp;usg=AOvVaw1xOQiALl7xglzDErs5VT__\">www.cepal.org<\/a><\/li>\n<li>Sitio web <a href=\"https:\/\/live.cepal.org\/\" data-saferedirecturl=\"https:\/\/www.google.com\/url?q=https:\/\/live.cepal.org\/&amp;source=gmail&amp;ust=1666637184916000&amp;usg=AOvVaw2wkGfiOLtHxIJvmpucrS9U\">https:\/\/live.cepal.org\/<\/a><\/li>\n<li>Cuenta oficial en Twitter <a href=\"https:\/\/twitter.com\/cepal_onu\" data-saferedirecturl=\"https:\/\/www.google.com\/url?q=https:\/\/twitter.com\/cepal_onu&amp;source=gmail&amp;ust=1666637184916000&amp;usg=AOvVaw0qERE79pT6MeozYgbHnqXE\">https:\/\/twitter.com\/cepal_onu<\/a><\/li>\n<li>Cuenta oficial en Facebook <a href=\"https:\/\/www.facebook.com\/cepal.onu\" data-saferedirecturl=\"https:\/\/www.google.com\/url?q=https:\/\/www.facebook.com\/cepal.onu&amp;source=gmail&amp;ust=1666637184916000&amp;usg=AOvVaw0wo7Sf0ugm8nakVXBdcbK1\">https:\/\/www.facebook.com\/cepal.onu<\/a> <u>\u00a0<\/u><\/li>\n<\/ul>\n<p>Cualquier medio de comunicaci\u00f3n u organismo es libre de replicar la transmisi\u00f3n en sus propios portales de internet.<\/p>\n<p><strong>Twitter<\/strong><\/p>\n<p>Tuitearemos en espa\u00f1ol e ingl\u00e9s desde las dos cuentas institucionales, @cepal_onu y @eclac_un, con las etiquetas:<\/p>\n<p>#PSEScepal2022 &#8211; #SESeclac2022<\/p>\n<p>#Reactivaci\u00f3nConTransformaci\u00f3n &#8211; #ReactivationWithTransformation<\/p>\n<p><strong>Facebook<\/strong><\/p>\n<p>Compartiremos todas las noticias del encuentro a trav\u00e9s de nuestras p\u00e1ginas en Facebook (<a href=\"https:\/\/www.facebook.com\/cepal.onu\/\" data-saferedirecturl=\"https:\/\/www.google.com\/url?q=https:\/\/www.facebook.com\/cepal.onu\/&amp;source=gmail&amp;ust=1666637184916000&amp;usg=AOvVaw2qasGUuWCyJ5Fo5pjI78Jg\">https:\/\/www.facebook.com\/cepal.onu\/<\/a> y <a href=\"https:\/\/www.facebook.com\/eclac\" data-saferedirecturl=\"https:\/\/www.google.com\/url?q=https:\/\/www.facebook.com\/eclac&amp;source=gmail&amp;ust=1666637184916000&amp;usg=AOvVaw2WD-Qw6L0KQMoS5gtbwrfz\">https:\/\/www.facebook.com\/eclac<\/a>), as\u00ed como los principales mensajes entregados por la m\u00e1xima autoridad de la CEPAL, Jos\u00e9 Manuel Salazar-Xirinachs.<\/p>\n<p><strong>YouTube<\/strong><\/p>\n<p>Toda la conferencia quedar\u00e1 disponible en nuestros canales de YouTube para posterior consulta. Suscr\u00edbete a <a href=\"https:\/\/www.youtube.com\/user\/CEPALONU\" data-saferedirecturl=\"https:\/\/www.google.com\/url?q=https:\/\/www.youtube.com\/user\/CEPALONU&amp;source=gmail&amp;ust=1666637184916000&amp;usg=AOvVaw2n9bYzXWUmZdmoOVYpO8xB\">https:\/\/www.youtube.com\/user\/CEPALONU<\/a> y <a href=\"https:\/\/www.youtube.com\/user\/ECLACUN\" data-saferedirecturl=\"https:\/\/www.google.com\/url?q=https:\/\/www.youtube.com\/user\/ECLACUN&amp;source=gmail&amp;ust=1666637184916000&amp;usg=AOvVaw1ZPHdxIRyhYhQ7W5JouJV8\">https:\/\/www.youtube.com\/user\/ECLACUN<\/a>.<\/p>\n<p><strong>Flickr<\/strong><\/p>\n<p>Fotograf\u00edas del evento ser\u00e1n publicadas en las cuentas institucionales en Flickr, con los cr\u00e9ditos correspondientes: <a href=\"https:\/\/www.flickr.com\/photos\/cepal\/\" data-saferedirecturl=\"https:\/\/www.google.com\/url?q=https:\/\/www.flickr.com\/photos\/cepal\/&amp;source=gmail&amp;ust=1666637184916000&amp;usg=AOvVaw3_5YiVBIOmL_9RkLX6P8Oh\">https:\/\/www.flickr.com\/photos\/cepal\/<\/a> y <a href=\"https:\/\/www.flickr.com\/photos\/eclac\" data-saferedirecturl=\"https:\/\/www.google.com\/url?q=https:\/\/www.flickr.com\/photos\/eclac&amp;source=gmail&amp;ust=1666637184916000&amp;usg=AOvVaw00YQ2MruAPp_l8azRT_Ff9\">https:\/\/www.flickr.com\/photos\/eclac<\/a>.<\/p>\n<p><strong>M\u00e1s informaci\u00f3n:<\/strong><\/p>\n<ul>\n<li><a href=\"https:\/\/periododesesiones.cepal.org\/39\/es\" data-saferedirecturl=\"https:\/\/www.google.com\/url?q=https:\/\/periododesesiones.cepal.org\/39\/es&amp;source=gmail&amp;ust=1666637184916000&amp;usg=AOvVaw1RkLqo4xYxKEQNha_ZngRV\">Trig\u00e9simo noveno per\u00edodo de sesiones de la CEPAL<\/a><\/li>\n<li><a href=\"https:\/\/periododesesiones.cepal.org\/39\/es\/programa\" data-saferedirecturl=\"https:\/\/www.google.com\/url?q=https:\/\/periododesesiones.cepal.org\/39\/es\/programa&amp;source=gmail&amp;ust=1666637184916000&amp;usg=AOvVaw1k8Vhj0vIaG19U3dtCSBQk\">Programa completo de la reuni\u00f3n<\/a><\/li>\n<li><a href=\"https:\/\/periododesesiones.cepal.org\/39\/es\/kit-de-prensa\" data-saferedirecturl=\"https:\/\/www.google.com\/url?q=https:\/\/periododesesiones.cepal.org\/39\/es\/kit-de-prensa&amp;source=gmail&amp;ust=1666637184916000&amp;usg=AOvVaw3R6rHXg9GXWfs19nEtWkL4\">Kit de prensa<\/a><\/li>\n<\/ul>\n<p>Para consultas relacionadas con la cobertura period\u00edstica del evento, contactar en Santiago de Chile a la Unidad de Informaci\u00f3n P\u00fablica de la CEPAL. Correo electr\u00f3nico: <a href=\"mailto:prensa@cepal.org\">prensa@cepal.org<\/a>; tel\u00e9fono: (56) 22210 2040.<\/p>\n<p>S\u00edganos en: <a href=\"http:\/\/twitter.com\/cepal_onu\" data-saferedirecturl=\"https:\/\/www.google.com\/url?q=http:\/\/twitter.com\/cepal_onu&amp;source=gmail&amp;ust=1666637184916000&amp;usg=AOvVaw1c0ppgnzcsByLGv4ItJ5lX\">Twitter<\/a>, <a href=\"http:\/\/www.facebook.com\/cepal.onu\" data-saferedirecturl=\"https:\/\/www.google.com\/url?q=http:\/\/www.facebook.com\/cepal.onu&amp;source=gmail&amp;ust=1666637184916000&amp;usg=AOvVaw15CkEz2-Yw7LN3rLiYxaLA\">Facebook<\/a>, <a href=\"http:\/\/www.flickr.com\/photos\/cepal\/\" data-saferedirecturl=\"https:\/\/www.google.com\/url?q=http:\/\/www.flickr.com\/photos\/cepal\/&amp;source=gmail&amp;ust=1666637184916000&amp;usg=AOvVaw3dPxjsiOe1DXLEEiRPLQrc\">Flickr<\/a><u> y<\/u> <a href=\"http:\/\/www.youtube.com\/cepalonu\" data-saferedirecturl=\"https:\/\/www.google.com\/url?q=http:\/\/www.youtube.com\/cepalonu&amp;source=gmail&amp;ust=1666637184916000&amp;usg=AOvVaw0drCO7muXoEywLIdoreZe4\">YouTube<\/a><u>.<\/u><\/p>\n","protected":false},"excerpt":{"rendered":"<p>La Comisi\u00f3n Econ\u00f3mica para Am\u00e9rica Latina y el Caribe (CEPAL) realizar\u00e1 del 24 al 26 de octubre su trig\u00e9simo noveno per\u00edodo de sesiones, la reuni\u00f3n bienal m\u00e1s importante de este organismo regional de las Naciones Unidas, en donde la CEPAL presentar\u00e1 su propuesta de reactivaci\u00f3n con transformaci\u00f3n del modelo de desarrollo en la regi\u00f3n. El [&hellip;]<\/p>\n","protected":false},"author":2,"featured_media":13464,"comment_status":"closed","ping_status":"open","sticky":false,"template":"","format":"standard","meta":[],"categories":[93,4,146,2],"tags":[1027,9906],"wppr_data":{"cwp_meta_box_check":"No"},"_links":{"self":[{"href":"https:\/\/www.notaoficial.com\/s\/wp-json\/wp\/v2\/posts\/13463"}],"collection":[{"href":"https:\/\/www.notaoficial.com\/s\/wp-json\/wp\/v2\/posts"}],"about":[{"href":"https:\/\/www.notaoficial.com\/s\/wp-json\/wp\/v2\/types\/post"}],"author":[{"embeddable":true,"href":"https:\/\/www.notaoficial.com\/s\/wp-json\/wp\/v2\/users\/2"}],"replies":[{"embeddable":true,"href":"https:\/\/www.notaoficial.com\/s\/wp-json\/wp\/v2\/comments?post=13463"}],"version-history":[{"count":1,"href":"https:\/\/www.notaoficial.com\/s\/wp-json\/wp\/v2\/posts\/13463\/revisions"}],"predecessor-version":[{"id":13465,"href":"https:\/\/www.notaoficial.com\/s\/wp-json\/wp\/v2\/posts\/13463\/revisions\/13465"}],"wp:featuredmedia":[{"embeddable":true,"href":"https:\/\/www.notaoficial.com\/s\/wp-json\/wp\/v2\/media\/13464"}],"wp:attachment":[{"href":"https:\/\/www.notaoficial.com\/s\/wp-json\/wp\/v2\/media?parent=13463"}],"wp:term":[{"taxonomy":"category","embeddable":true,"href":"https:\/\/www.notaoficial.com\/s\/wp-json\/wp\/v2\/categories?post=13463"},{"taxonomy":"post_tag","embeddable":true,"href":"https:\/\/www.notaoficial.com\/s\/wp-json\/wp\/v2\/tags?post=13463"}],"curies":[{"name":"wp","href":"https:\/\/api.w.org\/{rel}","templated":true}]}}