{"id":13635,"date":"2022-11-03T22:56:30","date_gmt":"2022-11-04T02:56:30","guid":{"rendered":"https:\/\/www.notaoficial.com\/s\/?p=13635"},"modified":"2022-11-03T22:56:30","modified_gmt":"2022-11-04T02:56:30","slug":"los-colonieros-celebraran-el-oktoberfest-flavio-pedro-antonio","status":"publish","type":"post","link":"https:\/\/www.notaoficial.com\/s\/2022\/11\/03\/los-colonieros-celebraran-el-oktoberfest-flavio-pedro-antonio\/","title":{"rendered":"Los Colonieros celebrar\u00e1n el Oktoberfest"},"content":{"rendered":"<p>Por Flavio Pedro Antonio<\/p>\n<p>La Asociaci\u00f3n Oktoberfest Colonia Tovar<i> <\/i>dar\u00e1 inicio al festival alem\u00e1n los d\u00edas 19 y 20 de noviembre con su esencia y originalidad distintiva en la gran carpa del Hotel Selva Negra, lugar pionero de la celebraci\u00f3n en Venezuela. Se ofrecer\u00e1 un amplio abanico del folklore alem\u00e1n-coloniero con la exhibici\u00f3n de danzas t\u00edpicas, concursos, animaci\u00f3n, m\u00fasica alemana en vivo, productos artesanales y la exquisita gastronom\u00eda tradicional.<\/p>\n<p>El Oktoberfest nace con la intenci\u00f3n de promover el turismo, mantener y preservar las costumbres y tradiciones de la poblaci\u00f3n germana en una festividad que conjuga y re\u00fane todas las expresiones culturales, ofreci\u00e9ndole a cada uno de sus presentes vincularse a las ra\u00edces colonieras y sentirse parte de ellas en dos d\u00edas de shows y espect\u00e1culos.<\/p>\n<p>Por Flavio Pedro Antonio<\/p>\n<p>La funci\u00f3n se iniciar\u00e1 a las 12:00 p.m. con la marcha inaugural del Team Show Oktoberfest, compuesto por danzas t\u00edpicas de Tovarer Volkstanzgruppe, Jarillo Deutschtanzagruppe y Las Krosilis, acompa\u00f1adas por el acorde\u00f3n europeo de Eduardo Monroy, bajo la animaci\u00f3n de Julio Carillo y Juan Smuck para darle la bienvenida a los presentes y posteriormente arrancar con la apertura del barril como s\u00edmbolo formal Oktoberfest Colonia Tovar 2022.<\/p>\n<p>Dentro de la carpa oficial del evento, se encontrar\u00e1 una gran oferta gastron\u00f3mica exquisita como la crujiente y jugosa rodilla de cerdo, el pastel de carne y las salchichas alemanas. Adem\u00e1s, estar\u00e1n presentes productos artesanales e industriales de alta calidad. Por otro lado, contaremos con un plus magn\u00edfico con la participaci\u00f3n de las bandas Rockola, Malibu Brothers y\u00a0 Garage.<\/p>\n<p>El deleite gastron\u00f3mico tradicional, es pieza fundamental para que sus espectadores se diviertan mientras participan en juegos y competencias a contrarreloj y al mismo tiempo gocen en el principal destino tur\u00edstico del centro del pa\u00eds con condiciones clim\u00e1ticas frescas, bellezas naturales inigualables y un aprendizaje \u00fanico sobre la cultura alemana, \u201cLa Colonia Tovar tiene una magia que irradia a todo el que la visita\u201d, sostiene Ronald Gutmann, miembro fundador y pilar de esta celebraci\u00f3n que se ha convertido en la \u201cventana de la alemanidad en Venezuela\u201d.<\/p>\n<p>Por Flavio Pedro Antonio<\/p>\n<p>Este festival folcl\u00f3rico, es el m\u00e1s popular e importante del sur de Alemania y es celebrado cada a\u00f1o para conmemorar la boda del Pr\u00edncipe Luis I de Baviera y la Princesa Teresa de Sajonia entre el 12 y el 17 de octubre en 1810 en la ciudad de M\u00fanich-Alemania.<\/p>\n<p>El Oktoberfest es el regocijo protagonista para que los habitantes de la comunidad arag\u00fce\u00f1a sientan orgullo al representar su bagaje cultural aut\u00e9ntico y darle el valor significativo que tiene el uso de la vestimenta t\u00edpica y as\u00ed rendir\u00a0 honor a los primeros habitantes.<\/p>\n<p>Entradas disponibles en <a href=\"http:\/\/www.ticketmundo.com\" target=\"_blank\" rel=\"noopener noreferrer\" data-saferedirecturl=\"https:\/\/www.google.com\/url?q=http:\/\/www.ticketmundo.com&amp;source=gmail&amp;ust=1667616472322000&amp;usg=AOvVaw2g0hiyDfJSy34l8-9l_wN5\">www.ticketmundo.com<\/a> o en las taquillas del Centro Ciudad Comercial Tamanaco (CCCT) y en la recepci\u00f3n del Hotel Selva Negra. Instagram, Facebook y Twitter @Oktoberfest_CT.<\/p>\n<p>Por Flavio Pedro Antonio<\/p>\n<p align=\"center\"><b>\u00a1Oktoberfest Colonia Tovar la festividad pionera, donde todo comenz\u00f3!<\/b><\/p>\n","protected":false},"excerpt":{"rendered":"<p>Por Flavio Pedro Antonio La Asociaci\u00f3n Oktoberfest Colonia Tovar dar\u00e1 inicio al festival alem\u00e1n los d\u00edas 19 y 20 de noviembre con su esencia y originalidad distintiva en la gran carpa del Hotel Selva Negra, lugar pionero de la celebraci\u00f3n en Venezuela. Se ofrecer\u00e1 un amplio abanico del folklore alem\u00e1n-coloniero con la exhibici\u00f3n de danzas [&hellip;]<\/p>\n","protected":false},"author":2,"featured_media":13636,"comment_status":"closed","ping_status":"open","sticky":false,"template":"","format":"standard","meta":[],"categories":[93,463,146,2],"tags":[9697,9920],"wppr_data":{"cwp_meta_box_check":"No"},"_links":{"self":[{"href":"https:\/\/www.notaoficial.com\/s\/wp-json\/wp\/v2\/posts\/13635"}],"collection":[{"href":"https:\/\/www.notaoficial.com\/s\/wp-json\/wp\/v2\/posts"}],"about":[{"href":"https:\/\/www.notaoficial.com\/s\/wp-json\/wp\/v2\/types\/post"}],"author":[{"embeddable":true,"href":"https:\/\/www.notaoficial.com\/s\/wp-json\/wp\/v2\/users\/2"}],"replies":[{"embeddable":true,"href":"https:\/\/www.notaoficial.com\/s\/wp-json\/wp\/v2\/comments?post=13635"}],"version-history":[{"count":1,"href":"https:\/\/www.notaoficial.com\/s\/wp-json\/wp\/v2\/posts\/13635\/revisions"}],"predecessor-version":[{"id":13637,"href":"https:\/\/www.notaoficial.com\/s\/wp-json\/wp\/v2\/posts\/13635\/revisions\/13637"}],"wp:featuredmedia":[{"embeddable":true,"href":"https:\/\/www.notaoficial.com\/s\/wp-json\/wp\/v2\/media\/13636"}],"wp:attachment":[{"href":"https:\/\/www.notaoficial.com\/s\/wp-json\/wp\/v2\/media?parent=13635"}],"wp:term":[{"taxonomy":"category","embeddable":true,"href":"https:\/\/www.notaoficial.com\/s\/wp-json\/wp\/v2\/categories?post=13635"},{"taxonomy":"post_tag","embeddable":true,"href":"https:\/\/www.notaoficial.com\/s\/wp-json\/wp\/v2\/tags?post=13635"}],"curies":[{"name":"wp","href":"https:\/\/api.w.org\/{rel}","templated":true}]}}