{"id":13687,"date":"2022-11-07T23:30:00","date_gmt":"2022-11-08T03:30:00","guid":{"rendered":"https:\/\/www.notaoficial.com\/s\/?p=13687"},"modified":"2022-11-07T23:30:00","modified_gmt":"2022-11-08T03:30:00","slug":"artistas-internacionales-abren-las-puertas-de-reset-gallery-flavio-borquez-tarff","status":"publish","type":"post","link":"https:\/\/www.notaoficial.com\/s\/2022\/11\/07\/artistas-internacionales-abren-las-puertas-de-reset-gallery-flavio-borquez-tarff\/","title":{"rendered":"Artistas internacionales abren las puertas de Reset Gallery"},"content":{"rendered":"<p>Por Flavio Borquez Tarff<\/p>\n<p>El 12 de noviembre de 2022 abrir\u00e1 sus puertas en Caracas la galer\u00eda Reset Gallery, un nuevo espacio para las artes visuales ubicado en el centro comercial Paseo Las Mercedes, que ser\u00e1 inaugurado con una exposici\u00f3n titulada \u201cLoading\u201d, en la cual se re\u00fanen obras de \u00a0artistas internacionales.<\/p>\n<p>Bajo la direcci\u00f3n del curador e historiador de arte Gabriel Guevara Jurado, en sociedad con un equipo de profesionales, Reset Gallery tiene como objetivo la divulgaci\u00f3n y exposici\u00f3n del arte moderno y contempor\u00e1neo, abarcando tanto nuevas propuestas y j\u00f3venes artistas como propuestas consolidadas que permitan enfocar y desarrollar la investigaci\u00f3n hacia un coleccionismo depurado.<\/p>\n<p>\u201cLoading\u201d, la exposici\u00f3n inaugural de Reset Gallery, \u201cincita a reconocer distintos artistas que van desde varios grandes venezolanos a las actuales visiones de la invasi\u00f3n informativa como fuente de interpretaci\u00f3n\u201d, seg\u00fan afirma el curador Guevara Jurado en el texto que acompa\u00f1a la muestra.<\/p>\n<p>Por Flavio Borquez Tarff<\/p>\n<p>El concepto de la exposici\u00f3n es presentar y codificar diversos puntos de vista. \u201cDimensiones de s\u00edntesis diversas que se conectan desde la abstracci\u00f3n hasta la fuerza del collage como intenci\u00f3n de reconocimiento de la comprensi\u00f3n del mundo moderno y contempor\u00e1neo\u201d.<\/p>\n<p>La muestra incluye artistas como \u201c<strong>Mateo Manaure<\/strong> con una obra in\u00e9dita que parte de la repetici\u00f3n y la transparencia en la saturaci\u00f3n del color, hasta <strong>Arturo Herrera<\/strong> con un collage de m\u00faltiples estratos en la fuerza de la escala de los valores del blanco negro y grises por medio de un grabado nos habla del cuerpo y sus mecanismos de cambio. <strong>Asdr\u00fabal Colmenares<\/strong> por su parte con una pieza de gran formato incide en el efecto l\u00fadico y de investigaci\u00f3n del calado de las naves organizando el alfabeto y los n\u00fameros como identidad de comunicaci\u00f3n\u201d.<\/p>\n<p>En palabras del curador, \u201cun tabl\u00f3n de <strong>Harry Abend<\/strong> desde la incidencia del vac\u00edo nos muestra una geometr\u00eda estructurada como recurso conceptual. En esta l\u00ednea de los tablones una importante obra de <strong>Rafael Barrios<\/strong> realizada en madera construye sus m\u00faltiples planos facetados desde un sutil color que radia tranquilidad en la construcci\u00f3n del espacio adyacente. <strong>V\u00edctor Lucena<\/strong> con la serie Space Shock \u2018Extension Color\u2019 Serie de impecable producci\u00f3n serigr\u00e1fica genera sensaciones de est\u00edmulos irrepetibles, al igual que sus m\u00f3dulos escult\u00f3ricos de los cuales se presentar\u00e1n dos propuestas que tienen una proyecci\u00f3n modular y de ambas caras\u201d.<\/p>\n<p>De igual forma, destaca en los internacionales para esta muestra inaugural, \u201cuna\u00a0 dial\u00e9ctica, as\u00ed como tambi\u00e9n al gran investigador de los campos de la geometr\u00eda el dan\u00e9s <strong>Olafur Eliasson<\/strong> en su obra titulada \u201c360\u00b0 Compass\u201d, m\u00faltiple de una sutileza y fuerza de interpretaci\u00f3n espacial, hacia el valor del circulo y su estructura de continuidad en un proyecto casi cient\u00edfico de resultado retinal \u201d.<\/p>\n<p>Por Flavio Borquez Tarff<\/p>\n<p>\u201cIgualmente, <strong>Manuel Hern\u00e1ndez<\/strong> desde las veladuras construye en una tela una suerte de umbral violeta de una poes\u00eda reflexiva notable llamada \u2018Signo homenaje\u2019. Como artista de gran continuidad en su producci\u00f3n luego de un receso <strong>Luis Otero<\/strong> artista argentino venezolano retoma exponer sus obras y lo hace con una pieza de gran est\u00edmulo Pop exaltando como en toda su producci\u00f3n la fuerza y poder de lo femenino. <strong>Felipe Pantone<\/strong> con \u2018Optichromie 97\u2019 investiga el pixel como propuesta definida. <strong>Sixe Paredes<\/strong> de Barcelona Espa\u00f1a que parte del Grafitti nos lleva al c\u00f3digo de su desorden pict\u00f3rico. Del artista norteamericano <strong>Ernest Trova<\/strong> se expondr\u00e1 una escultura\u00a0surrealista que parte de la deconstrucci\u00f3n del cuerpo humano. \u201cLoanding\u201d en su conjunto de artistas brindan m\u00faltiples visiones en revisi\u00f3n es decir en RESET\u201d, se\u00f1ala Guevara Jurado.<\/p>\n<p>Asimismo, el curador expresa que <strong>Joaqu\u00edn Salim<\/strong> \u201cdesde el collage invade un sistema de conceptos y mensajes de fotograf\u00edas y marcas interpuestos se presenta en el espacio dedicado a centrar un solo lenguaje. Cuatro de sus obras se exponen en la sala m\u00faltiple, que tambi\u00e9n llevar\u00e1 adelante seminarios, encuentros, foros y presentaciones\u201d.<\/p>\n<p>Resert Gallery\u00a0 se plante\u00f3 recuperar el valor patrimonial y arquitect\u00f3nico del espacio, uniendo 200 metros cuadrados con la visual de transparencia en sus espacios internos y externos que desarroll\u00f3 el arquitecto Jimmy Alcock en el C C Paseo Las Mercedes.<\/p>\n<p>Por Flavio Borquez Tarff<\/p>\n<p>\u201cEs as\u00ed como Reset Gallery desde su nombre busca resetear como concepto electr\u00f3nico los valores a este nuestro nuevo espacio como dir\u00edamos en los tel\u00e9fonos m\u00f3viles, a valor de f\u00e1brica, lo que nos permitir\u00e1 mostrar de la manera m\u00e1s atenta nuestras propuestas exponiendo y exaltando la visual y concepto de las obras que se podr\u00e1n apreciar para esta exposici\u00f3n inaugural y las muestras por venir, como un espacio que se transformar\u00e1 de acuerdo a cada proyecto expositivo\u201d, concluyen el equipo al frente de este nuevo espacio para las artes visuales.<\/p>\n<p>La exposici\u00f3n \u201cLoading\u201d se estar\u00e1 presentando hasta febrero del 2023 en la nueva galer\u00eda <a href=\"https:\/\/www.google.com\/url?sa=t&amp;rct=j&amp;q=&amp;esrc=s&amp;source=web&amp;cd=&amp;cad=rja&amp;uact=8&amp;ved=2ahUKEwjEh8C10p37AhVnVTABHUOyCLkQFnoECAoQAQ&amp;url=https%3A%2F%2Fwww.resetgallery.com%2F&amp;usg=AOvVaw3RdStEACY9DNNkUEUkO8br\">Reset Gallery<\/a> ubicada en el nivel mercado del centro comercial Paseo Las Mercedes, Caracas.<\/p>\n<p>Por Flavio Borquez Tarff<\/p>\n","protected":false},"excerpt":{"rendered":"<p>Por Flavio Borquez Tarff El 12 de noviembre de 2022 abrir\u00e1 sus puertas en Caracas la galer\u00eda Reset Gallery, un nuevo espacio para las artes visuales ubicado en el centro comercial Paseo Las Mercedes, que ser\u00e1 inaugurado con una exposici\u00f3n titulada \u201cLoading\u201d, en la cual se re\u00fanen obras de \u00a0artistas internacionales. Bajo la direcci\u00f3n del [&hellip;]<\/p>\n","protected":false},"author":2,"featured_media":13688,"comment_status":"closed","ping_status":"open","sticky":false,"template":"","format":"standard","meta":[],"categories":[93,146,2],"tags":[1371,9698],"wppr_data":{"cwp_meta_box_check":"No"},"_links":{"self":[{"href":"https:\/\/www.notaoficial.com\/s\/wp-json\/wp\/v2\/posts\/13687"}],"collection":[{"href":"https:\/\/www.notaoficial.com\/s\/wp-json\/wp\/v2\/posts"}],"about":[{"href":"https:\/\/www.notaoficial.com\/s\/wp-json\/wp\/v2\/types\/post"}],"author":[{"embeddable":true,"href":"https:\/\/www.notaoficial.com\/s\/wp-json\/wp\/v2\/users\/2"}],"replies":[{"embeddable":true,"href":"https:\/\/www.notaoficial.com\/s\/wp-json\/wp\/v2\/comments?post=13687"}],"version-history":[{"count":1,"href":"https:\/\/www.notaoficial.com\/s\/wp-json\/wp\/v2\/posts\/13687\/revisions"}],"predecessor-version":[{"id":13689,"href":"https:\/\/www.notaoficial.com\/s\/wp-json\/wp\/v2\/posts\/13687\/revisions\/13689"}],"wp:featuredmedia":[{"embeddable":true,"href":"https:\/\/www.notaoficial.com\/s\/wp-json\/wp\/v2\/media\/13688"}],"wp:attachment":[{"href":"https:\/\/www.notaoficial.com\/s\/wp-json\/wp\/v2\/media?parent=13687"}],"wp:term":[{"taxonomy":"category","embeddable":true,"href":"https:\/\/www.notaoficial.com\/s\/wp-json\/wp\/v2\/categories?post=13687"},{"taxonomy":"post_tag","embeddable":true,"href":"https:\/\/www.notaoficial.com\/s\/wp-json\/wp\/v2\/tags?post=13687"}],"curies":[{"name":"wp","href":"https:\/\/api.w.org\/{rel}","templated":true}]}}