{"id":13781,"date":"2022-11-13T13:25:22","date_gmt":"2022-11-13T17:25:22","guid":{"rendered":"https:\/\/www.notaoficial.com\/s\/?p=13781"},"modified":"2022-11-13T13:25:22","modified_gmt":"2022-11-13T17:25:22","slug":"prisa-media-lanza-universo-mundial-un-canal-de-video-en-directo-para-informar-de-qatar-2022","status":"publish","type":"post","link":"https:\/\/www.notaoficial.com\/s\/2022\/11\/13\/prisa-media-lanza-universo-mundial-un-canal-de-video-en-directo-para-informar-de-qatar-2022\/","title":{"rendered":"PRISA Media lanza Universo Mundial, un canal de v\u00eddeo en directo para informar de Qatar 2022"},"content":{"rendered":"<p>Por Luis Felipe Baca Arbulu<\/p>\n<p>Los aficionados al f\u00fatbol llevan los cuatro a\u00f1os de rigor esperando para volver a disfrutar de un Mundial, pero el pr\u00f3ximo d\u00eda 20 de noviembre arranca por fin en Qatar. Para ofrecer la mejor informaci\u00f3n sobre la competici\u00f3n futbol\u00edstica m\u00e1s relevante, <strong>PRISA Media suma por primera vez el m\u00fasculo de sus cabeceras y lanza Universo Mundial, un canal en directo <\/strong>con hasta 12 horas de programaci\u00f3n diaria interrumpida que incluir\u00e1 el seguimiento minuto a minuto de la actualidad mundialista, la opini\u00f3n y el an\u00e1lisis m\u00e1s completo; programas, reportajes y entrevistas de producci\u00f3n propia, adem\u00e1s de un di\u00e1logo constante con los usuarios que estar\u00e1n al otro lado. <strong>M\u00e1s de 150 profesionales del Grupo <\/strong>ofrecer\u00e1n la \u00faltima hora de los partidos y contenido exclusivo a trav\u00e9s de los diferentes soportes de los medios: edici\u00f3n digital, impresa, en antena y redes sociales.<\/p>\n<p>Desde el <strong>20 de noviembre hasta el 18 de diciembre<\/strong>, Diario AS, Cadena SER, EL PA\u00cdS, Caracol Radio, El HuffPost, WRadio y ADN Chile aunar\u00e1n esfuerzos para brindar a los aficionados una cobertura sin precedentes en la que participan <strong>medio centenar de enviados especiales<\/strong> que informar\u00e1n desde el terreno no solo de la \u00faltima hora deportiva, sino de las historias personales y sociales que deje este evento internacional. Los enviados contar\u00e1n con <strong>el apoyo de decenas de periodistas que integran las redacciones de Deportes de PRISA Media.<\/strong><\/p>\n<p>Los locutores de la SER Manu Carre\u00f1o, Dani Garrido o Jes\u00fas Gallego; los periodistas de AS Joaqu\u00edn Maroto, Aritz Gabilondo o Jos\u00e9 Antonio Espina; as\u00ed como los de EL PA\u00cdS Pepe S\u00e1mano, Ladislao Mo\u00f1ino, Diego Torres, David \u00c1lvarez y Olivier Lorenzo Calonge, adem\u00e1s de Natalia Junquera y Manuel Jabois son algunos de los nombres que firmar\u00e1n esta cobertura. Pero tambi\u00e9n estar\u00e1n analistas habituales como \u00c1lvaro Benito, Rafa Alkorta, Pedja Mijatovi\u0107, Kiko Narv\u00e1ez, Iturralde Gonz\u00e1lez, Tom\u00e1s Roncero, Alfredo Rela\u00f1o o Luis Su\u00e1rez Miramontes, entre otros.<\/p>\n<p>Desde el inicio del mundial las cabeceras <strong>emitir\u00e1n el canal en directo Universo Mundial<\/strong>, desde la una del mediod\u00eda a la una de la madrugada (hora local espa\u00f1ola). El equipo de PRISA V\u00eddeo, liderado por Fran Llorente, ha preparado una parrilla de programaci\u00f3n con contenidos exclusivos, programas de actualidad en directo, an\u00e1lisis con las mejores firmas, seguimiento en directo de los partidos y gu\u00edas de selecciones y jugadores m\u00e1s relevantes, as\u00ed como espacios de entretenimiento y conversaciones en redes sociales y la \u00faltima hora en vivo desde Qatar contada por los enviados especiales del Grupo.<\/p>\n<p>Por Luis Felipe Baca Arbulu<\/p>\n<p>Universo Mundial ofrecer\u00e1 contenido tanto en directo como bajo demanda para que los espectadores no se pierdan nada del mayor acontecimiento futbol\u00edstico del a\u00f1o. La programaci\u00f3n se podr\u00e1 seguir a trav\u00e9s del canal de Youtube de cada uno de los medios de PRISA y en sus portadas web. Los mejores contenidos se podr\u00e1n ver tambi\u00e9n en el canal de v\u00eddeo de EL PA\u00cdS para televisi\u00f3n conectada, disponible en Samsung TV Plus y la plataforma Tivify. \u201cUniverso Mundial no va a contar solo los goles, va a ir m\u00e1s all\u00e1\u201d, subraya Llorente. Habr\u00e1 mesas de an\u00e1lisis, programas que aprovechar\u00e1n todos los g\u00e9neros que ofrecen las cabeceras del Grupo y que completar\u00e1n el relato del Mundial.<\/p>\n<p><strong>El director de AS y responsable del comit\u00e9 de Deportes de PRISA Media, Vicente Jim\u00e9nez,<\/strong> califica Universo Mundial como \u201cun desaf\u00edo\u201d: \u201cNunca hab\u00edamos afrontado una cobertura editorial multimedia, en directo y con muchas horas de emisi\u00f3n. Supone un reto para nuestros equipos que exigir\u00e1 el mayor nivel de sinergias, coordinaci\u00f3n y agilidad\u201d. El periodista a\u00f1ade que este canal permitir\u00e1 a todos los aficionados \u201cdisfrutar de un m\u00fasculo creativo in\u00e9dito en el grupo\u201d gracias al trabajo transversal. \u201cLa posibilidad de unir el talento y los recursos de nuestros medios en Espa\u00f1a y Am\u00e9rica, con el apoyo de las ediciones de EL PA\u00cdS y AS, adem\u00e1s de las emisoras de radio de Prisa en todo el continente americano nos permitir\u00e1 llegar all\u00ed donde nadie m\u00e1s puede llegar: periodismo de calidad y global\u201d.<\/p>\n<p>Cada cabecera aportar\u00e1 adem\u00e1s sus especificidades. El diario AS est\u00e1 preparando un especial para su edici\u00f3n de papel que ser\u00e1 solo el pistoletazo de salida de una cobertura que pondr\u00e1 especial atenci\u00f3n en la selecci\u00f3n espa\u00f1ola y en sus rivales, pero tambi\u00e9n en los equipos americanos que acuden a la cita: M\u00e9xico, Estados Unidos y Canad\u00e1.<\/p>\n<p><strong>La directora de Deportes de Cadena SER, Laura Mart\u00ednez<\/strong>, enfatiza que la emisora montar\u00e1 \u201cuna peque\u00f1a radio desde Doha\u201d para no perderse nada. Entre otras propuestas, establecer\u00e1n conexiones cada hora con los enviados especiales; se publicar\u00e1 un podcast diario, <em>Los cromos del mundial,<\/em> que ser\u00e1 presentado por Bruno Alemany y Axel Torres; y los usuarios de altavoces inteligentes, a trav\u00e9s del formato <em>Flash Mundial,<\/em> contar\u00e1n con cuatro ediciones diarias de informaci\u00f3n de \u00faltima hora.<\/p>\n<p><strong>La redactora jefa de EL PA\u00cdS, Nadia Tronchoni,<\/strong> asegura que su equipo afronta la cita \u201ccon ambici\u00f3n y sentido de responsabilidad\u201d. La periodista explica que tendr\u00e1n \u201cmuchos ojos puestos en la selecci\u00f3n espa\u00f1ola, pero tambi\u00e9n en el pa\u00eds anfitri\u00f3n\u201d. Adem\u00e1s de sus firmas habituales, como Jorge Valdano o Andoni Zubizarreta, han abierto la secci\u00f3n a algunos invitados, como los exfutbolistas Philipp Lahm y Gaizka Mendieta; y una futbolista todav\u00eda en activo, l\u00edder en el Barcelona, Irene Paredes. La secci\u00f3n trabajar\u00e1 por primera vez \u201ccodo con codo\u201d con el equipo de Audio para acompa\u00f1ar toda la informaci\u00f3n con una serie de podcasts, adem\u00e1s de una <em>newsletter <\/em>diaria.<\/p>\n<p>Fuente: <a href=\"https:\/\/www.prisa.com\/\">PRISA<\/a><\/p>\n<p>Por Luis Felipe Baca Arbulu<\/p>\n","protected":false},"excerpt":{"rendered":"<p>Por Luis Felipe Baca Arbulu Los aficionados al f\u00fatbol llevan los cuatro a\u00f1os de rigor esperando para volver a disfrutar de un Mundial, pero el pr\u00f3ximo d\u00eda 20 de noviembre arranca por fin en Qatar. Para ofrecer la mejor informaci\u00f3n sobre la competici\u00f3n futbol\u00edstica m\u00e1s relevante, PRISA Media suma por primera vez el m\u00fasculo de [&hellip;]<\/p>\n","protected":false},"author":2,"featured_media":0,"comment_status":"closed","ping_status":"open","sticky":false,"template":"","format":"standard","meta":[],"categories":[146],"tags":[9700,9931,9932],"wppr_data":{"cwp_meta_box_check":"No"},"_links":{"self":[{"href":"https:\/\/www.notaoficial.com\/s\/wp-json\/wp\/v2\/posts\/13781"}],"collection":[{"href":"https:\/\/www.notaoficial.com\/s\/wp-json\/wp\/v2\/posts"}],"about":[{"href":"https:\/\/www.notaoficial.com\/s\/wp-json\/wp\/v2\/types\/post"}],"author":[{"embeddable":true,"href":"https:\/\/www.notaoficial.com\/s\/wp-json\/wp\/v2\/users\/2"}],"replies":[{"embeddable":true,"href":"https:\/\/www.notaoficial.com\/s\/wp-json\/wp\/v2\/comments?post=13781"}],"version-history":[{"count":1,"href":"https:\/\/www.notaoficial.com\/s\/wp-json\/wp\/v2\/posts\/13781\/revisions"}],"predecessor-version":[{"id":13783,"href":"https:\/\/www.notaoficial.com\/s\/wp-json\/wp\/v2\/posts\/13781\/revisions\/13783"}],"wp:attachment":[{"href":"https:\/\/www.notaoficial.com\/s\/wp-json\/wp\/v2\/media?parent=13781"}],"wp:term":[{"taxonomy":"category","embeddable":true,"href":"https:\/\/www.notaoficial.com\/s\/wp-json\/wp\/v2\/categories?post=13781"},{"taxonomy":"post_tag","embeddable":true,"href":"https:\/\/www.notaoficial.com\/s\/wp-json\/wp\/v2\/tags?post=13781"}],"curies":[{"name":"wp","href":"https:\/\/api.w.org\/{rel}","templated":true}]}}