{"id":13830,"date":"2022-11-17T00:17:33","date_gmt":"2022-11-17T04:17:33","guid":{"rendered":"https:\/\/www.notaoficial.com\/s\/?p=13830"},"modified":"2022-11-17T00:17:33","modified_gmt":"2022-11-17T04:17:33","slug":"wilson-saoko-manyoma-presenta-su-nuevo-sencillo-el-panadero","status":"publish","type":"post","link":"https:\/\/www.notaoficial.com\/s\/2022\/11\/17\/wilson-saoko-manyoma-presenta-su-nuevo-sencillo-el-panadero\/","title":{"rendered":"Wilson \u00abSaoko\u00bb Manyoma presenta su nuevo sencillo \u00abEl Panadero\u00bb"},"content":{"rendered":"<div class=\"m_8452582367560023319module\" dir=\"ltr\">\n<p align=\"justify\"><strong>Wilson \u00abSaoko\u00bb Manyoma<\/strong> es el artista cale\u00f1o reconocido como una leyenda viva de la salsa colombina. Con m\u00e1s de 50 a\u00f1os de trayectoria musical, ha representado con gran altura a Colombia a nivel nacional e internacional.<\/p>\n<p align=\"justify\">Con canciones como: <em>\u00abEl Preso\u00bb, \u00abT\u00fa Sufrir\u00e1s\u00bb, \u00abLos Charcos\u00bb, \u00abEl Patillero\u00bb, \u00abVirgen de las Mercedes\u00bb, entre muchos otros \u00e9xitos<\/em>. Por consiguiente, hoy lanza a nivel mundial su m\u00e1s reciente trabajo musical <strong>\u00abEl Panadero\u00bb<\/strong>.<\/p>\n<p align=\"justify\">Esta producci\u00f3n que cuenta con arreglos pegajosos y llamativas melod\u00edas, fue grabada en los estudios del productor Jorge Herrera y en ella, Wilson \u00abSaoko\u00bb narra el d\u00eda a d\u00eda de las personas trabajadoras de su paisa, personificando a un panadero y que, a su vez, esta va dirigida a todo el p\u00fablico, especialmente al bailador.<\/p>\n<p align=\"justify\"><strong>\u00abEl Panadero\u00bb<\/strong> ya se encuentra disponible en todas las plataformas digitales y se puede apreciar a trav\u00e9s de YouTube: <a href=\"https:\/\/sable.madmimi.com\/c\/415339?id=211521.3699.1.408536f239cf2938c6e19f06fc53e1c6\" target=\"_blank\" rel=\"noopener\" data-saferedirecturl=\"https:\/\/www.google.com\/url?q=https:\/\/sable.madmimi.com\/c\/415339?id%3D211521.3699.1.408536f239cf2938c6e19f06fc53e1c6&amp;source=gmail&amp;ust=1668743317815000&amp;usg=AOvVaw0oavfhgNal3_2XYbuaCy8c\">https:\/\/youtu.be\/_GeJc3DaMSo<\/a><\/p>\n<\/div>\n","protected":false},"excerpt":{"rendered":"<p>Wilson \u00abSaoko\u00bb Manyoma es el artista cale\u00f1o reconocido como una leyenda viva de la salsa colombina. Con m\u00e1s de 50 a\u00f1os de trayectoria musical, ha representado con gran altura a Colombia a nivel nacional e internacional. Con canciones como: \u00abEl Preso\u00bb, \u00abT\u00fa Sufrir\u00e1s\u00bb, \u00abLos Charcos\u00bb, \u00abEl Patillero\u00bb, \u00abVirgen de las Mercedes\u00bb, entre muchos otros \u00e9xitos. [&hellip;]<\/p>\n","protected":false},"author":2,"featured_media":13831,"comment_status":"closed","ping_status":"open","sticky":false,"template":"","format":"standard","meta":[],"categories":[93,463,146],"tags":[381,9853],"wppr_data":{"cwp_meta_box_check":"No"},"_links":{"self":[{"href":"https:\/\/www.notaoficial.com\/s\/wp-json\/wp\/v2\/posts\/13830"}],"collection":[{"href":"https:\/\/www.notaoficial.com\/s\/wp-json\/wp\/v2\/posts"}],"about":[{"href":"https:\/\/www.notaoficial.com\/s\/wp-json\/wp\/v2\/types\/post"}],"author":[{"embeddable":true,"href":"https:\/\/www.notaoficial.com\/s\/wp-json\/wp\/v2\/users\/2"}],"replies":[{"embeddable":true,"href":"https:\/\/www.notaoficial.com\/s\/wp-json\/wp\/v2\/comments?post=13830"}],"version-history":[{"count":1,"href":"https:\/\/www.notaoficial.com\/s\/wp-json\/wp\/v2\/posts\/13830\/revisions"}],"predecessor-version":[{"id":13832,"href":"https:\/\/www.notaoficial.com\/s\/wp-json\/wp\/v2\/posts\/13830\/revisions\/13832"}],"wp:featuredmedia":[{"embeddable":true,"href":"https:\/\/www.notaoficial.com\/s\/wp-json\/wp\/v2\/media\/13831"}],"wp:attachment":[{"href":"https:\/\/www.notaoficial.com\/s\/wp-json\/wp\/v2\/media?parent=13830"}],"wp:term":[{"taxonomy":"category","embeddable":true,"href":"https:\/\/www.notaoficial.com\/s\/wp-json\/wp\/v2\/categories?post=13830"},{"taxonomy":"post_tag","embeddable":true,"href":"https:\/\/www.notaoficial.com\/s\/wp-json\/wp\/v2\/tags?post=13830"}],"curies":[{"name":"wp","href":"https:\/\/api.w.org\/{rel}","templated":true}]}}