{"id":13982,"date":"2022-11-26T00:40:55","date_gmt":"2022-11-26T04:40:55","guid":{"rendered":"https:\/\/www.notaoficial.com\/s\/?p=13982"},"modified":"2022-11-26T00:40:55","modified_gmt":"2022-11-26T04:40:55","slug":"reciprocidad-y-equilibrio-comercial-flavio-borquez-tarff","status":"publish","type":"post","link":"https:\/\/www.notaoficial.com\/s\/2022\/11\/26\/reciprocidad-y-equilibrio-comercial-flavio-borquez-tarff\/","title":{"rendered":"Reciprocidad y equilibrio comercial"},"content":{"rendered":"<p>Por Flavio Borquez Tarff<\/p>\n<p>Caracas recibi\u00f3 durante dos d\u00edas la primera Misi\u00f3n Exploratoria y Comercial organizada por la Federaci\u00f3n de Comerciantes de Colombia (Fenalco), con el apoyo institucional de Fedec\u00e1maras. El objetivo de la Misi\u00f3n fue iniciar acercamientos que promuevan el comercio binacional, la realizaci\u00f3n de proyectos e inversiones en sectores estrat\u00e9gicos, la creaci\u00f3n de encadenamientos productivos y en general, la dinamizaci\u00f3n de la econom\u00eda de ambas naciones, reciprocidad y equilibrio comercial.\u00a0 Participaron m\u00e1s de 30 empresarios del vecino pa\u00eds y sus pares venezolanos.<\/p>\n<p>El acto de clausura se este primer acercamiento, cont\u00f3 con la participaci\u00f3n de la vicepresidenta ejecutiva de Venezuela, Delcy Rodr\u00edguez; el presidente de Fenalco, Jaime Alberto Cabal; y el presidente de <a href=\"https:\/\/www.fedecamaras.org.ve\/\">Fedec\u00e1maras<\/a>, Carlos Fern\u00e1ndez Gallardo.<\/p>\n<p>El presidente de Fenalco, Jaime Alberto Cabal, manifest\u00f3 que \u201clas expectativas se superaron ampliamente, qued\u00f3 un camino de avance para la realizaci\u00f3n de m\u00e1s actividades comerciales\u201d. Reiter\u00f3 que somos pueblos hermanos, pueblos complementarios, tenemos una relaci\u00f3n hist\u00f3rica. Asegur\u00f3 estar convencido de que con el paso del tiempo la relaci\u00f3n comercial se pueda reconstruir y se puede avanzar paulatinamente.<\/p>\n<p>Por Flavio Borquez Tarff<\/p>\n<p>\u201cEstamos muy ansiosos de que los dos Gobiernos agilicen los acuerdos en los que est\u00e1n trabajando y que queden claras las reglas del juego en materia log\u00edstica, legal, financiera, para que esta relaci\u00f3n fluya mucho m\u00e1s y pueda avanzar a nuevas oportunidades, nuevos desarrollos y finalmente a nuevos negocios\u201d, acot\u00f3 Cabal.<\/p>\n<p>Carlos Fern\u00e1ndez Gallardo, presidente de Fedec\u00e1maras, inform\u00f3 que, en esta primera Misi\u00f3n Exploratoria se consiguieron alianzas espec\u00edficas y posibilidades de inversiones. Asegur\u00f3 que \u201ctenemos que seguir profundizando, todav\u00eda hay muchos obst\u00e1culos, muchas barreras, que tenemos que seguir trabajando y que el objetivo es alcanzar una relaci\u00f3n equilibrada, de largo plazo, que no solamente incluya el intercambio, la importaci\u00f3n, la exportaci\u00f3n, sino las impresiones y las alianzas para buscar otros mercados\u201d.<\/p>\n<p>\u201cNosotros esperamos que Colombia, que ha sido durante a\u00f1os un aliado estrat\u00e9gico y que en los \u00faltimos a\u00f1os ha sido el principal socio comercial de Venezuela, nos de la preferencia, las ventajas, que le da a otros pa\u00edses, a otros vecinos, para que podamos fortalecer esta relaci\u00f3n\u201d, agreg\u00f3 Fern\u00e1ndez.\u00a0 Apuesta a que, en los a\u00f1os por venir, tendremos un intercambio much\u00edsimo mayor al que hemos tenido, tambi\u00e9n una profundizaci\u00f3n en el intercambio acad\u00e9mico, cultural y cient\u00edfico.<\/p>\n<p>Por Flavio Borquez Tarff<\/p>\n<p>La vicepresidenta de la Rep\u00fablica Bolivariana de Venezuela, Delcy Rodr\u00edguez, catalog\u00f3 la actividad como \u201chist\u00f3rica\u201d, donde el empresariado de Colombia y Venezuela, \u201cbuscan caminos comunes y esto gracias a la reanudaci\u00f3n de relaciones entre el Gobierno de Colombia y el Gobierno de Venezuela\u201d. \u201cNo hay otro camino que el entendimiento entre pueblos hermanos\u201d.<\/p>\n<p>Inform\u00f3 la vicepresidenta que est\u00e1n trabajando con el ministro Germ\u00e1n Uma\u00f1a en la direcci\u00f3n de la revisi\u00f3n del Acuerdo Comercial 28, y que se deber\u00eda retomar el esp\u00edritu que lo anima, que es un esp\u00edritu de complementariedad, de crecimiento para ambos pa\u00edses y \u201cen base a ese esp\u00edritu, sentarnos a hablar\u201d.<\/p>\n<p>Reconoci\u00f3 el trabajo de los sectores productivos del pa\u00eds al manifestar que las sanciones impuestas han impactado a la actividad econ\u00f3mica de Venezuela.<\/p>\n<p>Delcy Rodr\u00edguez durante su mensaje de cierre y ante la presencia de empresarios colombianos, hizo menci\u00f3n del cambio de paradigma, del paradigma del rentismo, para impactar positivamente en la producci\u00f3n de alimentos. \u201cEstamos buscando impactos muy positivos en el crecimiento de la producci\u00f3n de carne, leche, az\u00facar, sardinas, leguminosas. Estamos produciendo m\u00e1s alimentos para Venezuela, pero tambi\u00e9n para la exportaci\u00f3n\u201d. \u201cVenimos recuperando mercados para nuestros productos\u201d, asegur\u00f3 la vicepresidenta Rodr\u00edguez.<\/p>\n<p>Destac\u00f3 que ciertamente hay un desequilibrio en la relaci\u00f3n Colombia \u2013 Venezuela. Nuestro pa\u00eds y Colombia tienen 11.452 c\u00f3digos en arancel y aduanas vigentes, donde se muestra un desbalance favorable al vecino pa\u00eds, Colombia. \u201cTenemos que ir sin duda a un equilibrio, y en eso estamos trabajando los gobiernos con muy buen \u00e1nimo\u201d, asegur\u00f3.<\/p>\n<p>Tambi\u00e9n hizo referencia a la creaci\u00f3n de una Zona Econ\u00f3mica Binacional en nuestras fronteras, en el Norte de Santander y el estado T\u00e1chira, donde se pueda tener una zona en com\u00fan, binacional, con condiciones especiales para incrementar producci\u00f3n necesaria para nuestros pa\u00edses.<\/p>\n<p>Por Flavio Borquez Tarff<\/p>\n<p>Asegur\u00f3 que ambos gobiernos est\u00e1n trabajando para el beneficio de los sectores productivos tanto de Colombia como de Venezuela y solo nos falta un poquito de coordinaci\u00f3n y de reordenamiento para que la relaci\u00f3n comercial sea de equilibrio.<\/p>\n<p>Durante la Misi\u00f3n Exploratoria y Comercial los empresarios colombianos tuvieron la oportunidad de conocer con m\u00e1s detalle nuestra situaci\u00f3n econ\u00f3mica, proyecciones y potencialidades, con la presentaci\u00f3n de destacados especialistas; entre ellos: Asdr\u00fabal Oliveros, director de Ecoanal\u00edtica; Luis Alberto Russi\u00e1n, presidente de la Junta Directiva de Cavecol; Jennyn Osorio, gerente de Asuntos Econ\u00f3micos de Conapri; Enrique Madureri, presidente de la C\u00e1mara Venezolana de la Construcci\u00f3n; Juvenal Arvel\u00e1ez, presidente ejecutivo de Cavidea; Italo Atencio, presidente de Ansa; Nelson Acosta, presidente de la Junta Directiva de la Asociaci\u00f3n Bancaria de Venezuela; \u00c1ngel C\u00e1rdenas Sosa, Gerente de Desarrollo Urbano y Agua y Econom\u00edas Creativas de la Corporaci\u00f3n Andina de Fomento (CDAF); Alfonso Riera, director de Front Consulting y Ram\u00f3n Goyo, presidente de Avex.<\/p>\n<p>El pr\u00f3ximo encuentro empresarial entre ambas naciones, se realizar\u00e1 el pr\u00f3ximo 16 de diciembre en Cartagena, Colombia.<\/p>\n<p>Por Flavio Borquez Tarff<\/p>\n","protected":false},"excerpt":{"rendered":"<p>Por Flavio Borquez Tarff Caracas recibi\u00f3 durante dos d\u00edas la primera Misi\u00f3n Exploratoria y Comercial organizada por la Federaci\u00f3n de Comerciantes de Colombia (Fenalco), con el apoyo institucional de Fedec\u00e1maras. El objetivo de la Misi\u00f3n fue iniciar acercamientos que promuevan el comercio binacional, la realizaci\u00f3n de proyectos e inversiones en sectores estrat\u00e9gicos, la creaci\u00f3n de [&hellip;]<\/p>\n","protected":false},"author":2,"featured_media":13983,"comment_status":"closed","ping_status":"open","sticky":false,"template":"","format":"standard","meta":[],"categories":[93,146,2],"tags":[1368,9698],"wppr_data":{"cwp_meta_box_check":"No"},"_links":{"self":[{"href":"https:\/\/www.notaoficial.com\/s\/wp-json\/wp\/v2\/posts\/13982"}],"collection":[{"href":"https:\/\/www.notaoficial.com\/s\/wp-json\/wp\/v2\/posts"}],"about":[{"href":"https:\/\/www.notaoficial.com\/s\/wp-json\/wp\/v2\/types\/post"}],"author":[{"embeddable":true,"href":"https:\/\/www.notaoficial.com\/s\/wp-json\/wp\/v2\/users\/2"}],"replies":[{"embeddable":true,"href":"https:\/\/www.notaoficial.com\/s\/wp-json\/wp\/v2\/comments?post=13982"}],"version-history":[{"count":2,"href":"https:\/\/www.notaoficial.com\/s\/wp-json\/wp\/v2\/posts\/13982\/revisions"}],"predecessor-version":[{"id":13985,"href":"https:\/\/www.notaoficial.com\/s\/wp-json\/wp\/v2\/posts\/13982\/revisions\/13985"}],"wp:featuredmedia":[{"embeddable":true,"href":"https:\/\/www.notaoficial.com\/s\/wp-json\/wp\/v2\/media\/13983"}],"wp:attachment":[{"href":"https:\/\/www.notaoficial.com\/s\/wp-json\/wp\/v2\/media?parent=13982"}],"wp:term":[{"taxonomy":"category","embeddable":true,"href":"https:\/\/www.notaoficial.com\/s\/wp-json\/wp\/v2\/categories?post=13982"},{"taxonomy":"post_tag","embeddable":true,"href":"https:\/\/www.notaoficial.com\/s\/wp-json\/wp\/v2\/tags?post=13982"}],"curies":[{"name":"wp","href":"https:\/\/api.w.org\/{rel}","templated":true}]}}