{"id":14054,"date":"2022-11-30T00:12:04","date_gmt":"2022-11-30T04:12:04","guid":{"rendered":"https:\/\/www.notaoficial.com\/s\/?p=14054"},"modified":"2022-11-30T00:12:04","modified_gmt":"2022-11-30T04:12:04","slug":"artistas-del-colectivo-caribes-exponen-sus-obras-luis-felipe-baca-arbulu","status":"publish","type":"post","link":"https:\/\/www.notaoficial.com\/s\/2022\/11\/30\/artistas-del-colectivo-caribes-exponen-sus-obras-luis-felipe-baca-arbulu\/","title":{"rendered":"Artistas del colectivo Caribes exponen sus obras"},"content":{"rendered":"<p>Por Luis Felipe Baca Arbulu<\/p>\n<div dir=\"auto\">Una exposici\u00f3n titulada \u201cLa Vuelta\u201d ser\u00e1 inaugurada en Caracas el 2 de diciembre de 2022 a las 6:00 pm, en los espacios de ToTakeOut.Studio, con una selecci\u00f3n de obras de los artistas Theo Guedez, Ghusto leon , Malandrophotos y Zurdo caribe.<\/div>\n<div dir=\"auto\"><\/div>\n<div dir=\"auto\">Seg\u00fan expresan los artistas del colectivo en el texto que acompa\u00f1a la muestra, \u201cUna vuelta es muchas cosas, una cosa a la vez. Podemos decir que una vuelta es una manera de resolver r\u00e1pido, algo que hacemos para resolver; decimos que una vuelta es un evento, un lugar al que ir a hacer algo; diremos tambi\u00e9n que una vuelta es una gu\u00eda, la hoja de instrucciones necesarias para resolver ese evento sin problemas ni sobresaltos. Finalmente, una vuelta es volver, regresar, hecho lo hecho y vivido lo vivido. Esta vuelta es muchas cosas, todas esas cosas a la vez\u201d.<\/div>\n<div dir=\"auto\"><\/div>\n<div dir=\"auto\">De acuerdo a estos creadores, \u201cLa historia del artista venezolano que sale a hacer obra afuera para volver a ser alguien en casa no es nueva (&#8230;) El \u00e9xito\u00a0 \u00a0del\u00a0 artista\u00a0 criollo\u00a0 depende\u00a0 mucho\u00a0 de\u00a0 sus peripecias en el exterior, de exaltar el relato de su carrera de una forma que lo muestre triunfante y bien rodeado, del n\u00famero de exposiciones en los lugares correctos; creo que\u00a0 no\u00a0 generalizamos\u00a0 al\u00a0 decir\u00a0 que\u00a0 ese es el cuento m\u00e1s contado por nosotros mismos para hacernos un lugar en la historia del arte, para que nos ense\u00f1en como \u201cganadores\u201d en los libros de arte de octavo grado de nuestros chamos. Ahora, la historia del graffitero que sale a hacerse un nombre a pulso en la pista (un solo rostro -sin rostro), a forjarse un nombre (an\u00f3nimo) al otro lado del atl\u00e1ntico, es m\u00e1s rara (&#8230;) la historia de la pulsi\u00f3n est\u00e9tica que (se) descubre como sujeto hist\u00f3rico capaz de construirse un discurso coherente y una identidad capaz de hablarle a un mundo que desborda las fronteras del mundo, no solo es extra\u00f1a, esta historia es in\u00e9dita\u201d.<\/div>\n<div dir=\"auto\"><\/div>\n<div dir=\"auto\">Por Luis Felipe Baca Arbulu<\/div>\n<div dir=\"auto\"><\/div>\n<div dir=\"auto\">Asimismo afirman que \u201caunque aqu\u00ed la vuelta lleve el acento en volver, ese volver no es \u00fanicamente un regresar a casa, es sobre todo, una forma de narrar. Esta vuelta es para contarle a todos lo que vimos y pas\u00f3, lo que no nos cont\u00f3 nadie y tuvimos que aprender; es el resultado de vivencias y experiencias compartidas con las que descubrimos un mundo que no siempre te abre las puertas al llegar, pero al que siempre le jugamos vivo y casi siempre le ganamos\u00a0 la\u00a0 partida.\u00a0 Esta vuelta\u00a0 en ese sentido\u00a0 es un anecdotario, una antolog\u00eda de cuentos, un compendio de narraciones extraordinarias que no siempre se dir\u00e1n en voz alta, pero que todos conocen en silencio\u201d.<\/div>\n<div dir=\"auto\"><\/div>\n<div dir=\"auto\">Por Luis Felipe Baca Arbulu<\/div>\n<div dir=\"auto\"><\/div>\n<div dir=\"auto\">Nacidos en Caracas, los cuatro artistas que participan en \u201cLa Vuelta\u201d han desarrollado una importante trayectoria en la que destaca el premio GLobetrotter Worldpress 2018, as\u00ed como tambi\u00e9n su presencia en Art Basel y en la feria de arte de Par\u00eds, ambos eventos en 2022; su participaci\u00f3n como grupo en el Festival Hip Hop al Parque en Bogot\u00e1 2009; la velada de Santa Luc\u00eda en Maracaibo por dos a\u00f1os consecutivos (2011 y 2012); el Meeting of styles en Quito de 2010 y el Outline Festival Moscow del a\u00f1o 2015, entre otros. Cabe destacar tambi\u00e9n las colaboraciones que han hecho con m\u00fasicos, por ejemplo: La m\u00edtica car\u00e1tula del \u00e1lbum Vida Muerte del fallecido rapero venezolano Canserbero en 2012; el arte para Apa Can (Apache-Canserbero) en 2013; la car\u00e1tula del \u00e1lbum Funky Fresco de Akapellah &amp; Lil Supa en 2020, adem\u00e1s de trabajar para marcas de renombre a nivel mundial como Montana, Montana Cans, Loop, Flame para mencionar las que est\u00e1n relacionadas al mundo del graffiti, pero vale destacar entre estas colaboraciones la que hicieron con el revolucionario dise\u00f1ador Virgil Abloh -recientemente fallecido- para su marca OFF WHITE y para la cl\u00e1sica casa de moda Louis Vuitton entre los a\u00f1os 2021 y 2022.<\/div>\n<div dir=\"auto\"><\/div>\n<div dir=\"auto\">Durante los \u00faltimos 10 a\u00f1os los artistas del colectivo CARIBES han viajado y pintado graffiti en m\u00e1s de 60 pa\u00edses, involucr\u00e1ndose con las escenas de cada uno de los lugares que visitan y dejando una marca que aunque ef\u00edmera en muchos casos han logrado mantenerse indeleble en el tiempo.<\/div>\n<div dir=\"auto\"><\/div>\n<div dir=\"auto\">La exposici\u00f3n \u201cLa Vuelta\u201d se estar\u00e1 presentando del 2 al 10 de diciembre de 2022, en los espacios de <a href=\"https:\/\/www.google.com\/url?sa=t&amp;rct=j&amp;q=&amp;esrc=s&amp;source=web&amp;cd=&amp;cad=rja&amp;uact=8&amp;ved=2ahUKEwjU5t_ghNX7AhUNZzABHWRpApkQFnoECA8QAQ&amp;url=https%3A%2F%2Fwww.instagram.com%2Ftotakeout.studio%2F&amp;usg=AOvVaw2Dt0KXog_w9W35vrSpOOhM\">ToTakeOut.Studio<\/a>, ubicado en el piso 2 del Edificio Industrial Casabera, Avenida Principal de Bole\u00edta c\/calle Tiuna, Caracas.<\/div>\n<p>Por Luis Felipe Baca Arbulu<\/p>\n","protected":false},"excerpt":{"rendered":"<p>Por Luis Felipe Baca Arbulu Una exposici\u00f3n titulada \u201cLa Vuelta\u201d ser\u00e1 inaugurada en Caracas el 2 de diciembre de 2022 a las 6:00 pm, en los espacios de ToTakeOut.Studio, con una selecci\u00f3n de obras de los artistas Theo Guedez, Ghusto leon , Malandrophotos y Zurdo caribe. Seg\u00fan expresan los artistas del colectivo en el texto [&hellip;]<\/p>\n","protected":false},"author":2,"featured_media":14055,"comment_status":"closed","ping_status":"open","sticky":false,"template":"","format":"standard","meta":[],"categories":[93,463,146,2],"tags":[1371,9700],"wppr_data":{"cwp_meta_box_check":"No"},"_links":{"self":[{"href":"https:\/\/www.notaoficial.com\/s\/wp-json\/wp\/v2\/posts\/14054"}],"collection":[{"href":"https:\/\/www.notaoficial.com\/s\/wp-json\/wp\/v2\/posts"}],"about":[{"href":"https:\/\/www.notaoficial.com\/s\/wp-json\/wp\/v2\/types\/post"}],"author":[{"embeddable":true,"href":"https:\/\/www.notaoficial.com\/s\/wp-json\/wp\/v2\/users\/2"}],"replies":[{"embeddable":true,"href":"https:\/\/www.notaoficial.com\/s\/wp-json\/wp\/v2\/comments?post=14054"}],"version-history":[{"count":1,"href":"https:\/\/www.notaoficial.com\/s\/wp-json\/wp\/v2\/posts\/14054\/revisions"}],"predecessor-version":[{"id":14056,"href":"https:\/\/www.notaoficial.com\/s\/wp-json\/wp\/v2\/posts\/14054\/revisions\/14056"}],"wp:featuredmedia":[{"embeddable":true,"href":"https:\/\/www.notaoficial.com\/s\/wp-json\/wp\/v2\/media\/14055"}],"wp:attachment":[{"href":"https:\/\/www.notaoficial.com\/s\/wp-json\/wp\/v2\/media?parent=14054"}],"wp:term":[{"taxonomy":"category","embeddable":true,"href":"https:\/\/www.notaoficial.com\/s\/wp-json\/wp\/v2\/categories?post=14054"},{"taxonomy":"post_tag","embeddable":true,"href":"https:\/\/www.notaoficial.com\/s\/wp-json\/wp\/v2\/tags?post=14054"}],"curies":[{"name":"wp","href":"https:\/\/api.w.org\/{rel}","templated":true}]}}