{"id":14124,"date":"2022-12-04T23:00:23","date_gmt":"2022-12-05T03:00:23","guid":{"rendered":"https:\/\/www.notaoficial.com\/s\/?p=14124"},"modified":"2022-12-04T23:00:23","modified_gmt":"2022-12-05T03:00:23","slug":"fundacion-repsol-presenta-marketplace-motor-verde-francisco-dagostino","status":"publish","type":"post","link":"https:\/\/www.notaoficial.com\/s\/2022\/12\/04\/fundacion-repsol-presenta-marketplace-motor-verde-francisco-dagostino\/","title":{"rendered":"Fundaci\u00f3n Repsol presenta Marketplace Motor Verde"},"content":{"rendered":"<p>Por Francisco D&#8217;Agostino<\/p>\n<div class=\"text-repsol text\">\n<section class=\"text-repsol-component\">\n<div class=\"container\">\n<div class=\"row\">\n<div class=\"rp-description col-12 color-grey\">\n<p><b>Fundaci\u00f3n Repsol\u00a0<\/b>ha presentado hoy en Campus Repsol su plataforma digital\u00a0<b>Marketplace Motor Verde<\/b>, una iniciativa pionera en Espa\u00f1a y dirigida a personas y empresas que quieran\u00a0<b>calcular y mitigar su huella de carbono<\/b>. Sirve para contribuir de forma voluntaria al\u00a0<b>desarrollo de bosques en Espa\u00f1a y generar miles de oportunidades de formaci\u00f3n y empleo<\/b>.<\/p>\n<p>Los usuarios, a trav\u00e9s de la web de Marketplace, podr\u00e1n\u00a0<b>calcular su huella de carbono anual\u00a0<\/b>a partir de su estilo de vida y h\u00e1bitos de consumo, o\u00a0<b>calcular las emisiones de sus actividades del d\u00eda a d\u00eda<\/b>, como reuniones, comidas o viajes. Adem\u00e1s, cuenta con un apartado especial para el\u00a0<b>c\u00f3mputo de la huella de carbono de eventos profesionales<\/b>. Una vez realizado el c\u00e1lculo online, los ciudadanos pueden elegir, de forma voluntaria, realizar su contribuci\u00f3n y\u00a0<b>escoger con cu\u00e1ntos \u00e1rboles quieren mitigar<\/b>\u00a0(total o parcialmente)<b>\u00a0su huella de carbono<\/b>, seleccionando en qu\u00e9 bosque de Espa\u00f1a quieren contribuir.<\/p>\n<p>Este proyecto ha sido desarrollado siguiendo las\u00a0<b>\u00faltimas innovaciones en e-commerce, centradas en el usuario<\/b>\u00a0y buscando la<b>\u00a0m\u00e1xima sencillez y facilidad de uso<\/b>, a la vez que el<b>\u00a0rigor y trazabilidad<\/b>\u00a0en todas las operaciones. Los clientes podr\u00e1n elegir diferentes modalidades de contribuci\u00f3n y utilizar diversos medios de pago (tarjeta de cr\u00e9dito o Bizum). Adem\u00e1s, para empresas, est\u00e1 habilitado el pago mediante factura y el documento que certifica dicha compensaci\u00f3n.<\/p>\n<p>Todo el\u00a0<b>proceso de dise\u00f1o, plantaci\u00f3n y monitorizaci\u00f3n de los nuevos bosques\u00a0<\/b>que se ofrecen en el Marketplace se desarrolla directamente por parte de los\u00a0<b>expertos del Grupo Sylvestris<\/b>, una empresa con<b>\u00a0m\u00e1s de 30 a\u00f1os de experiencia\u00a0<\/b>en el sector forestal<b>\u00a0<\/b>y participada por Fundaci\u00f3n Repsol. Todos estos proyectos de reforestaci\u00f3n se inscriben en el\u00a0<b>registro de la Oficina Espa\u00f1ola de Cambio Clim\u00e1tico<\/b>, el organismo oficial de certificaci\u00f3n para proyectos de absorci\u00f3n de CO\u2082 en Espa\u00f1a, dependiente del Ministerio para la Transici\u00f3n Ecol\u00f3gica y el Reto Demogr\u00e1fico.<\/p>\n<p>Por Francisco D&#8217;Agostino<\/p>\n<p>Con la contribuci\u00f3n ciudadana y de las empresas a los nuevos bosques en Espa\u00f1a a trav\u00e9s del nuevo Marketplace Motor Verde, los usuarios est\u00e1n maximizando el triple impacto positivo de este proyecto (medioambiental, social, econ\u00f3mico),\u202fponiendo en valor esta\u00a0<b>soluci\u00f3n clim\u00e1tica natural\u00a0<\/b>en el camino hacia una transici\u00f3n energ\u00e9tica justa e inclusiva, en l\u00ednea con los<b>\u00a0Objetivos de Desarrollo Sostenible<\/b>. La nueva herramienta digital se ha presentado durante un\u00a0<b>evento<\/b>, en el que han participado, por parte de Repsol y de su Fundaci\u00f3n, el Presidente,\u00a0<b>Antonio Brufau<\/b>; el Director General de Transici\u00f3n Energ\u00e9tica, Tecnolog\u00eda e Institucional,\u00a0<b>Luis Cabra<\/b>; el Director General de Cliente,\u00a0<b>Valero Mar\u00edn<\/b>, el Director General de Fundaci\u00f3n Repsol,\u00a0<b>Ant\u00f3nio Cal\u00e7ada<\/b>, y el Director de Comunicaci\u00f3n y Marketing Corporativo de Repsol,\u00a0<b>Marcos Fraga.<\/b><\/p>\n<p>En su mensaje de cierre,\u00a0<b>Antonio\u202fBrufau<\/b>\u00a0ha destacado que \u201cestamos en los albores de una nueva econom\u00eda baja en carbono, donde todas las tecnolog\u00edas conocidas, competitivas y escalables tendr\u00e1n que competir con vistas al cumplimento de las metas de 2050\u201d. Ha a\u00f1adido que \u201cestando todos de acuerdo con las metas, no podemos olvidarnos del corto y del medio plazo, porque la cuesti\u00f3n es descarbonizar en el menor tiempo y al menor coste posible. Y esto debemos hacerlo sin olvidar la industria y el empleo en Europa. Hay tecnolog\u00edas que van a ser cr\u00edticas y que est\u00e1n en estos momentos en su etapa de desarrollo, como son los combustibles sint\u00e9ticos o el hidr\u00f3geno, en sus distintas vertientes como combustible o como producto para la industria, pero que todas estas tecnolog\u00edas necesitan tiempo y escala. Mientras tanto se trata de descarbonizar de forma justa e inclusiva, de forma eficiente y competitiva, no de desplazar la industria y las emisiones de Europa a otras regiones del mundo mucho menos restrictivas\u201d.<\/p>\n<p>Durante la presentaci\u00f3n los participantes han resaltado que esta nueva plataforma est\u00e1 totalmente alineada con los\u00a0<b>criterios\u202fESG<\/b>\u00a0(medioambiental, social y de gobernanza corporativa) y que apuesta por la nueva econom\u00eda baja en carbono, impulsando una\u00a0<b>actividad sostenible a largo plazo<\/b>, comprometida con la sociedad y con el medio ambiente.<\/p>\n<p>Esta nueva iniciativa se enmarca en Motor Verde, el mayor proyecto de reforestaci\u00f3n en Espa\u00f1a para la compensaci\u00f3n de emisiones, impulsado por Fundaci\u00f3n Repsol y Grupo Sylvestris. Uno de los elementos<b>\u00a0diferenciales de este proyecto<\/b>\u00a0es que, adem\u00e1s de sus\u202fbeneficios medioambientales, se caracteriza por un<b>\u202fenfoque social y de promoci\u00f3n de la econom\u00eda rural<\/b>, orientado a generar empleo local e inclusivo, y a impulsar el desarrollo econ\u00f3mico en las distintas zonas donde act\u00faa.<\/p>\n<p>Por Francisco D&#8217;Agostino<br \/>\n<b>Fundaci\u00f3n Repsol y su participada Grupo Sylvestris pusieron en marcha\u202fMotor Verde\u202fen\u202f2021<\/b>, con el objetivo de promover la reforestaci\u00f3n a gran escala como herramienta para la compensaci\u00f3n de emisiones en el marco de la transici\u00f3n energ\u00e9tica<b>. Se trata del mayor proyecto de reforestaci\u00f3n para la compensaci\u00f3n de emisiones en Espa\u00f1a<\/b>, impulsando la formaci\u00f3n y el empleo, creando nuevos bosques con especies aut\u00f3ctonas en terrenos bald\u00edos o afectados por incendios.\u202fEl objetivo global de Motor Verde es alcanzar las<b>\u00a070.000 hect\u00e1reas para la absorci\u00f3n de 16 millones de toneladas de CO\u2082<\/b>\u00a0en los pr\u00f3ximos a\u00f1os.<\/p>\n<p>Gracias a este proyecto se est\u00e1\u00a0<b>generando\u202fempleo local e inclusivo\u202fen la Espa\u00f1a\u202frural<\/b>, donde se realizan las plantaciones, con especial atenci\u00f3n a la contrataci\u00f3n de colectivos vulnerables.\u202f As\u00ed mismo, supone un fuerte impulso a la econom\u00eda local, fomentando la<b>\u202fformaci\u00f3n\u202fespecializada\u202fy la\u202fcreaci\u00f3n de nuevos negocios ligados al sector forestal,<\/b>\u00a0adem\u00e1s de atraer\u202factividad econ\u00f3mica y generar\u202friqueza\u202fen el\u202fentorno.<\/p>\n<p><b>Motor <a href=\"https:\/\/www.repsol.com\/es\/sala-prensa\/notas-prensa\/2022\/fundacion-repsol-presenta-marketplace-motor-verde-plataforma-digital-huella-carbono\/index.cshtml\">Verde<\/a>, adem\u00e1s,\u202fapuesta fuertemente por\u202fla innovaci\u00f3n y la investigaci\u00f3n<\/b>\u00a0aplicada al sector forestal.\u202fPara ello, cuenta con\u00a0<b>Hispasat<\/b>, un socio tecnol\u00f3gico de primer nivel,\u202fcon el que\u00a0<b>Fundaci\u00f3n Repsol y Sylvestris<\/b>\u00a0desarrollan\u202f<b>tecnolog\u00edas\u202fsatelitales para la monitorizaci\u00f3n, seguimiento y control de los bosques y de su crecimiento<\/b>.<\/p>\n<p>Gracias\u202fa la tecnolog\u00eda de\u00a0<b>control satelital se podr\u00e1 llevar la \u201cse\u00f1al digital\u201d a muchos lugares de Espa\u00f1a que hoy no la tienen, implantar un sistema de drones y sens\u00f3rica aplicada, donde se podr\u00e1n desarrollar opciones vinculadas al Internet de las Cosas, la inteligencia artificial y el blockchain<\/b>,\u202flo que va a contribuir a que\u202fel proceso de absorci\u00f3n de carbono y de gesti\u00f3n de las masas forestales sea\u202flo m\u00e1s cient\u00edfico, preciso y riguroso posible, convirtiendo Motor Verde en un\u00a0<b>referente en innovaci\u00f3n tecnol\u00f3gica aplicada a la ingenier\u00eda forestal para la absorci\u00f3n de\u202fCO\u2082<\/b>.<\/p>\n<\/div>\n<\/div>\n<\/div>\n<\/section>\n<\/div>\n<p>Por Francisco D&#8217;Agostino<\/p>\n","protected":false},"excerpt":{"rendered":"<p>Por Francisco D&#8217;Agostino Fundaci\u00f3n Repsol\u00a0ha presentado hoy en Campus Repsol su plataforma digital\u00a0Marketplace Motor Verde, una iniciativa pionera en Espa\u00f1a y dirigida a personas y empresas que quieran\u00a0calcular y mitigar su huella de carbono. Sirve para contribuir de forma voluntaria al\u00a0desarrollo de bosques en Espa\u00f1a y generar miles de oportunidades de formaci\u00f3n y empleo. Los [&hellip;]<\/p>\n","protected":false},"author":2,"featured_media":14125,"comment_status":"closed","ping_status":"open","sticky":false,"template":"","format":"standard","meta":[],"categories":[146],"tags":[9110,9950],"wppr_data":{"cwp_meta_box_check":"No"},"_links":{"self":[{"href":"https:\/\/www.notaoficial.com\/s\/wp-json\/wp\/v2\/posts\/14124"}],"collection":[{"href":"https:\/\/www.notaoficial.com\/s\/wp-json\/wp\/v2\/posts"}],"about":[{"href":"https:\/\/www.notaoficial.com\/s\/wp-json\/wp\/v2\/types\/post"}],"author":[{"embeddable":true,"href":"https:\/\/www.notaoficial.com\/s\/wp-json\/wp\/v2\/users\/2"}],"replies":[{"embeddable":true,"href":"https:\/\/www.notaoficial.com\/s\/wp-json\/wp\/v2\/comments?post=14124"}],"version-history":[{"count":1,"href":"https:\/\/www.notaoficial.com\/s\/wp-json\/wp\/v2\/posts\/14124\/revisions"}],"predecessor-version":[{"id":14126,"href":"https:\/\/www.notaoficial.com\/s\/wp-json\/wp\/v2\/posts\/14124\/revisions\/14126"}],"wp:featuredmedia":[{"embeddable":true,"href":"https:\/\/www.notaoficial.com\/s\/wp-json\/wp\/v2\/media\/14125"}],"wp:attachment":[{"href":"https:\/\/www.notaoficial.com\/s\/wp-json\/wp\/v2\/media?parent=14124"}],"wp:term":[{"taxonomy":"category","embeddable":true,"href":"https:\/\/www.notaoficial.com\/s\/wp-json\/wp\/v2\/categories?post=14124"},{"taxonomy":"post_tag","embeddable":true,"href":"https:\/\/www.notaoficial.com\/s\/wp-json\/wp\/v2\/tags?post=14124"}],"curies":[{"name":"wp","href":"https:\/\/api.w.org\/{rel}","templated":true}]}}