{"id":14127,"date":"2022-12-04T23:07:14","date_gmt":"2022-12-05T03:07:14","guid":{"rendered":"https:\/\/www.notaoficial.com\/s\/?p=14127"},"modified":"2022-12-04T23:07:14","modified_gmt":"2022-12-05T03:07:14","slug":"la-cumbre-mundial-sobre-las-aguas-subterraneas-tendra-lugar-en-la-unesco-los-dias-7-y-8-de-diciembre","status":"publish","type":"post","link":"https:\/\/www.notaoficial.com\/s\/2022\/12\/04\/la-cumbre-mundial-sobre-las-aguas-subterraneas-tendra-lugar-en-la-unesco-los-dias-7-y-8-de-diciembre\/","title":{"rendered":"La Cumbre mundial sobre las aguas subterr\u00e1neas tendr\u00e1 lugar en la UNESCO los d\u00edas 7 y 8 de diciembre"},"content":{"rendered":"<p>Por Flavio Borquez Tarff<\/p>\n<div class=\"field__item\">\n<div class=\"paragraph paragraph--type--rich-text paragraph--view-mode--default\">\n<div class=\"rich-text clearfix text-formatted field field--name-field-text field--type-text-long field--label-hidden field__item\">\n<p>El agua superficial contenida en r\u00edos y lagos se ha vuelto m\u00e1s escasa como consecuencia del cambio clim\u00e1tico y de la sobreexplotaci\u00f3n. Esto ha llevado a muchos pa\u00edses a depender en mayor medida de las aguas subterr\u00e1neas, habi\u00e9ndose sextuplicado la extracci\u00f3n en todo el mundo en los \u00faltimos 70 a\u00f1os. Los niveles actuales de uso de las aguas subterr\u00e1neas son hist\u00f3ricamente bajos.<\/p>\n<p>La sobreexplotaci\u00f3n de los acu\u00edferos puede provocar la p\u00e9rdida de valiosos ecosistemas, el hundimiento del terreno y la intrusi\u00f3n de agua de mar en los acu\u00edferos costeros. El deterioro de la cantidad o la calidad de las aguas subterr\u00e1neas contenidas en los acu\u00edferos tambi\u00e9n est\u00e1 dificultando el acceso al agua potable y el desarrollo socioecon\u00f3mico.<\/p>\n<\/div>\n<\/div>\n<\/div>\n<div class=\"field__item\">\n<div id=\"una-coalici\u00f3n-de-cooperaci\u00f3n-en-materia-de-aguas-transfronterizas\" class=\"paragraph paragraph--type--rich-text paragraph--view-mode--default\">\n<div class=\"field field--name-field-title field--type-string field--label-hidden field__item\">\n<p>Una Coalici\u00f3n de Cooperaci\u00f3n en materia de Aguas Transfronterizas<\/p>\n<p>Por Flavio Borquez Tarff<\/p>\n<\/div>\n<div class=\"rich-text clearfix text-formatted field field--name-field-text field--type-text-long field--label-hidden field__item\">\n<p>Es urgente establecer una gesti\u00f3n sostenible de las aguas subterr\u00e1neas, que depende de la cooperaci\u00f3n internacional. Sin embargo, hoy en d\u00eda esta cooperaci\u00f3n no existe, de los 468 acu\u00edferos transfronterizos catalogados por la UNESCO en el mundo, s\u00f3lo 6 se gestionan mediante acuerdos y mecanismos de coordinaci\u00f3n entre los Estados afectados.<\/p>\n<p>La UNESCO, como Organizaci\u00f3n de las Naciones Unidas para la Ciencia, se ha comprometido a crear las condiciones para esta cooperaci\u00f3n internacional. La Cumbre de los d\u00edas 7 y 8 de diciembre en la sede de la Organizaci\u00f3n reunir\u00e1 a 3.000 personas de todo el mundo para responder a este desaf\u00edo: representantes de los 193 Estados miembros de la UNESCO, organismos de las Naciones Unidas, organizaciones intergubernamentales, organizaciones no gubernamentales, entre otros actores principales.<\/p>\n<p>La UNESCO se ha fijado como objetivo el lanzamiento de una Coalici\u00f3n para la Cooperaci\u00f3n en materia de Aguas Transfronterizas con el fin de lograr compromisos concretos que se presentar\u00e1n en la Conferencia de las Naciones Unidas sobre el Agua que tendr\u00e1 lugar en Nueva York en marzo de 2023.<\/p>\n<p>Fuente: <a href=\"https:\/\/www.unesco.org\/es\/articles\/la-cumbre-mundial-sobre-las-aguas-subterraneas-tendra-lugar-en-la-unesco-los-dias-7-y-8-de-diciembre?hub=701\">UNESCO<\/a><\/p>\n<\/div>\n<\/div>\n<\/div>\n<p>Por Flavio Borquez Tarff<\/p>\n","protected":false},"excerpt":{"rendered":"<p>Por Flavio Borquez Tarff El agua superficial contenida en r\u00edos y lagos se ha vuelto m\u00e1s escasa como consecuencia del cambio clim\u00e1tico y de la sobreexplotaci\u00f3n. Esto ha llevado a muchos pa\u00edses a depender en mayor medida de las aguas subterr\u00e1neas, habi\u00e9ndose sextuplicado la extracci\u00f3n en todo el mundo en los \u00faltimos 70 a\u00f1os. Los [&hellip;]<\/p>\n","protected":false},"author":2,"featured_media":14128,"comment_status":"closed","ping_status":"open","sticky":false,"template":"","format":"standard","meta":[],"categories":[146],"tags":[9698,3754],"wppr_data":{"cwp_meta_box_check":"No"},"_links":{"self":[{"href":"https:\/\/www.notaoficial.com\/s\/wp-json\/wp\/v2\/posts\/14127"}],"collection":[{"href":"https:\/\/www.notaoficial.com\/s\/wp-json\/wp\/v2\/posts"}],"about":[{"href":"https:\/\/www.notaoficial.com\/s\/wp-json\/wp\/v2\/types\/post"}],"author":[{"embeddable":true,"href":"https:\/\/www.notaoficial.com\/s\/wp-json\/wp\/v2\/users\/2"}],"replies":[{"embeddable":true,"href":"https:\/\/www.notaoficial.com\/s\/wp-json\/wp\/v2\/comments?post=14127"}],"version-history":[{"count":1,"href":"https:\/\/www.notaoficial.com\/s\/wp-json\/wp\/v2\/posts\/14127\/revisions"}],"predecessor-version":[{"id":14129,"href":"https:\/\/www.notaoficial.com\/s\/wp-json\/wp\/v2\/posts\/14127\/revisions\/14129"}],"wp:featuredmedia":[{"embeddable":true,"href":"https:\/\/www.notaoficial.com\/s\/wp-json\/wp\/v2\/media\/14128"}],"wp:attachment":[{"href":"https:\/\/www.notaoficial.com\/s\/wp-json\/wp\/v2\/media?parent=14127"}],"wp:term":[{"taxonomy":"category","embeddable":true,"href":"https:\/\/www.notaoficial.com\/s\/wp-json\/wp\/v2\/categories?post=14127"},{"taxonomy":"post_tag","embeddable":true,"href":"https:\/\/www.notaoficial.com\/s\/wp-json\/wp\/v2\/tags?post=14127"}],"curies":[{"name":"wp","href":"https:\/\/api.w.org\/{rel}","templated":true}]}}