{"id":14167,"date":"2022-12-06T22:37:01","date_gmt":"2022-12-07T02:37:01","guid":{"rendered":"https:\/\/www.notaoficial.com\/s\/?p=14167"},"modified":"2022-12-06T22:37:01","modified_gmt":"2022-12-07T02:37:01","slug":"abigail-tobar-se-destaca-flavio-borquez-tarff","status":"publish","type":"post","link":"https:\/\/www.notaoficial.com\/s\/2022\/12\/06\/abigail-tobar-se-destaca-flavio-borquez-tarff\/","title":{"rendered":"Abigail Tobar se destaca"},"content":{"rendered":"<p>Por Flavio Borquez Tarff<\/p>\n<div dir=\"auto\">La Ceo &amp; Productora Abigail Tobar, directora general de la compa\u00f1\u00eda Ditokado KF de la ciudad de GUAYAQUIL, en Ecuador, se destaca a nivel nacional e internacional, nos comenta que su trabajo\u00a0 le ha permitido llegar hasta la TV, con la realizaci\u00f3n de castings para Novelas, Series, Pel\u00edculas y Videos musicales.Tobar, se ha destacado much\u00edsimo con la Campa\u00f1a Art\u00edstica Internacional Alza Tu Voz, donde enfatiza que a pasar de los a\u00f1os se la a visto inclinada m\u00e1s en el \u00e1rea\u00a0 musical.<\/div>\n<div dir=\"auto\"><\/div>\n<div dir=\"auto\">Tobar tambi\u00e9n se destaca como\u00a0 compositora\u00a0 en sus ratos libres, inspir\u00e1ndose en todos aquellos sucesos vividos.<\/div>\n<div dir=\"auto\"><\/div>\n<div dir=\"auto\">Abby, como la conocen sus amigos cercanos, nos cuenta que tiene a cargo a varios artistas internacionales, explicando que se inclina m\u00e1s por el lado\u00a0 Internacional ya que le ha tra\u00eddo m\u00e1s oportunidades para abrirse en\u00a0 la industria musical, causando impacto para los artistas, ya que crea una puerta de oportunidades para los j\u00f3venes talentos que quieren entrar a este mundo\u00a0 art\u00edstico.<\/div>\n<div dir=\"auto\"><\/div>\n<div dir=\"auto\">Por Flavio Borquez Tarff<\/div>\n<div dir=\"auto\"><\/div>\n<div dir=\"auto\">La directora enfatiza con firmeza lo amadora que es del Creador Dios como lo llama, comenta que toda su Fe est\u00e1 puesta en \u00c9l, ya que todo lo que emprenda ser\u00e1 un \u00e9xito.<\/div>\n<div dir=\"auto\">La empresaria puntualiza que se siente Bendecida de haber conocido a su gran equipo de trabajo, que le ha permitido estar donde est\u00e1 actualmente.<\/div>\n<div dir=\"auto\"><\/div>\n<div dir=\"auto\">Tambi\u00e9n es Directora de medios internacionales Uniendo a los medios internacionales por el mundo para ser voceros de la informaci\u00f3n y poder exponer el trabajo. Cuenta con medios como Tv, Radios, Medios digitales, Prensa Escrita para ser portadores del apoyo al \u00e1rea art\u00edstica.<\/div>\n<div dir=\"auto\"><\/div>\n<div dir=\"auto\">CAMPA\u00d1A ARTISTICA INTERNACIONAL<\/div>\n<div dir=\"auto\"><\/div>\n<div dir=\"auto\">ALZA TU VOZ<\/div>\n<div dir=\"auto\"><\/div>\n<div dir=\"auto\">La Ceo Productora impulsa la campa\u00f1a art\u00edstica internacional \u00abALZA TU VOZ\u00bb.<\/div>\n<div dir=\"auto\">Donde nos explica que ha comandado ya 4 fases uniendo muchos artistas de diferentes pa\u00edses del mundo para dar un mensaje de concienciaci\u00f3n al mundo a trav\u00e9s de la fusi\u00f3n musical que ha armado con su gran equipo de trabajo.<\/div>\n<div dir=\"auto\"><\/div>\n<div dir=\"auto\">La Ceo\u00a0 no desea dejar de mencionar a sus productores Darren Diaz en Fase2 con la canci\u00f3n Ya no Aguanto Mas, contamos con un productor Ecuatoriano Afro Audio en la Fase 3 y 4, de Toma Mi Mano y Grita M\u00e1s Fuerte, menciona en particular a los arreglistas que conformaron en la fase 1 que pusieron su toque en la canci\u00f3n y modificaci\u00f3n de la letra\u00a0 Mau Sanchez y Unisono que fueron parte vital nos comenta la Productora.<\/div>\n<div dir=\"auto\"><\/div>\n<div dir=\"auto\">Por Flavio Borquez Tarff<\/div>\n<div dir=\"auto\"><\/div>\n<div dir=\"auto\">Ya estamos preparando una alfombra roja donde juntar\u00e1 a todos los artistas de las Fases 1 hasta la 4, donde se est\u00e1n sumando\u00a0 productores y todos los medios internacionales para esta gran Gala, tan esperada para todos los artistas que conformaron estas producciones. pronto sabr\u00e1n m\u00e1s de las promociones y del pa\u00eds elegido para esta alfombra roja.<\/div>\n<div dir=\"auto\"><\/div>\n<div dir=\"auto\"><\/div>\n<div dir=\"auto\">GRITA MAS FUERTE<\/div>\n<div dir=\"auto\"><\/div>\n<div dir=\"auto\"><a href=\"https:\/\/www.youtube.com\/watch?v=f_c63wm4bg8\" target=\"_blank\" rel=\"noopener noreferrer\" data-saferedirecturl=\"https:\/\/www.google.com\/url?q=https:\/\/www.youtube.com\/watch?v%3Df_c63wm4bg8&amp;source=gmail&amp;ust=1670465249985000&amp;usg=AOvVaw3GwLfVwKrhIZp7GvXMwBj3\">https:\/\/www.youtube.com\/watch?<wbr \/>v=f_c63wm4bg8<\/a><\/div>\n<div dir=\"auto\"><\/div>\n<div dir=\"auto\">TOMA MI MANO<\/div>\n<div dir=\"auto\"><\/div>\n<div dir=\"auto\"><a href=\"https:\/\/www.youtube.com\/watch?v=_m6VCz3OEf0\" target=\"_blank\" rel=\"noopener noreferrer\" data-saferedirecturl=\"https:\/\/www.google.com\/url?q=https:\/\/www.youtube.com\/watch?v%3D_m6VCz3OEf0&amp;source=gmail&amp;ust=1670465249985000&amp;usg=AOvVaw3yKM8xx0nX7urXKFWlTPDa\">https:\/\/www.youtube.com\/watch?<wbr \/>v=_m6VCz3OEf0<\/a><\/div>\n<div dir=\"auto\"><\/div>\n<div dir=\"auto\"><\/div>\n<div dir=\"auto\">YA NO AGUANTO MAS<\/div>\n<div dir=\"auto\"><\/div>\n<div dir=\"auto\"><a href=\"https:\/\/www.youtube.com\/watch?v=n24xMHJVi9o\" target=\"_blank\" rel=\"noopener noreferrer\" data-saferedirecturl=\"https:\/\/www.google.com\/url?q=https:\/\/www.youtube.com\/watch?v%3Dn24xMHJVi9o&amp;source=gmail&amp;ust=1670465249985000&amp;usg=AOvVaw3s1yDtlyS23WSRpXtufVzv\">https:\/\/www.youtube.com\/watch?<wbr \/>v=n24xMHJVi9o<\/a><\/div>\n<p>Por Flavio Borquez Tarff<\/p>\n","protected":false},"excerpt":{"rendered":"<p>Por Flavio Borquez Tarff La Ceo &amp; Productora Abigail Tobar, directora general de la compa\u00f1\u00eda Ditokado KF de la ciudad de GUAYAQUIL, en Ecuador, se destaca a nivel nacional e internacional, nos comenta que su trabajo\u00a0 le ha permitido llegar hasta la TV, con la realizaci\u00f3n de castings para Novelas, Series, Pel\u00edculas y Videos musicales.Tobar, [&hellip;]<\/p>\n","protected":false},"author":2,"featured_media":14168,"comment_status":"closed","ping_status":"open","sticky":false,"template":"","format":"standard","meta":[],"categories":[93,463,146,2],"tags":[9698,381],"wppr_data":{"cwp_meta_box_check":"No"},"_links":{"self":[{"href":"https:\/\/www.notaoficial.com\/s\/wp-json\/wp\/v2\/posts\/14167"}],"collection":[{"href":"https:\/\/www.notaoficial.com\/s\/wp-json\/wp\/v2\/posts"}],"about":[{"href":"https:\/\/www.notaoficial.com\/s\/wp-json\/wp\/v2\/types\/post"}],"author":[{"embeddable":true,"href":"https:\/\/www.notaoficial.com\/s\/wp-json\/wp\/v2\/users\/2"}],"replies":[{"embeddable":true,"href":"https:\/\/www.notaoficial.com\/s\/wp-json\/wp\/v2\/comments?post=14167"}],"version-history":[{"count":1,"href":"https:\/\/www.notaoficial.com\/s\/wp-json\/wp\/v2\/posts\/14167\/revisions"}],"predecessor-version":[{"id":14169,"href":"https:\/\/www.notaoficial.com\/s\/wp-json\/wp\/v2\/posts\/14167\/revisions\/14169"}],"wp:featuredmedia":[{"embeddable":true,"href":"https:\/\/www.notaoficial.com\/s\/wp-json\/wp\/v2\/media\/14168"}],"wp:attachment":[{"href":"https:\/\/www.notaoficial.com\/s\/wp-json\/wp\/v2\/media?parent=14167"}],"wp:term":[{"taxonomy":"category","embeddable":true,"href":"https:\/\/www.notaoficial.com\/s\/wp-json\/wp\/v2\/categories?post=14167"},{"taxonomy":"post_tag","embeddable":true,"href":"https:\/\/www.notaoficial.com\/s\/wp-json\/wp\/v2\/tags?post=14167"}],"curies":[{"name":"wp","href":"https:\/\/api.w.org\/{rel}","templated":true}]}}