{"id":14300,"date":"2022-12-15T23:36:00","date_gmt":"2022-12-16T03:36:00","guid":{"rendered":"https:\/\/www.notaoficial.com\/s\/?p=14300"},"modified":"2022-12-15T23:36:00","modified_gmt":"2022-12-16T03:36:00","slug":"alfonso-pineda-reformula-el-genero-urbano","status":"publish","type":"post","link":"https:\/\/www.notaoficial.com\/s\/2022\/12\/15\/alfonso-pineda-reformula-el-genero-urbano\/","title":{"rendered":"Alfonso Pineda reformula el g\u00e9nero urbano"},"content":{"rendered":"<p>Por Raed Abib Habib<\/p>\n<p>El trombonista Alfonso Pineda, formado en El Sistema Nacional de Orquestas, luego de disfrutar del \u00e9xito que han tenido los sencillo promocionales que ha venido lanzando durante 2022, siendo \u201cBebe\u201d el \u00faltimo y m\u00e1s sonado, decide poner en el mercado su primera producci\u00f3n discogr\u00e1fica de larga duraci\u00f3n titulada <strong><em>\u201cGracias a Ti\u201d<\/em><\/strong> y que desde este 15 de diciembre ya se encuentra disponible en las principales plataformas digitales. El propio autor lo describe como <em>\u201cun \u00e1lbum\u00a0de m\u00fasica urbana con\u00a0muchas fusiones de diferentes g\u00e9neros\u00a0como reggaeton, merengue, bachata, R &amp; B, trap entre otros\u201d.<\/em><\/p>\n<p><strong><em>Gracias a Ti<\/em><\/strong> cont\u00f3 con un excelente equipo de productores e ingenieros de sonido como Juan Carlos Campo, Elvis Bunnetta y Luis Flores. Adem\u00e1s del propio Alfonso Pineda como vocalista principal y trombonista, participaron los cantantes\u00a0\u00a0Werner Eduardo Pe\u00f1a Lecuna, Julio Landaeta, Julio Barreto y Elvis Bunnetta. Tambi\u00e9n dejaron su huella el trompetista Luis Enrique Flores G\u00f3mez, el trombonista Cristopher Vito Loiacono Barraes, los saxofonistas Rafael Enrique Pineda Grater\u00f3n y Anna Castro, en el bajo Yoiner Rafael Mujica L\u00f3pez, y finalmente en el piano y percusi\u00f3n El\u00edas Alejandro Mujica L\u00f3pez.\u00a0 Las letras de las canciones fueron escritas por Jenny Lecuna junto a Alfonso Pineda<\/p>\n<p><strong>Escucha \u201cGracias a ti\u201d en las diferentes plataformas accediendo a trav\u00e9s del siguiente link: <a href=\"https:\/\/jenalfmusic.fanlink.to\/graciasati\" data-saferedirecturl=\"https:\/\/www.google.com\/url?q=https:\/\/jenalfmusic.fanlink.to\/graciasati&amp;source=gmail&amp;ust=1671247516047000&amp;usg=AOvVaw3kgQtqW9zLHHPnl6vhDmtQ\">https:\/\/jenalfmusic.fanlink.to\/graciasati<\/a><\/strong><\/p>\n<p>Por Raed Abib Habib<\/p>\n<p>En relaci\u00f3n al proceso de composici\u00f3n de los temas del disco, Pineda comenta que <em>\u201cfue creativo, muy bonito e interesante, al cual dediqu\u00e9\u00a0muchas horas de estudio y an\u00e1lisis\u00a0musical del g\u00e9nero, ya que yo vengo de formaci\u00f3n sinf\u00f3nica y del g\u00e9nero urbano no conoc\u00eda\u00a0mucho. Como productor, soy de las personas que me gustan las fusiones y los experimentos, pero para poder romper los paradigmas tienes que conocer muy bien las aguas donde navegas, porque si no terminaras perdido y frustrado\u201d.<\/em><\/p>\n<p>Formado musicalmente desde temprana edad en los n\u00facleos del Sistema Nacional de Orquestas de Yaracuy y Barquisimeto, \u201cAlfonso Tromb\u00f3n\u201d como lo conocen en el mundo art\u00edstico, form\u00f3 parte del Ensamble de Metales de Barquisimeto y tambi\u00e9n toc\u00f3 con la banda de ska,\u00a0<strong>Dr. No<\/strong>, que estuvo nominada en los premios Pepsi en 2019. Fue integrante de la Orquesta Mafia Non Star, con la cual realiz\u00f3 giras por Venezuela y Colombia. Es Licenciado en M\u00fasica, menci\u00f3n de Ejecuci\u00f3n Instrumental (Tromb\u00f3n) en la Universidad Centro-occidental Lisandro Alvarado (UCLA) y obtuvo el t\u00edtulo de \u201cEspecialista en Audio\u201d en el Instituto Universitario de Tecnolog\u00eda del Audio.<\/p>\n<p><em>\u201cGracias a Ti nace primeramente\u00a0para dar gracias a Dios por darnos esta oportunidad de poder hacer los que nos gusta y por todos est\u00e1 personas que han cre\u00eddo en m\u00ed de una manera u otra, que han aportado un granito de arena para llevar a cabo todo este proyecto y hacerlo llegar a los o\u00eddos\u00a0del p\u00fablico\u201d,<\/em> explic\u00f3 Alfonso Pineda quien una vez m\u00e1s apuesta al g\u00e9nero urbano, pero hecho con rigor acad\u00e9mico y alto nivel musical, contando con varios m\u00fasicos y voces profesionales.<\/p>\n<p>Por Raed Abib Habib<\/p>\n<p><strong>Alfonso Pineada en las redes sociales:<\/strong><\/p>\n<p><a href=\"https:\/\/www.instagram.com\/alfonso_trombon\/\" data-saferedirecturl=\"https:\/\/www.google.com\/url?q=https:\/\/www.instagram.com\/alfonso_trombon\/&amp;source=gmail&amp;ust=1671247516047000&amp;usg=AOvVaw1k-t8cb3mg7tab4rm6uxRl\"><strong>https:\/\/www.instagram.com\/alfonso_trombon\/<\/strong><\/a><\/p>\n<p><a href=\"https:\/\/www.youtube.com\/channel\/UCFLjRb1rFwxbN04nylUKpnQ\" data-saferedirecturl=\"https:\/\/www.google.com\/url?q=https:\/\/www.youtube.com\/channel\/UCFLjRb1rFwxbN04nylUKpnQ&amp;source=gmail&amp;ust=1671247516047000&amp;usg=AOvVaw1kaE82rRcuHqyfhuxNRJq8\"><strong>https:\/\/www.youtube.com\/channel\/UCFLjRb1rFwxbN04nylUKpnQ<\/strong><\/a><\/p>\n<p><a href=\"https:\/\/www.facebook.com\/profile.php?id=100086146197118\" data-saferedirecturl=\"https:\/\/www.google.com\/url?q=https:\/\/www.facebook.com\/profile.php?id%3D100086146197118&amp;source=gmail&amp;ust=1671247516047000&amp;usg=AOvVaw2Ol1UgJQQHauDjIUamV3d9\"><strong>https:\/\/www.facebook.com\/profile.php?id=100086146197118<\/strong><\/a><\/p>\n<p>Por Raed Abib Habib<\/p>\n","protected":false},"excerpt":{"rendered":"<p>Por Raed Abib Habib El trombonista Alfonso Pineda, formado en El Sistema Nacional de Orquestas, luego de disfrutar del \u00e9xito que han tenido los sencillo promocionales que ha venido lanzando durante 2022, siendo \u201cBebe\u201d el \u00faltimo y m\u00e1s sonado, decide poner en el mercado su primera producci\u00f3n discogr\u00e1fica de larga duraci\u00f3n titulada \u201cGracias a Ti\u201d [&hellip;]<\/p>\n","protected":false},"author":2,"featured_media":14301,"comment_status":"closed","ping_status":"open","sticky":false,"template":"","format":"standard","meta":[],"categories":[93,463,146,2],"tags":[381,9937],"wppr_data":{"cwp_meta_box_check":"No"},"_links":{"self":[{"href":"https:\/\/www.notaoficial.com\/s\/wp-json\/wp\/v2\/posts\/14300"}],"collection":[{"href":"https:\/\/www.notaoficial.com\/s\/wp-json\/wp\/v2\/posts"}],"about":[{"href":"https:\/\/www.notaoficial.com\/s\/wp-json\/wp\/v2\/types\/post"}],"author":[{"embeddable":true,"href":"https:\/\/www.notaoficial.com\/s\/wp-json\/wp\/v2\/users\/2"}],"replies":[{"embeddable":true,"href":"https:\/\/www.notaoficial.com\/s\/wp-json\/wp\/v2\/comments?post=14300"}],"version-history":[{"count":1,"href":"https:\/\/www.notaoficial.com\/s\/wp-json\/wp\/v2\/posts\/14300\/revisions"}],"predecessor-version":[{"id":14302,"href":"https:\/\/www.notaoficial.com\/s\/wp-json\/wp\/v2\/posts\/14300\/revisions\/14302"}],"wp:featuredmedia":[{"embeddable":true,"href":"https:\/\/www.notaoficial.com\/s\/wp-json\/wp\/v2\/media\/14301"}],"wp:attachment":[{"href":"https:\/\/www.notaoficial.com\/s\/wp-json\/wp\/v2\/media?parent=14300"}],"wp:term":[{"taxonomy":"category","embeddable":true,"href":"https:\/\/www.notaoficial.com\/s\/wp-json\/wp\/v2\/categories?post=14300"},{"taxonomy":"post_tag","embeddable":true,"href":"https:\/\/www.notaoficial.com\/s\/wp-json\/wp\/v2\/tags?post=14300"}],"curies":[{"name":"wp","href":"https:\/\/api.w.org\/{rel}","templated":true}]}}