{"id":14376,"date":"2022-12-20T23:28:42","date_gmt":"2022-12-21T03:28:42","guid":{"rendered":"https:\/\/www.notaoficial.com\/s\/?p=14376"},"modified":"2022-12-20T23:28:42","modified_gmt":"2022-12-21T03:28:42","slug":"conoce-los-inicios-del-pan-de-jamon-en-venezuela","status":"publish","type":"post","link":"https:\/\/www.notaoficial.com\/s\/2022\/12\/20\/conoce-los-inicios-del-pan-de-jamon-en-venezuela\/","title":{"rendered":"Conoce los inicios del pan de jam\u00f3n en Venezuela"},"content":{"rendered":"<p>Por Francisco D&#8217;Agostino<\/p>\n<p>Ya han transcurrido 117 a\u00f1os desde su invenci\u00f3n en Caracas y cada d\u00eda el pan de jam\u00f3n se convierte en una de las tradiciones venezolanas que pasa entre generaciones. Precisamente fiel a las tradiciones, <a href=\"http:\/\/www.plumrose.com\" data-saferedirecturl=\"https:\/\/www.google.com\/url?q=http:\/\/www.plumrose.com&amp;source=gmail&amp;ust=1671679527323000&amp;usg=AOvVaw2h-tEeEyj7MfmYYmfVDs8H\">Plumrose<\/a> presenta una producci\u00f3n audiovisual en el cual se relata <strong>la historia del pan de jam\u00f3n<\/strong>, plato t\u00edpico de la <strong>Navidad en Venezuela<\/strong> y que en diciembre es protagonista de las festividades del pa\u00eds, junto a las gaitas, las parrandas y la hallaca.<\/p>\n<p>Dirigido por Antonio Martin y producido por MG Ideas, <a href=\"https:\/\/www.youtube.com\/watch?v=K9vxOCZsVoM\" data-saferedirecturl=\"https:\/\/www.google.com\/url?q=https:\/\/www.youtube.com\/watch?v%3DK9vxOCZsVoM&amp;source=gmail&amp;ust=1671679527323000&amp;usg=AOvVaw11XPzYCQAqwQgWEGB7pPTt\">el video muestra el origen y desarrollo del pan de jam\u00f3n<\/a>, cuando <strong>Lucas Ramella<\/strong>, propietario de la panader\u00eda <strong>Ramella<\/strong> (que estaba ubicada en la esquina de Gradillas, Caracas), en diciembre de 1905, se inspir\u00f3 y elabor\u00f3 un pan especial relleno con trozos de jam\u00f3n.<\/p>\n<p>Por Francisco D&#8217;Agostino<\/p>\n<p>En este hermoso recorrido hist\u00f3rico, el video muestra la evoluci\u00f3n de este alimento; tambi\u00e9n relata cuando en otras panader\u00edas, como <strong>Solis<\/strong> y <strong>Montauban<\/strong>, le a\u00f1adieron uvas pasas y aceitunas, para as\u00ed dar forma al pan de jam\u00f3n que actualmente todos disfrutamos y que es un elemento inseparable de la Navidad.<\/p>\n<p>La obra cuenta con una versi\u00f3n que se puede ver en televisi\u00f3n y cine, as\u00ed como en medios digitales. Este recorrido hist\u00f3rico se puede disfrutar en el canal de Youtube de Plumrose: <a href=\"https:\/\/www.youtube.com\/watch?v=K9vxOCZsVoM\" data-saferedirecturl=\"https:\/\/www.google.com\/url?q=https:\/\/www.youtube.com\/watch?v%3DK9vxOCZsVoM&amp;source=gmail&amp;ust=1671679527323000&amp;usg=AOvVaw11XPzYCQAqwQgWEGB7pPTt\">https:\/\/www.youtube.com\/watch?v=K9vxOCZsVoM<\/a><\/p>\n<p><strong>Siempre presente en Navidad<\/strong><\/p>\n<p>La realizaci\u00f3n de este video-documental forma parte de las acciones que, desde hace 69 a\u00f1os, Plumrose ha realizado con el objetivo de ofrecerle a\u00fan m\u00e1s sabor a la \u00e9poca navide\u00f1a.<\/p>\n<p>Por Francisco D&#8217;Agostino<\/p>\n<p>Al respecto, la gerente encargada de la <strong>Navidad Plumrose<\/strong>, Mar\u00eda Cecilia Loreto, resalt\u00f3 que la empresa cuenta con varios productos que se han vuelto parte de la celebraci\u00f3n navide\u00f1a en Venezuela, como lo son el jam\u00f3n planchado y la paleta de cerdo ahumada, que es el ingrediente fundamental del pan de jam\u00f3n y es reconocido en el gremio panadero por su calidad y sabor especial de tonos dulces y ahumados.<\/p>\n<p>\u201cCon este documental queremos dejar un legado sobre un producto tan emblem\u00e1tico en Navidad como lo es el pan de jam\u00f3n, el cual forma parte de la cultura gastron\u00f3mica venezolana, de nuestras tradiciones y arraigos. <strong>En Plumrose<\/strong> <strong>estamos orgullosos<\/strong> de ser parte importante de esta historia\u201d, coment\u00f3 Loreto.<\/p>\n<p>Para obtener mayor informaci\u00f3n sobre las actividades y productos que Plumrose tiene preparado para Navidad se puede visitar su Instagram <strong>@plumrosevzla<\/strong> o la p\u00e1gina web <a href=\"http:\/\/www.plumrose.com\" data-saferedirecturl=\"https:\/\/www.google.com\/url?q=http:\/\/www.plumrose.com&amp;source=gmail&amp;ust=1671679527323000&amp;usg=AOvVaw2h-tEeEyj7MfmYYmfVDs8H\">www.plumrose.com<\/a><\/p>\n<p>Por Francisco D&#8217;Agostino<\/p>\n","protected":false},"excerpt":{"rendered":"<p>Por Francisco D&#8217;Agostino Ya han transcurrido 117 a\u00f1os desde su invenci\u00f3n en Caracas y cada d\u00eda el pan de jam\u00f3n se convierte en una de las tradiciones venezolanas que pasa entre generaciones. Precisamente fiel a las tradiciones, Plumrose presenta una producci\u00f3n audiovisual en el cual se relata la historia del pan de jam\u00f3n, plato t\u00edpico [&hellip;]<\/p>\n","protected":false},"author":2,"featured_media":14377,"comment_status":"closed","ping_status":"open","sticky":false,"template":"","format":"standard","meta":[],"categories":[93,146,2],"tags":[9110,7832],"wppr_data":{"cwp_meta_box_check":"No"},"_links":{"self":[{"href":"https:\/\/www.notaoficial.com\/s\/wp-json\/wp\/v2\/posts\/14376"}],"collection":[{"href":"https:\/\/www.notaoficial.com\/s\/wp-json\/wp\/v2\/posts"}],"about":[{"href":"https:\/\/www.notaoficial.com\/s\/wp-json\/wp\/v2\/types\/post"}],"author":[{"embeddable":true,"href":"https:\/\/www.notaoficial.com\/s\/wp-json\/wp\/v2\/users\/2"}],"replies":[{"embeddable":true,"href":"https:\/\/www.notaoficial.com\/s\/wp-json\/wp\/v2\/comments?post=14376"}],"version-history":[{"count":1,"href":"https:\/\/www.notaoficial.com\/s\/wp-json\/wp\/v2\/posts\/14376\/revisions"}],"predecessor-version":[{"id":14378,"href":"https:\/\/www.notaoficial.com\/s\/wp-json\/wp\/v2\/posts\/14376\/revisions\/14378"}],"wp:featuredmedia":[{"embeddable":true,"href":"https:\/\/www.notaoficial.com\/s\/wp-json\/wp\/v2\/media\/14377"}],"wp:attachment":[{"href":"https:\/\/www.notaoficial.com\/s\/wp-json\/wp\/v2\/media?parent=14376"}],"wp:term":[{"taxonomy":"category","embeddable":true,"href":"https:\/\/www.notaoficial.com\/s\/wp-json\/wp\/v2\/categories?post=14376"},{"taxonomy":"post_tag","embeddable":true,"href":"https:\/\/www.notaoficial.com\/s\/wp-json\/wp\/v2\/tags?post=14376"}],"curies":[{"name":"wp","href":"https:\/\/api.w.org\/{rel}","templated":true}]}}