{"id":14405,"date":"2022-12-22T00:20:54","date_gmt":"2022-12-22T04:20:54","guid":{"rendered":"https:\/\/www.notaoficial.com\/s\/?p=14405"},"modified":"2022-12-22T00:20:54","modified_gmt":"2022-12-22T04:20:54","slug":"jose-damian-ruiz-sinoga-recibe-un-premio","status":"publish","type":"post","link":"https:\/\/www.notaoficial.com\/s\/2022\/12\/22\/jose-damian-ruiz-sinoga-recibe-un-premio\/","title":{"rendered":"Jos\u00e9 Dami\u00e1n Ruiz Sinoga recibe un Premio"},"content":{"rendered":"<div class=\"contentbody news-contentbody\">\n<p>El catedr\u00e1tico de Geograf\u00eda F\u00edsica de la Universidad de M\u00e1laga, Jos\u00e9 Dami\u00e1n Ruiz Sinoga, ha recogido hoy en el Sal\u00f3n de Actos de la Capitan\u00eda General de Sevilla uno de los premios Plaza de Espa\u00f1a, otorgado por la Delegaci\u00f3n del Gobierno en Andaluc\u00eda.<\/p>\n<p>El premio reconoce la \u201cintensa labor investigadora\u201d del profesor e investigador de la UMA, por sus trabajos de an\u00e1lisis de los procesos, riesgos y vulnerabilidades provocados por el cambio clim\u00e1tico y por \u201csu participaci\u00f3n en proyectos de cooperaci\u00f3n internacional\u201d.<\/p>\n<p>Los galardones, que celebran en 2022 su XVIII edici\u00f3n, se otorgan a organizaciones, instituciones y personas de la comunidad andaluza que hayan destacado en distintos \u00e1mbitos sociales, culturales, deportivos o cient\u00edficos por el cumplimiento, la defensa y la difusi\u00f3n de los valores democr\u00e1ticos que recoge la Constituci\u00f3n Espa\u00f1ola.<\/p>\n<p>Otras de las figuras distinguidas en el acto, presidido por el delegado del Gobierno en Andaluc\u00eda Pedro Fern\u00e1ndez Pe\u00f1alver, han sido el artista Joaqu\u00edn Sabina, el catedr\u00e1tico de Literatura Espa\u00f1ola en la Universidad de Granada y director del Instituto Cervantes Luis Garc\u00eda Montero, la ciudad de Sanl\u00facar de Barrameda, el Colegio Oficial de Enfermer\u00eda de C\u00f3rdoba, la magistrada-juez del Juzgado de Violencia Penitenciaria n\u00ba 6 de Huelva Rosario Pilar Guedea, la Asociaci\u00f3n El Tim\u00f3n Salud Mental, MIGASA y Zona Franca de Sevilla.<\/p>\n<p>Con el fin de rendir un homenaje a la Constituci\u00f3n, la Delegaci\u00f3n del Gobierno en Andaluc\u00eda instaur\u00f3 los &#8216;Premios Plaza de Espa\u00f1a&#8217; en el a\u00f1o 2005, que distinguen a \u00abquienes, cumpliendo, defendiendo y difundiendo de manera desinteresada los valores y principios consagrados en la Carta Magna, son referente de todos los espa\u00f1oles y un orgullo para los andaluces\u00bb.<\/p>\n<\/div>\n","protected":false},"excerpt":{"rendered":"<p>El catedr\u00e1tico de Geograf\u00eda F\u00edsica de la Universidad de M\u00e1laga, Jos\u00e9 Dami\u00e1n Ruiz Sinoga, ha recogido hoy en el Sal\u00f3n de Actos de la Capitan\u00eda General de Sevilla uno de los premios Plaza de Espa\u00f1a, otorgado por la Delegaci\u00f3n del Gobierno en Andaluc\u00eda. El premio reconoce la \u201cintensa labor investigadora\u201d del profesor e investigador de [&hellip;]<\/p>\n","protected":false},"author":2,"featured_media":14406,"comment_status":"closed","ping_status":"open","sticky":false,"template":"","format":"standard","meta":[],"categories":[463,4,146],"tags":[9967,9966],"wppr_data":{"cwp_meta_box_check":"No"},"_links":{"self":[{"href":"https:\/\/www.notaoficial.com\/s\/wp-json\/wp\/v2\/posts\/14405"}],"collection":[{"href":"https:\/\/www.notaoficial.com\/s\/wp-json\/wp\/v2\/posts"}],"about":[{"href":"https:\/\/www.notaoficial.com\/s\/wp-json\/wp\/v2\/types\/post"}],"author":[{"embeddable":true,"href":"https:\/\/www.notaoficial.com\/s\/wp-json\/wp\/v2\/users\/2"}],"replies":[{"embeddable":true,"href":"https:\/\/www.notaoficial.com\/s\/wp-json\/wp\/v2\/comments?post=14405"}],"version-history":[{"count":1,"href":"https:\/\/www.notaoficial.com\/s\/wp-json\/wp\/v2\/posts\/14405\/revisions"}],"predecessor-version":[{"id":14407,"href":"https:\/\/www.notaoficial.com\/s\/wp-json\/wp\/v2\/posts\/14405\/revisions\/14407"}],"wp:featuredmedia":[{"embeddable":true,"href":"https:\/\/www.notaoficial.com\/s\/wp-json\/wp\/v2\/media\/14406"}],"wp:attachment":[{"href":"https:\/\/www.notaoficial.com\/s\/wp-json\/wp\/v2\/media?parent=14405"}],"wp:term":[{"taxonomy":"category","embeddable":true,"href":"https:\/\/www.notaoficial.com\/s\/wp-json\/wp\/v2\/categories?post=14405"},{"taxonomy":"post_tag","embeddable":true,"href":"https:\/\/www.notaoficial.com\/s\/wp-json\/wp\/v2\/tags?post=14405"}],"curies":[{"name":"wp","href":"https:\/\/api.w.org\/{rel}","templated":true}]}}