{"id":14466,"date":"2022-12-26T00:04:49","date_gmt":"2022-12-26T04:04:49","guid":{"rendered":"https:\/\/www.notaoficial.com\/s\/?p=14466"},"modified":"2022-12-26T00:04:49","modified_gmt":"2022-12-26T04:04:49","slug":"el-robo-de-cables-se-duplica-dejando-a-cerca-de-100-mil-hogares-sin-conexion","status":"publish","type":"post","link":"https:\/\/www.notaoficial.com\/s\/2022\/12\/26\/el-robo-de-cables-se-duplica-dejando-a-cerca-de-100-mil-hogares-sin-conexion\/","title":{"rendered":"El robo de cables se duplica dejando a cerca de 100 mil hogares sin conexi\u00f3n"},"content":{"rendered":"<p>Por Francisco D&#8217;Agostino<\/p>\n<p><b><\/b>Seg\u00fan la Asociaci\u00f3n Chilena de Telecomunicaciones, Chile Telcos, en el pa\u00eds se han presentado m\u00e1s de seis mil querellas los \u00faltimos tres a\u00f1os por robo de cables de cobre y vandalismo en la fibra \u00f3ptica, con menos de una decena de condenas efectivas. Esto se enmarca en el explosivo aumento de esta situaci\u00f3n, que ha aumentado por cuatro en comparaci\u00f3n a 2021, seg\u00fan la misma agrupaci\u00f3n.<\/p>\n<p><strong>Lo anterior, es provocado por bandas de crimen organizado que vandalizan la infraestructura de telecomunicaciones para luego vender el cobre en el mercado negro, donde se reducen las especies, evadiendo tributos e impuestos. De hecho, solo en lo que va del a\u00f1o, son m\u00e1s de cerca de 725 mil kg. de cables robados a lo largo de todo el pa\u00eds.<\/strong><\/p>\n<p>Por Francisco D&#8217;Agostino<\/p>\n<p>\u201cEste delito afecta principalmente las zonas m\u00e1s vulnerables del pa\u00eds y principalmente a la Regi\u00f3n Metropolitana, impactando a millones de personas, empresas, instituciones y hogares. Pero tambi\u00e9n el funcionamiento de cajeros autom\u00e1ticos, supermercados, sem\u00e1foros, centros de salud, comisar\u00edas, registro civil, entre otros. Por esta raz\u00f3n, venimos desarrollando un trabajo conjunto hace varios a\u00f1os de la mano de autoridades, polic\u00edas y juntas de vecinos, para combatir este flagelo que tanto afecta a la sociedad\u201d, explica Javier Zorzo, director de Seguridad de Movistar Chile.<\/p>\n<p>El ejecutivo complementa con que \u201clamentablemente, estos delitos est\u00e1n al alza, de hecho, entre el 2020 y lo que va de este a\u00f1o, como compa\u00f1\u00eda hemos sufrido cerca de 30 mil casos de vandalismo a nuestra infraestructura, dejando casi 1,5 millones de hogares sin conexi\u00f3n. Y si bien hay zonas donde la conectividad se repone a tiempo, hay evidencia de que las bandas vuelven a delinquir una y otra vez\u201d.<\/p>\n<p><b>Primer informe de robo de cables 2022<\/b><\/p>\n<p><strong>Cifras entregadas por Movistar Chile, dejan en evidencia que solo en los primeros seis meses del a\u00f1o han ocurrido m\u00e1s de 11.600 delitos relacionados al robo de cable en todo el pa\u00eds. Lo anterior, representa un 91% de crecimiento en comparaci\u00f3n al 2021. Por esta causa, m\u00e1s de 96.400 hogares, empresas e instituciones que se quedaron sin conectividad.<\/strong><\/p>\n<p>El 66% de estos delitos se concentr\u00f3 en la Regi\u00f3n Metropolitana, es decir, m\u00e1s de siete mil incidentes de este tipo. A la capital, le siguen las regiones de Valpara\u00edso (+970 casos), O\u2019Higgins (+700), Biob\u00edo (+660) y Antofagasta (+370).<\/p>\n<p>Es importante destacar tambi\u00e9n el crecimiento de cortes de fibra \u00f3ptica, los cuales est\u00e1n asociados a la b\u00fasqueda de cobre por parte de los delincuentes, situaci\u00f3n que afecta directamente la conectividad de las personas. As\u00ed, el corte de fibra \u00f3ptica aument\u00f3 cerca de un 140% este a\u00f1o, llegando a m\u00e1s de 8 mil delitos.<\/p>\n<p>Javier Zorzo complementa: \u201c\u00faltimamente, a algunos expertos en seguridad p\u00fablica les llama la atenci\u00f3n los reiterados cortes de fibra que afectan directamente a servicios p\u00fablicos e instituciones como el Registro Civil, el Banco Estado, Ministerio P\u00fablico, entre otras. Podr\u00edan ser cortes o vandalismo, o bien grupos organizados que pretenden llevar a cabo ciberataques a esas instituciones, para desprestigiarlas y\/o conseguir la informaci\u00f3n de sus bases de datos\u201d.<\/p>\n<p>Por Francisco D&#8217;Agostino<\/p>\n<p><b>Aumento de querellas y denuncias<\/b><\/p>\n<p>Ante este escenario, Movistar Chile ha reforzado sus acciones legales. Es por ello que, entre enero y junio, las denuncias y querellas interpuestas por robo de cables por parte de la compa\u00f1\u00eda tuvieron un aumento cercano a 700%, en comparaci\u00f3n al a\u00f1o pasado.<\/p>\n<p><strong>Adem\u00e1s, durante los primeros seis meses de este a\u00f1o, la cantidad de condenados por este tipo de delito aument\u00f3 cerca de un 55%, superando las 50 personas condenadas por robo en bienes nacionales de uso p\u00fablico, con penas de hasta m\u00e1s de 800 d\u00edas de c\u00e1rcel en algunos casos.<\/strong><\/p>\n<p>El director de Seguridad de Movistar Chile explica que \u201cel aumento de denuncias y querellas por este flagelo, son un reflejo de c\u00f3mo la sociedad se ha visto afectada por este crimen organizado y de c\u00f3mo existe mayor conciencia sobre la gravedad de este delito. Es por esto que, en el primer semestre de este a\u00f1o, hemos realizado m\u00e1s de 400 denuncias mensuales\u201d.<\/p>\n<p>El ejecutivo cierra explicando que \u201cpara lo anterior, es clave dar m\u00e1s visibilidad a estos hechos, y sumar a la comunidad a las denunciar, por ejemplo, a trav\u00e9s del tel\u00e9fono an\u00f3nimo dispuesto por esta compa\u00f1\u00eda: 800 441 441, y tambi\u00e9n mediante los botones de denuncia disponibles en <a href=\"https:\/\/atencionalcliente.movistar.cl\/internet-fijo\/como-denunciar-el-robo-de-cables-del-servicio-de-movistar\/\">www.movistar.cl<\/a> o en la <a href=\"https:\/\/es.sosafeapp.com\/\">App SoSafe<\/a>\u201d.<\/p>\n<p><strong>Mesas de trabajo p\u00fablico-privado <\/strong><\/p>\n<p>En julio, se realiz\u00f3 la primera mesa de trabajo de Robo de Cobre y Cables 2022 convocada por el Ministerio del Interior, Ministerio de Transportes y Telecomunicaciones y que integr\u00f3 a entidades p\u00fablicas y privadas con el objetivo de rearticular un espacio que permita la colaboraci\u00f3n entre el Estado y el sector privado, en torno al robo de esta infraestructura esencial.<\/p>\n<p>Alfie Ulloa, presidente de Chile Telcos, asegura que detr\u00e1s de este delito existen bandas de crimen organizado. \u201cLa interrupci\u00f3n de las comunicaciones afecta a miles de hogares, empresas e instituciones. Este delito ha mostrado un fuerte crecimiento en los \u00faltimos dos a\u00f1os, y es evidente que estamos frente a bandas criminales organizadas. Para hacerles frente de manera coordinada hemos realizado acciones con el Ministerio de Interior, la Subsecretar\u00eda de Telecomunicaciones, las polic\u00edas, y otras agencias del Estado\u201d, explic\u00f3 Alfie Ulloa.<\/p>\n<p>Por Francisco D&#8217;Agostino<\/p>\n","protected":false},"excerpt":{"rendered":"<p>Por Francisco D&#8217;Agostino Seg\u00fan la Asociaci\u00f3n Chilena de Telecomunicaciones, Chile Telcos, en el pa\u00eds se han presentado m\u00e1s de seis mil querellas los \u00faltimos tres a\u00f1os por robo de cables de cobre y vandalismo en la fibra \u00f3ptica, con menos de una decena de condenas efectivas. Esto se enmarca en el explosivo aumento de esta [&hellip;]<\/p>\n","protected":false},"author":2,"featured_media":14467,"comment_status":"closed","ping_status":"open","sticky":false,"template":"","format":"standard","meta":[],"categories":[146],"tags":[209,9110,2362],"wppr_data":{"cwp_meta_box_check":"No"},"_links":{"self":[{"href":"https:\/\/www.notaoficial.com\/s\/wp-json\/wp\/v2\/posts\/14466"}],"collection":[{"href":"https:\/\/www.notaoficial.com\/s\/wp-json\/wp\/v2\/posts"}],"about":[{"href":"https:\/\/www.notaoficial.com\/s\/wp-json\/wp\/v2\/types\/post"}],"author":[{"embeddable":true,"href":"https:\/\/www.notaoficial.com\/s\/wp-json\/wp\/v2\/users\/2"}],"replies":[{"embeddable":true,"href":"https:\/\/www.notaoficial.com\/s\/wp-json\/wp\/v2\/comments?post=14466"}],"version-history":[{"count":1,"href":"https:\/\/www.notaoficial.com\/s\/wp-json\/wp\/v2\/posts\/14466\/revisions"}],"predecessor-version":[{"id":14468,"href":"https:\/\/www.notaoficial.com\/s\/wp-json\/wp\/v2\/posts\/14466\/revisions\/14468"}],"wp:featuredmedia":[{"embeddable":true,"href":"https:\/\/www.notaoficial.com\/s\/wp-json\/wp\/v2\/media\/14467"}],"wp:attachment":[{"href":"https:\/\/www.notaoficial.com\/s\/wp-json\/wp\/v2\/media?parent=14466"}],"wp:term":[{"taxonomy":"category","embeddable":true,"href":"https:\/\/www.notaoficial.com\/s\/wp-json\/wp\/v2\/categories?post=14466"},{"taxonomy":"post_tag","embeddable":true,"href":"https:\/\/www.notaoficial.com\/s\/wp-json\/wp\/v2\/tags?post=14466"}],"curies":[{"name":"wp","href":"https:\/\/api.w.org\/{rel}","templated":true}]}}