{"id":14483,"date":"2022-12-26T23:13:45","date_gmt":"2022-12-27T03:13:45","guid":{"rendered":"https:\/\/www.notaoficial.com\/s\/?p=14483"},"modified":"2022-12-26T23:13:45","modified_gmt":"2022-12-27T03:13:45","slug":"comercial-de-la-nina-plumrose-y-el-jamon-planchado-cumple-35-anos","status":"publish","type":"post","link":"https:\/\/www.notaoficial.com\/s\/2022\/12\/26\/comercial-de-la-nina-plumrose-y-el-jamon-planchado-cumple-35-anos\/","title":{"rendered":"Comercial de la Ni\u00f1a Plumrose y el Jam\u00f3n Planchado cumple 35 a\u00f1os"},"content":{"rendered":"<p>Por Raed Abib Habib<\/p>\n<p>Navidad y <a href=\"http:\/\/www.plumrose.com\/\" data-saferedirecturl=\"https:\/\/www.google.com\/url?q=http:\/\/www.plumrose.com\/&amp;source=gmail&amp;ust=1672196297151000&amp;usg=AOvVaw2ngVT9NH2u59N-M-UWq-AC\">Plumrose<\/a> son sin\u00f3nimos en Venezuela y esto se debe, en buena medida, a un recordado anuncio publicitario que se realiz\u00f3 en la d\u00e9cada de los a\u00f1os 80 y que en este a\u00f1o 2022 cumple 35 a\u00f1os desde su transmisi\u00f3n inicial en la televisi\u00f3n venezolana.<\/p>\n<p>Fue en diciembre de 1987 cuando se emiti\u00f3 por primera vez y qued\u00f3 insertado dentro de los iconos de la Navidad venezolana, al igual que sus protagonistas: <a href=\"https:\/\/www.youtube.com\/watch?v=PIpYHdaZshM\" data-saferedirecturl=\"https:\/\/www.google.com\/url?q=https:\/\/www.youtube.com\/watch?v%3DPIpYHdaZshM&amp;source=gmail&amp;ust=1672196297151000&amp;usg=AOvVaw0AsmvFDHMG58umtasyQBV5\">el comercial navide\u00f1o del Jam\u00f3n Planchado y la Ni\u00f1a Plumrose<\/a>.<\/p>\n<p>La pieza, de 45 segundos de duraci\u00f3n, fue producida por la agencia publicitaria Corpa y cont\u00f3 como protagonistas a una estudiante de ocho a\u00f1os llamada Mar\u00eda Andre\u00edna Rauseo, como la Ni\u00f1a Plumrose, y Gilbert Ducournau, nombrado como \u201cEl Se\u00f1or Plumrose\u201d, quien contaba con 57 a\u00f1os cuando interpret\u00f3 a aquel vendedor de jam\u00f3n planchado que hace posible que la Ni\u00f1a y su familia pudieran disfrutar del jam\u00f3n en la Nochebuena.<\/p>\n<p>Por Raed Abib Habib<\/p>\n<p>El anuncio publicitario fue grabado en Caracas, entre el Boulevard de S\u00e1bana Grande, Chaca\u00edto y la panader\u00eda Brioche, ubicada en Las Mercedes y gan\u00f3 el premio publicitario ANDA.<\/p>\n<p>A partir de su transmisi\u00f3n este comercial se aloj\u00f3 en la memoria colectiva del venezolano e incluso tres d\u00e9cadas y media despu\u00e9s es mencionado en redes sociales.<\/p>\n<p>Posteriormente se realizaron tres comerciales navide\u00f1os con la <strong>Ni\u00f1a Plumrose<\/strong>, siendo el m\u00e1s reciente <a href=\"https:\/\/www.youtube.com\/watch?v=4yAgScIZhO4\" data-saferedirecturl=\"https:\/\/www.google.com\/url?q=https:\/\/www.youtube.com\/watch?v%3D4yAgScIZhO4&amp;source=gmail&amp;ust=1672196297151000&amp;usg=AOvVaw1JRMbi3Qm0UNuZLLv0B4m9\">el del a\u00f1o 2019<\/a> cuando la agencia ARS realiz\u00f3 una versi\u00f3n animada, siempre con el cl\u00e1sico jingle \u201cVen, comparte y disfruta\u201d como fondo musical.<\/p>\n<p><strong>Compartir en familia<\/strong><\/p>\n<p>Sobre los protagonistas de este emblem\u00e1tico comercial, Victoria Ducournau, la hija de <strong>Gilbert Ducournau<\/strong>, \u201c<strong>El Se\u00f1or Plumrose<\/strong>\u201d, record\u00f3 el momento en el cual su padre particip\u00f3 en la pieza publicitaria del Jam\u00f3n Planchado Plumrose.<\/p>\n<p>Al respecto dijo que su padre no estaba consciente de lo que hab\u00eda realizado, para \u00e9l era otra producci\u00f3n audiovisual en la que hab\u00eda participado, pero a\u00f1os despu\u00e9s fue viendo c\u00f3mo las personas lo reconoc\u00edan en la calle y se le acercaban para saludarlo, a\u00fan incluso despu\u00e9s que se afeit\u00f3 su tradicional bigote con el cual sal\u00eda en el anuncio de 1987.<\/p>\n<p>Gilbert Ducournau, quien naci\u00f3 en un pueblo de Francia que se llama Talance en Burdeos, lleg\u00f3 a Venezuela de adolescente luego de la Segunda Guerra Mundial, se dedic\u00f3 a la profesi\u00f3n de constructor y posteriormente se fue de Venezuela en el 2002. Particip\u00f3 en diversos comerciales y pel\u00edculas en la d\u00e9cada de los a\u00f1os 80 en Venezuela (hizo dos, una de ellas particip\u00f3 en el Festival de Cine de Cannes). \u00c9l falleci\u00f3 a los 78 a\u00f1os en el 2008, pero para su familia, mediante este comercial \u201csiempre vuelve en cada Navidad a Venezuela\u201d.<\/p>\n<p>Por Raed Abib Habib<\/p>\n<p>\u201cMe sorprende que incluso nuevas generaciones de <strong>venezolanos tienen perfectamente en su memoria este comercial<\/strong>, a pesar que ni siquiera llegan a los 35 a\u00f1os de vida\u201d, expres\u00f3 Victoria sobre el legado de este comercial.<\/p>\n<p>Por su parte, <strong>Mar\u00eda Andre\u00edna Rauseo<\/strong>, la eterna <strong>Ni\u00f1a Plumrose<\/strong> coment\u00f3: \u201cSuena incre\u00edble que ya hayan pasado 35 a\u00f1os, es casi toda mi vida y viendo en perspectiva es incre\u00edble ver c\u00f3mo <strong>a trav\u00e9s de este comercial se conectan tantas emociones y recuerdos<\/strong> de lo que viv\u00edamos en el a\u00f1o 87 y c\u00f3mo se ha mantenido la tradici\u00f3n\u201d.<\/p>\n<p>\u201cPara mi <strong>ese comercial representa parte de una tradici\u00f3n<\/strong>. No importa si es el a\u00f1o 87, el 2000 o el 2022, se puede lograr la conexi\u00f3n a trav\u00e9s de ese mensaje que transmite felicidad\u201d, y agreg\u00f3 \u201ctodo aquello que conecte con las emociones, recuerdos, familia y tradiciones es atemporal y siempre va a estar all\u00ed\u201d.<\/p>\n<p>Para volver a observar el comercial se puede visitar el canal de <strong>YouTube<\/strong> de Plumrose, a trav\u00e9s del v\u00ednculo <a href=\"https:\/\/www.youtube.com\/watch?v=PIpYHdaZshM\" data-saferedirecturl=\"https:\/\/www.google.com\/url?q=https:\/\/www.youtube.com\/watch?v%3DPIpYHdaZshM&amp;source=gmail&amp;ust=1672196297151000&amp;usg=AOvVaw0AsmvFDHMG58umtasyQBV5\">https:\/\/www.youtube.com\/watch?v=PIpYHdaZshM<\/a>, en donde se podr\u00e1 observar el original y tambi\u00e9n las tres versiones posteriores. Para mayor informaci\u00f3n sobre la marca se puede revisar <a href=\"http:\/\/www.plumrose.com\" data-saferedirecturl=\"https:\/\/www.google.com\/url?q=http:\/\/www.plumrose.com&amp;source=gmail&amp;ust=1672196297151000&amp;usg=AOvVaw06MLFtpEQakdyk0iQRwfLJ\">www.plumrose.com<\/a> o la cuenta en Instagram <strong>@plumrosevzla<\/strong>.<\/p>\n<p>Por Raed Abib Habib<\/p>\n","protected":false},"excerpt":{"rendered":"<p>Por Raed Abib Habib Navidad y Plumrose son sin\u00f3nimos en Venezuela y esto se debe, en buena medida, a un recordado anuncio publicitario que se realiz\u00f3 en la d\u00e9cada de los a\u00f1os 80 y que en este a\u00f1o 2022 cumple 35 a\u00f1os desde su transmisi\u00f3n inicial en la televisi\u00f3n venezolana. Fue en diciembre de 1987 [&hellip;]<\/p>\n","protected":false},"author":2,"featured_media":14484,"comment_status":"closed","ping_status":"open","sticky":false,"template":"","format":"standard","meta":[],"categories":[93,146,2],"tags":[7832,9937],"wppr_data":{"cwp_meta_box_check":"No"},"_links":{"self":[{"href":"https:\/\/www.notaoficial.com\/s\/wp-json\/wp\/v2\/posts\/14483"}],"collection":[{"href":"https:\/\/www.notaoficial.com\/s\/wp-json\/wp\/v2\/posts"}],"about":[{"href":"https:\/\/www.notaoficial.com\/s\/wp-json\/wp\/v2\/types\/post"}],"author":[{"embeddable":true,"href":"https:\/\/www.notaoficial.com\/s\/wp-json\/wp\/v2\/users\/2"}],"replies":[{"embeddable":true,"href":"https:\/\/www.notaoficial.com\/s\/wp-json\/wp\/v2\/comments?post=14483"}],"version-history":[{"count":1,"href":"https:\/\/www.notaoficial.com\/s\/wp-json\/wp\/v2\/posts\/14483\/revisions"}],"predecessor-version":[{"id":14485,"href":"https:\/\/www.notaoficial.com\/s\/wp-json\/wp\/v2\/posts\/14483\/revisions\/14485"}],"wp:featuredmedia":[{"embeddable":true,"href":"https:\/\/www.notaoficial.com\/s\/wp-json\/wp\/v2\/media\/14484"}],"wp:attachment":[{"href":"https:\/\/www.notaoficial.com\/s\/wp-json\/wp\/v2\/media?parent=14483"}],"wp:term":[{"taxonomy":"category","embeddable":true,"href":"https:\/\/www.notaoficial.com\/s\/wp-json\/wp\/v2\/categories?post=14483"},{"taxonomy":"post_tag","embeddable":true,"href":"https:\/\/www.notaoficial.com\/s\/wp-json\/wp\/v2\/tags?post=14483"}],"curies":[{"name":"wp","href":"https:\/\/api.w.org\/{rel}","templated":true}]}}