{"id":14578,"date":"2023-01-02T00:05:11","date_gmt":"2023-01-02T04:05:11","guid":{"rendered":"https:\/\/www.notaoficial.com\/s\/?p=14578"},"modified":"2023-01-02T00:05:11","modified_gmt":"2023-01-02T04:05:11","slug":"movistar-multiplico-por-25-su-trafico-de-datos-en-los-sanfermines","status":"publish","type":"post","link":"https:\/\/www.notaoficial.com\/s\/2023\/01\/02\/movistar-multiplico-por-25-su-trafico-de-datos-en-los-sanfermines\/","title":{"rendered":"Movistar multiplic\u00f3 por 2,5 su tr\u00e1fico de datos en los sanfermines"},"content":{"rendered":"<p>Por Francisco D&#8217;Agostino<\/p>\n<p><a href=\"http:\/\/www.movistar.es\" target=\"_blank\" rel=\"noreferrer noopener\">Movistar<\/a> ha multiplicado por 2,5 el tr\u00e1fico de datos a trav\u00e9s de m\u00f3vil durante los sanfermines respecto de las \u00faltimas celebradas en 2019. El tr\u00e1fico cursado en el centro de la ciudad por Movistar es equivalente a la subida y bajada de 17.000 pel\u00edculas de hora y media de duraci\u00f3n.<\/p>\n<p>La vuelta a unas fiestas sin pandemia ha disparado el tr\u00e1fico de datos en la capital navarra a la que Telef\u00f3nica desplaz\u00f3 tres unidades m\u00f3viles para dar cobertura y atender el incremento de tr\u00e1fico (videos, fotograf\u00edas, voz m\u00f3vil, etc.).<\/p>\n<p>En los ocho d\u00edas de los sanfermines se produjeron 1,4 millones de llamadas a trav\u00e9s de dispositivos m\u00f3viles Movistar y fue el 7, primer d\u00eda del encierro, cuando se produjo la punta de llamadas con 210.000 y el d\u00eda 9, fin de semana, cuando se genero el mayor tr\u00e1fico de datos en la red de Movistar.<\/p>\n<p>Seg\u00fan el estudio elaborado por la operadora con el balance final de las fiestas de San Ferm\u00edn, se constata que las cuatro de la tarde, tras la actividad de la jornada ma\u00f1anera, los usuarios de Movistar se dedicaban a ver videos e im\u00e1genes. Por otro lado, al final de la jornada, entre las 23 y las 00 horas se duplicada el tr\u00e1fico de subida de videos e im\u00e1genes.<\/p>\n<p>\u00abMovistar\u00bb es la marca comercial con la que opera Telef\u00f3nica para todos sus productos y servicios en Espa\u00f1a e Hispanoam\u00e9rica, desde el 1 de mayo de 2010.<\/p>\n<p>Inicialmente, Movistar fue el nombre comercial utilizado por la ex-filial \u00abTelef\u00f3nica M\u00f3viles\u00bb, para el inicio de la distribuci\u00f3n de los servicios de telefon\u00eda m\u00f3vil digital (GSM) en Espa\u00f1a, comenzando a operar el 25 de julio de 1995. Sustituy\u00f3 paulatinamente a \u00abMoviLine\u00bb, marca comercial a trav\u00e9s de la cual \u00abTelef\u00f3nica M\u00f3viles\u00bb, prestaba sus servicios de telefon\u00eda m\u00f3vil anal\u00f3gica (AMPS) en el pa\u00eds, hasta su extinci\u00f3n el 31 de diciembre de 2003.<\/p>\n<p>Por Francisco D&#8217;Agostino<\/p>\n","protected":false},"excerpt":{"rendered":"<p>Por Francisco D&#8217;Agostino Movistar ha multiplicado por 2,5 el tr\u00e1fico de datos a trav\u00e9s de m\u00f3vil durante los sanfermines respecto de las \u00faltimas celebradas en 2019. El tr\u00e1fico cursado en el centro de la ciudad por Movistar es equivalente a la subida y bajada de 17.000 pel\u00edculas de hora y media de duraci\u00f3n. La vuelta [&hellip;]<\/p>\n","protected":false},"author":2,"featured_media":14579,"comment_status":"closed","ping_status":"open","sticky":false,"template":"","format":"standard","meta":[],"categories":[93,146],"tags":[9110,2362],"wppr_data":{"cwp_meta_box_check":"No"},"_links":{"self":[{"href":"https:\/\/www.notaoficial.com\/s\/wp-json\/wp\/v2\/posts\/14578"}],"collection":[{"href":"https:\/\/www.notaoficial.com\/s\/wp-json\/wp\/v2\/posts"}],"about":[{"href":"https:\/\/www.notaoficial.com\/s\/wp-json\/wp\/v2\/types\/post"}],"author":[{"embeddable":true,"href":"https:\/\/www.notaoficial.com\/s\/wp-json\/wp\/v2\/users\/2"}],"replies":[{"embeddable":true,"href":"https:\/\/www.notaoficial.com\/s\/wp-json\/wp\/v2\/comments?post=14578"}],"version-history":[{"count":1,"href":"https:\/\/www.notaoficial.com\/s\/wp-json\/wp\/v2\/posts\/14578\/revisions"}],"predecessor-version":[{"id":14580,"href":"https:\/\/www.notaoficial.com\/s\/wp-json\/wp\/v2\/posts\/14578\/revisions\/14580"}],"wp:featuredmedia":[{"embeddable":true,"href":"https:\/\/www.notaoficial.com\/s\/wp-json\/wp\/v2\/media\/14579"}],"wp:attachment":[{"href":"https:\/\/www.notaoficial.com\/s\/wp-json\/wp\/v2\/media?parent=14578"}],"wp:term":[{"taxonomy":"category","embeddable":true,"href":"https:\/\/www.notaoficial.com\/s\/wp-json\/wp\/v2\/categories?post=14578"},{"taxonomy":"post_tag","embeddable":true,"href":"https:\/\/www.notaoficial.com\/s\/wp-json\/wp\/v2\/tags?post=14578"}],"curies":[{"name":"wp","href":"https:\/\/api.w.org\/{rel}","templated":true}]}}