{"id":14627,"date":"2023-01-04T23:54:42","date_gmt":"2023-01-05T03:54:42","guid":{"rendered":"https:\/\/www.notaoficial.com\/s\/?p=14627"},"modified":"2023-01-04T23:54:42","modified_gmt":"2023-01-05T03:54:42","slug":"movistar-renueva-patrocinio-para-2023-con-la-liga-de-videojuegos-profesional","status":"publish","type":"post","link":"https:\/\/www.notaoficial.com\/s\/2023\/01\/04\/movistar-renueva-patrocinio-para-2023-con-la-liga-de-videojuegos-profesional\/","title":{"rendered":"Movistar renueva patrocinio para 2023 con la Liga de Videojuegos Profesional"},"content":{"rendered":"<p>Por Francisco D&#8217;Agostino<\/p>\n<p>Movistar renueva su acuerdo como patrocinador durante 2023 en la m\u00e1xima competencia de League of Legends de Colombia, la Fibra <a href=\"https:\/\/www.telefonica.co\/ver_noticia?id_not=417557003\">Movistar<\/a> Golden League. De esta manera, se consolida la relaci\u00f3n colaborativa de LVP y la compa\u00f1\u00eda de telecomunicaciones que en 2022 llegaron a m\u00e1s de 353.000 espectadores.<\/p>\n<p>Mediante este acuerdo, Movistar afianza su compromiso en el desarrollo y el crecimiento de los eSports en Colombia de la mano de LVP. Una vez m\u00e1s, Movistar har\u00e1 parte de Golden League, la liga profesional colombiana del popular juego de Riot que para el pr\u00f3ximo a\u00f1o contar\u00e1 con un nuevo formato de competencia.<\/p>\n<p>En el 2022 la Fibra Movistar Golden League cont\u00f3 con dos temporadas en el a\u00f1o y una copa (Fibra Movistar Golden Cup), estos eventos contaron con 353.000 espectadores \u00fanicos, 528.000 visualizaciones y m\u00e1s de 200.000 horas vistas. La clausura de la Liga se realiz\u00f3 en un evento presencial con m\u00e1s de 300 asistentes y la transmisi\u00f3n cont\u00f3 con m\u00e1s de 17.000 visualizaciones.<\/p>\n<p>\u201cEstamos muy contentos por extender por un a\u00f1o m\u00e1s nuestra alianza con la LVP con el fin de continuar fomentando el desarrollo del entorno de los eSports en el pa\u00eds. Seguiremos trabajando para llevarle a los jugadores y espectadores el mejor servicio con la Fibra \u00d3ptica Movistar que este a\u00f1o ser\u00e1 nuestro foco.\u201d <b>indic\u00f3, Luis Germ\u00e1n Pe\u00f1a, Director de Mercadeo Movistar Colombia.<\/b><\/p>\n<p>\u201cMovistar es una empresa af\u00edn con nuestro p\u00fablico y esta renovaci\u00f3n fortalece el ecosistema de competencias profesionales aportando al crecimiento de la industria en el pa\u00eds. Trabajaremos para dar contenido de calidad y propuestas de valor que impacten a la comunidad con el fin de alcanzar los logros propuestos este nuevo a\u00f1o\u201d <b>afirm\u00f3 Mar\u00eda Cristina Forero P., Country Manager de la Liga de Videojuegos Profesional (LVP) para Colombia, Ecuador y Per\u00fa.<\/b><\/p>\n<p>La pr\u00f3xima temporada de Fibra Movistar Golden League, la competencia profesional de League of Legends de Colombia, empezar\u00e1 el 15 de enero de 2023 y se transmitir\u00e1 los domingos y lunes v\u00eda <a href=\"https:\/\/www.telefonica.co\/twitch.tv\/LVPCOL\">twitch.tv\/LVPCOL<\/a>.<\/p>\n<p>Por Francisco D&#8217;Agostino<\/p>\n","protected":false},"excerpt":{"rendered":"<p>Por Francisco D&#8217;Agostino Movistar renueva su acuerdo como patrocinador durante 2023 en la m\u00e1xima competencia de League of Legends de Colombia, la Fibra Movistar Golden League. De esta manera, se consolida la relaci\u00f3n colaborativa de LVP y la compa\u00f1\u00eda de telecomunicaciones que en 2022 llegaron a m\u00e1s de 353.000 espectadores. Mediante este acuerdo, Movistar afianza [&hellip;]<\/p>\n","protected":false},"author":2,"featured_media":14628,"comment_status":"closed","ping_status":"open","sticky":false,"template":"","format":"standard","meta":[],"categories":[93,146],"tags":[28,9110,2362],"wppr_data":{"cwp_meta_box_check":"No"},"_links":{"self":[{"href":"https:\/\/www.notaoficial.com\/s\/wp-json\/wp\/v2\/posts\/14627"}],"collection":[{"href":"https:\/\/www.notaoficial.com\/s\/wp-json\/wp\/v2\/posts"}],"about":[{"href":"https:\/\/www.notaoficial.com\/s\/wp-json\/wp\/v2\/types\/post"}],"author":[{"embeddable":true,"href":"https:\/\/www.notaoficial.com\/s\/wp-json\/wp\/v2\/users\/2"}],"replies":[{"embeddable":true,"href":"https:\/\/www.notaoficial.com\/s\/wp-json\/wp\/v2\/comments?post=14627"}],"version-history":[{"count":1,"href":"https:\/\/www.notaoficial.com\/s\/wp-json\/wp\/v2\/posts\/14627\/revisions"}],"predecessor-version":[{"id":14629,"href":"https:\/\/www.notaoficial.com\/s\/wp-json\/wp\/v2\/posts\/14627\/revisions\/14629"}],"wp:featuredmedia":[{"embeddable":true,"href":"https:\/\/www.notaoficial.com\/s\/wp-json\/wp\/v2\/media\/14628"}],"wp:attachment":[{"href":"https:\/\/www.notaoficial.com\/s\/wp-json\/wp\/v2\/media?parent=14627"}],"wp:term":[{"taxonomy":"category","embeddable":true,"href":"https:\/\/www.notaoficial.com\/s\/wp-json\/wp\/v2\/categories?post=14627"},{"taxonomy":"post_tag","embeddable":true,"href":"https:\/\/www.notaoficial.com\/s\/wp-json\/wp\/v2\/tags?post=14627"}],"curies":[{"name":"wp","href":"https:\/\/api.w.org\/{rel}","templated":true}]}}