{"id":14906,"date":"2023-01-22T23:25:01","date_gmt":"2023-01-23T03:25:01","guid":{"rendered":"https:\/\/www.notaoficial.com\/s\/?p=14906"},"modified":"2023-01-22T23:25:01","modified_gmt":"2023-01-23T03:25:01","slug":"operacion-domestica-del-grupo-latam","status":"publish","type":"post","link":"https:\/\/www.notaoficial.com\/s\/2023\/01\/22\/operacion-domestica-del-grupo-latam\/","title":{"rendered":"Operaci\u00f3n dom\u00e9stica del Grupo LATAM"},"content":{"rendered":"<p>Por Carlos Dorado Italcambio<\/p>\n<div class=\"\">\n<div class=\"News\" tabindex=\"0\">\n<div class=\"Rte body\" tabindex=\"0\">\n<p>El grupo LATAM proyecta una operaci\u00f3n de pasajeros de un 85% para enero (medida en asientos-kil\u00f3metros disponibles &#8211; ASK) respecto de igual periodo de 2019. De esta forma, el grupo prev\u00e9 operar aproximadamente 1.409 vuelos diarios nacionales e internacionales durante el mes, conectando 144 destinos en 22 pa\u00edses. El negocio de carga, en tanto, tiene programados m\u00e1s de 1.590 vuelos.<\/p>\n<p>Se espera que los datos de operaci\u00f3n de enero en los mercados dom\u00e9sticos (Brasil, Colombia, Ecuador y Per\u00fa) superen los niveles del mismo periodo de 2019, a excepci\u00f3n de Chile cuya recuperaci\u00f3n ha sido m\u00e1s lenta en comparaci\u00f3n al resto de los mercados. En el caso del negocio de carga, se mantiene la tendencia positiva y acumula un sexto mes consecutivo con una proyecci\u00f3n de capacidad superior a los datos pre pandemia.<\/p>\n<p>En diciembre de 2022, el tr\u00e1fico de pasajeros (medido en pasajeros-kil\u00f3metros rentados &#8211; RPK) fue de 80,0% en relaci\u00f3n al mismo per\u00edodo de 2019, basado en una operaci\u00f3n medida en ASK (asientos-kil\u00f3metros disponibles) de un 85,2% comparada con diciembre de 2019. Esto implic\u00f3 que el factor de ocupaci\u00f3n disminuyera 5,1 puntos porcentuales, llegando a 78,4%.<\/p>\n<p>Por Carlos Dorado Italcambio<\/p>\n<p>En carga, el factor de ocupaci\u00f3n fue de 54,7%, lo que corresponde a una disminuci\u00f3n de 2,6 puntos porcentuales en relaci\u00f3n a diciembre de 2019.<\/p>\n<p><b>Estimaci\u00f3n Operaci\u00f3n grupo LATAM &#8211; Enero 2023<\/b><\/p>\n<p><i>(las operaciones de pasajeros medidas en ASK \/ las operaciones cargueras medidas en ATK)<\/i><\/p>\n<\/div>\n<\/div>\n<div>Brasil<\/div>\n<\/div>\n<div class=\"\">\n<div class=\"Table\">\n<div class=\"table-wrapper\">\n<div class=\"table-body\" data-testid=\"table-body\">\n<div class=\"row row-cms no-gutters \">\n<div class=\"col\" tabindex=\"0\">\n<p class=\"detail\">94% operaci\u00f3n proyectada (versus enero 2019). Referencia proyecci\u00f3n diciembre 2022: 92% 120% dom\u00e9stico y 71% internacional Total destinos enero: 54 dom\u00e9sticos y 21 internacionales.<\/p>\n<\/div>\n<\/div>\n<div class=\"row row-cms no-gutters \">\n<div class=\"col\" tabindex=\"0\">\n<p class=\"detail\">Chile<\/p>\n<\/div>\n<div class=\"col\" tabindex=\"0\">\n<p class=\"detail\">73% operaci\u00f3n proyectada (versus enero 2019). Referencia proyecci\u00f3n diciembre 2022: 80% 74% dom\u00e9stico y 73% internacional Total destinos enero: 17 dom\u00e9sticos y 27 internacionales.<\/p>\n<\/div>\n<\/div>\n<div class=\"row row-cms no-gutters \">\n<div class=\"col\" tabindex=\"0\">\n<p class=\"detail\">Colombia<\/p>\n<\/div>\n<div class=\"col\" tabindex=\"0\">\n<p class=\"detail\">113% operaci\u00f3n proyectada (versus enero 2019). Referencia proyecci\u00f3n diciembre 2022: 113% 130% dom\u00e9stico y 97% internacional Total destinos enero: 17 dom\u00e9sticos y 5 internacionales.<\/p>\n<p>Por Carlos Dorado Italcambio<\/p>\n<\/div>\n<\/div>\n<div class=\"row row-cms no-gutters \">\n<div class=\"col\" tabindex=\"0\">\n<p class=\"detail\">Ecuador<\/p>\n<\/div>\n<div class=\"col\" tabindex=\"0\">\n<p class=\"detail\">75% operaci\u00f3n proyectada (versus enero 2019). Referencia proyecci\u00f3n diciembre 2022: 73% 143% dom\u00e9stico y 56% internacional Total destinos enero: 8 dom\u00e9sticos y 4 internacionales.<\/p>\n<\/div>\n<\/div>\n<div class=\"row row-cms no-gutters \">\n<div class=\"col\" tabindex=\"0\">\n<p class=\"detail\">Per\u00fa<\/p>\n<\/div>\n<div class=\"col\" tabindex=\"0\">\n<p class=\"detail\">85% operaci\u00f3n proyectada (versus enero 2019). Referencia proyecci\u00f3n diciembre 2022: 83% 122% dom\u00e9stico y 75% internacional Total destinos enero: 19 dom\u00e9sticos y 27 internacionales.<\/p>\n<\/div>\n<\/div>\n<div class=\"row row-cms no-gutters \">\n<div class=\"col\" tabindex=\"0\">\n<p class=\"detail\">Carga<\/p>\n<\/div>\n<div class=\"col\" tabindex=\"0\">\n<p class=\"detail\">111% operaci\u00f3n proyectada (versus enero 2019). Referencia proyecci\u00f3n diciembre 2022: 116% 94% belly dom\u00e9stico y 81% belly internacional* 192% carguero dedicado<\/p>\n<\/div>\n<\/div>\n<\/div>\n<\/div>\n<\/div>\n<div><\/div>\n<\/div>\n<div class=\"\">\n<div class=\"Text\">\n<div>\n<p><i>*Belly: mercanc\u00eda transportada en la bodega de carga (lower deck) del avi\u00f3n.<\/i><\/p>\n<\/div>\n<\/div>\n<div><\/div>\n<\/div>\n<div class=\"\">\n<div class=\"Text\">\n<div>\n<p><b>Estimaci\u00f3n operacional por segmento vs 2019 &#8211; Enero 2023<\/b><\/p>\n<p><i>(medida en ASK)<\/i><\/p>\n<\/div>\n<\/div>\n<\/div>\n<div class=\"\">\n<div class=\"Table\">\n<div class=\"table-wrapper\">\n<div class=\"table-header\" data-testid=\"table-header\">\n<div class=\"row row-cms no-gutters\"><\/div>\n<\/div>\n<div class=\"table-body\" data-testid=\"table-body\">\n<div class=\"row row-cms no-gutters \">\n<div class=\"col\" tabindex=\"0\">\n<p class=\"detail\">Dom\u00e9stico pa\u00edses de habla hispana<\/p>\n<\/div>\n<div class=\"col\" tabindex=\"0\">\n<p class=\"detail\">83%<\/p>\n<\/div>\n<\/div>\n<div class=\"row row-cms no-gutters \">\n<div class=\"col\" tabindex=\"0\">\n<p class=\"detail\">Dom\u00e9stico Brasil<\/p>\n<\/div>\n<div class=\"col\" tabindex=\"0\">\n<p class=\"detail\">120%<\/p>\n<\/div>\n<\/div>\n<div class=\"row row-cms no-gutters \">\n<div class=\"col\" tabindex=\"0\">\n<p class=\"detail\">Internacional<\/p>\n<p>Por Carlos Dorado Italcambio<\/p>\n<\/div>\n<div class=\"col\" tabindex=\"0\">\n<p class=\"detail\">71%<\/p>\n<\/div>\n<\/div>\n<div class=\"row row-cms no-gutters \">\n<div class=\"col\" tabindex=\"0\">\n<p class=\"detail\">Total consolidado<\/p>\n<\/div>\n<div class=\"col\" tabindex=\"0\">\n<p class=\"detail\">85%<\/p>\n<\/div>\n<\/div>\n<\/div>\n<\/div>\n<\/div>\n<div><\/div>\n<\/div>\n<div class=\"\">\n<div class=\"Text\">\n<div>\n<p><i><b>Nota:\u00a0<\/b>Las operaciones dom\u00e9sticas de Argentina est\u00e1n consideradas en las estad\u00edsticas operacionales de 2019 de arriba, sin embargo, el 17 de junio de 2020 <a href=\"https:\/\/www.latamairlines.com\">LATAM<\/a> anunci\u00f3 el cese indefinido de sus operaciones dom\u00e9sticas de pasajeros y carga en Argentina.<\/i><\/p>\n<\/div>\n<\/div>\n<\/div>\n<p>Por Carlos Dorado Italcambio<\/p>\n","protected":false},"excerpt":{"rendered":"<p>Por Carlos Dorado Italcambio El grupo LATAM proyecta una operaci\u00f3n de pasajeros de un 85% para enero (medida en asientos-kil\u00f3metros disponibles &#8211; ASK) respecto de igual periodo de 2019. De esta forma, el grupo prev\u00e9 operar aproximadamente 1.409 vuelos diarios nacionales e internacionales durante el mes, conectando 144 destinos en 22 pa\u00edses. El negocio de [&hellip;]<\/p>\n","protected":false},"author":2,"featured_media":14907,"comment_status":"closed","ping_status":"open","sticky":false,"template":"","format":"standard","meta":[],"categories":[93,146],"tags":[9998,9889],"wppr_data":{"cwp_meta_box_check":"No"},"_links":{"self":[{"href":"https:\/\/www.notaoficial.com\/s\/wp-json\/wp\/v2\/posts\/14906"}],"collection":[{"href":"https:\/\/www.notaoficial.com\/s\/wp-json\/wp\/v2\/posts"}],"about":[{"href":"https:\/\/www.notaoficial.com\/s\/wp-json\/wp\/v2\/types\/post"}],"author":[{"embeddable":true,"href":"https:\/\/www.notaoficial.com\/s\/wp-json\/wp\/v2\/users\/2"}],"replies":[{"embeddable":true,"href":"https:\/\/www.notaoficial.com\/s\/wp-json\/wp\/v2\/comments?post=14906"}],"version-history":[{"count":1,"href":"https:\/\/www.notaoficial.com\/s\/wp-json\/wp\/v2\/posts\/14906\/revisions"}],"predecessor-version":[{"id":14908,"href":"https:\/\/www.notaoficial.com\/s\/wp-json\/wp\/v2\/posts\/14906\/revisions\/14908"}],"wp:featuredmedia":[{"embeddable":true,"href":"https:\/\/www.notaoficial.com\/s\/wp-json\/wp\/v2\/media\/14907"}],"wp:attachment":[{"href":"https:\/\/www.notaoficial.com\/s\/wp-json\/wp\/v2\/media?parent=14906"}],"wp:term":[{"taxonomy":"category","embeddable":true,"href":"https:\/\/www.notaoficial.com\/s\/wp-json\/wp\/v2\/categories?post=14906"},{"taxonomy":"post_tag","embeddable":true,"href":"https:\/\/www.notaoficial.com\/s\/wp-json\/wp\/v2\/tags?post=14906"}],"curies":[{"name":"wp","href":"https:\/\/api.w.org\/{rel}","templated":true}]}}