{"id":14962,"date":"2023-01-25T23:29:35","date_gmt":"2023-01-26T03:29:35","guid":{"rendered":"https:\/\/www.notaoficial.com\/s\/?p=14962"},"modified":"2023-01-25T23:29:35","modified_gmt":"2023-01-26T03:29:35","slug":"natulac-ofrece-diversion-y-practicidad","status":"publish","type":"post","link":"https:\/\/www.notaoficial.com\/s\/2023\/01\/25\/natulac-ofrece-diversion-y-practicidad\/","title":{"rendered":"Natulac ofrece diversi\u00f3n y practicidad"},"content":{"rendered":"<p>Por Carlos Dorado Italcambio<\/p>\n<p><b>La nueva l\u00ednea de <\/b><a href=\"https:\/\/natulac.com\/colados\/\" target=\"_blank\" rel=\"noopener\" data-saferedirecturl=\"https:\/\/www.google.com\/url?q=https:\/\/natulac.com\/colados\/&amp;source=gmail&amp;ust=1674789842722000&amp;usg=AOvVaw1Pxkp7ekvdck2TFV1HV3la\"><b>Compotas de Frutas Natulac<\/b><\/a><b>, en envase Tetra Pak con pitillo flexible, <\/b>con sus sabores naturales de manzana, pera y durazno,<strong> libres de conservantes, colorantes y sabores artificiales, <\/strong><strong>ha sido muy bien recibida por los consumidores, por lo c\u00f3modo, pr\u00e1ctico, seguro, portable y divertido de su novedoso empaque.<\/strong><\/p>\n<p>El empaque de 160 gramos de esta l\u00ednea <b>es ligero y c\u00f3modo para transportar y almacenar, lo que lo hace ideal para llevar a meriendas o paseos.<\/b> Adem\u00e1s, es f\u00e1cil de abrir con el pitillo flexible, por lo que los ni\u00f1os pueden consumir su contenido sin ayuda. Por otro lado, <b>su <\/b><a href=\"https:\/\/www.instagram.com\/p\/CkJuKBLtDI6\/?hl=es\" target=\"_blank\" rel=\"noopener\" data-saferedirecturl=\"https:\/\/www.google.com\/url?q=https:\/\/www.instagram.com\/p\/CkJuKBLtDI6\/?hl%3Des&amp;source=gmail&amp;ust=1674789842722000&amp;usg=AOvVaw2GvEyoCdbXUTDxBBqVgNQV\"><b>particular dise\u00f1o triangular contribuye<\/b><\/a><b> a la diversi\u00f3n infantil<\/b> porque ahora las compotas se la comen con pitillo y pueden jugar con el envase luego de que consumen el contenido.<\/p>\n<p>Por Carlos Dorado Italcambio<\/p>\n<p>Esto <b>ha favorecido que la l\u00ednea de compotas logre una participaci\u00f3n relevante en el mercado<\/b> en la categor\u00eda de alimentos para ni\u00f1os mayores a 6 meses, que la ha ubicado entre las tres principales empresas m\u00e1s importantes del pa\u00eds en dicho segmento.<\/p>\n<p><b>Opci\u00f3n saludable<\/b><\/p>\n<p>Los\u00a0<strong>compotas de frutas de Natulac, <\/strong><a href=\"https:\/\/www.facebook.com\/natulacoficial\/\" target=\"_blank\" rel=\"noopener\" data-saferedirecturl=\"https:\/\/www.google.com\/url?q=https:\/\/www.facebook.com\/natulacoficial\/&amp;source=gmail&amp;ust=1674789842722000&amp;usg=AOvVaw0rnirEnnNCs1RYPZMlca3X\">marca venezolana de Industrias Maros, C.A,<\/a><strong> son <\/strong>elaboradas con pulpas de manzana, pera y durazno, y constituyen una opci\u00f3n saludable que proporciona todos los nutrientes de las frutas a los ni\u00f1os, cuando comienzan su alimentaci\u00f3n complementaria y sus exigencias nutricionales ya no pueden ser cubiertas s\u00f3lo por la leche materna.<\/p>\n<p>Dichas frutas son buena fuente de minerales, vitaminas del complejo B, potasio, calcio, hierro, magnesio, zinc, yodo, f\u00f3sforo, sodio, fibra soluble y carbohidratos beneficiosos para la salud del infante en crecimiento, que favorecen el desarrollo del cerebro y del sistema nervioso, entre otros. Tambi\u00e9n contienen vitamina C o \u00e1cido asc\u00f3rbico, que contribuye al fortalecimiento del sistema inmunol\u00f3gico y eleva las defensas org\u00e1nicas de los peque\u00f1os.<\/p>\n<p>Por Carlos Dorado Italcambio<\/p>\n<p><b>Las compotas de Natulac tienen alto contenido de fruta natural y su procesamiento se realiza con altos est\u00e1ndares de calidad y de tecnolog\u00eda,<\/b> lo que permite conservar todas estas vitaminas y minerales. Adem\u00e1s, las calor\u00edas que proporcionan est\u00e1n ajustadas a las necesidades de los infantes.<\/p>\n<p>El sistema de envasado Tetra Pak del producto es as\u00e9ptico y permite que los alimentos mantengan su color, textura, sabor natural y valor nutricional hasta por 12 meses, larga duraci\u00f3n sin necesidad de conservantes o refrigeraci\u00f3n, la cual se requiere solo despu\u00e9s de abierto el empaque, en caso de que vaya a guardarse una porci\u00f3n. Viene en una presentaci\u00f3n triangular de tres unidades de 160 g cada una, un empaque l\u00fadico para que los ni\u00f1os puedan crear figuras y entretenerse.<\/p>\n<p>Las compotas de frutas de Natulac tambi\u00e9n vienen en envases de vidrio de 113 g y 186 g, en cualquier de sus presentaciones son una excelente alternativa que le da a las madres la tranquilidad de proporcionar alimentos nutritivos y en forma segura a sus peque\u00f1os.<\/p>\n<p>Para m\u00e1s informaci\u00f3n sobre \u00e9ste o los dem\u00e1s productos de Natulac se puede visitar la p\u00e1gina web <a href=\"https:\/\/natulac.com\/\" target=\"_blank\" rel=\"noopener\" data-saferedirecturl=\"https:\/\/www.google.com\/url?q=https:\/\/natulac.com\/&amp;source=gmail&amp;ust=1674789842723000&amp;usg=AOvVaw07pwIk7h9erhrazH502teD\">https:\/\/natulac.com\/<\/a> y las redes sociales: Instagram @natulacoficial, Facebook <a href=\"https:\/\/www.facebook.com\/natulacoficial\/\" target=\"_blank\" rel=\"noopener\" data-saferedirecturl=\"https:\/\/www.google.com\/url?q=https:\/\/www.facebook.com\/natulacoficial\/&amp;source=gmail&amp;ust=1674789842723000&amp;usg=AOvVaw1iQHhateL2RnylIKY_8r64\">https:\/\/www.facebook.com\/<wbr \/>natulacoficial\/<\/a> \u00a0y Twitter <a href=\"https:\/\/twitter.com\/natulacoficial\" target=\"_blank\" rel=\"noopener\" data-saferedirecturl=\"https:\/\/www.google.com\/url?q=https:\/\/twitter.com\/natulacoficial&amp;source=gmail&amp;ust=1674789842723000&amp;usg=AOvVaw1RgvK8k9u2Cw7reFtlubsQ\">https:\/\/twitter.com\/<wbr \/>natulacoficial<\/a><\/p>\n<p>Por Carlos Dorado Italcambio<\/p>\n","protected":false},"excerpt":{"rendered":"<p>Por Carlos Dorado Italcambio La nueva l\u00ednea de Compotas de Frutas Natulac, en envase Tetra Pak con pitillo flexible, con sus sabores naturales de manzana, pera y durazno, libres de conservantes, colorantes y sabores artificiales, ha sido muy bien recibida por los consumidores, por lo c\u00f3modo, pr\u00e1ctico, seguro, portable y divertido de su novedoso empaque. [&hellip;]<\/p>\n","protected":false},"author":2,"featured_media":14963,"comment_status":"closed","ping_status":"open","sticky":false,"template":"","format":"standard","meta":[],"categories":[93,146,2],"tags":[9998,1164],"wppr_data":{"cwp_meta_box_check":"No"},"_links":{"self":[{"href":"https:\/\/www.notaoficial.com\/s\/wp-json\/wp\/v2\/posts\/14962"}],"collection":[{"href":"https:\/\/www.notaoficial.com\/s\/wp-json\/wp\/v2\/posts"}],"about":[{"href":"https:\/\/www.notaoficial.com\/s\/wp-json\/wp\/v2\/types\/post"}],"author":[{"embeddable":true,"href":"https:\/\/www.notaoficial.com\/s\/wp-json\/wp\/v2\/users\/2"}],"replies":[{"embeddable":true,"href":"https:\/\/www.notaoficial.com\/s\/wp-json\/wp\/v2\/comments?post=14962"}],"version-history":[{"count":1,"href":"https:\/\/www.notaoficial.com\/s\/wp-json\/wp\/v2\/posts\/14962\/revisions"}],"predecessor-version":[{"id":14964,"href":"https:\/\/www.notaoficial.com\/s\/wp-json\/wp\/v2\/posts\/14962\/revisions\/14964"}],"wp:featuredmedia":[{"embeddable":true,"href":"https:\/\/www.notaoficial.com\/s\/wp-json\/wp\/v2\/media\/14963"}],"wp:attachment":[{"href":"https:\/\/www.notaoficial.com\/s\/wp-json\/wp\/v2\/media?parent=14962"}],"wp:term":[{"taxonomy":"category","embeddable":true,"href":"https:\/\/www.notaoficial.com\/s\/wp-json\/wp\/v2\/categories?post=14962"},{"taxonomy":"post_tag","embeddable":true,"href":"https:\/\/www.notaoficial.com\/s\/wp-json\/wp\/v2\/tags?post=14962"}],"curies":[{"name":"wp","href":"https:\/\/api.w.org\/{rel}","templated":true}]}}