{"id":14979,"date":"2023-01-26T08:36:56","date_gmt":"2023-01-26T12:36:56","guid":{"rendered":"https:\/\/www.notaoficial.com\/s\/?p=14979"},"modified":"2023-01-27T08:41:24","modified_gmt":"2023-01-27T12:41:24","slug":"grunenthal-apuesta-por-impulsar-el-talento","status":"publish","type":"post","link":"https:\/\/www.notaoficial.com\/s\/2023\/01\/26\/grunenthal-apuesta-por-impulsar-el-talento\/","title":{"rendered":"Gr\u00fcnenthal apuesta por impulsar el talento"},"content":{"rendered":"<p>Por Carlos Dorado Italcambio<\/p>\n<p>Gr\u00fcnenthal Pharma, compa\u00f1\u00eda farmac\u00e9utica especializada en el abordaje del dolor, ha anunciado la incorporaci\u00f3n en su Equipo de Direcci\u00f3n de Francisco Granados, como director de Recursos Humanos, y Sara Rubio, como directora de Acceso al Mercado y Precios.<\/p>\n<p>En ambos casos, Gr\u00fcnenthal ha apostado por el desarrollo de su talento, ya que tanto Francisco como Sara tienen una larga trayectoria en la compa\u00f1\u00eda y han demostrado un gran desarrollo profesional, destacando por su compromiso, profesionalidad y un liderazgo cercano, dialogante e inclusivo, claves en la cultura corporativa de la compa\u00f1\u00eda.<\/p>\n<p>Francisco Granados se incorpor\u00f3 a Gr\u00fcnenthal Pharma en 2007 como especialista en desarrollo del talento.\u202fEn 2016, al finalizar un\u202fperiodo de colaboraci\u00f3n para la filial chilena, regres\u00f3 a Europa para asumir el puesto de director de Recursos Humanos de la filial de Portugal y para implantar la unidad de servicios globales que el Grupo Gr\u00fcnenthal decide establecer en Lisboa. Granados es licenciado en Psicolog\u00eda por la Universidad Aut\u00f3noma de Madrid y cuenta con un m\u00e1ster en Recursos Humanos en la misma instituci\u00f3n. Antes de incorporarse a la compa\u00f1\u00eda, desarroll\u00f3 su actividad como como consultor para diversas empresas.<\/p>\n<p>Por Carlos Dorado Italcambio<\/p>\n<p>Para Granados la prioridad es que <a href=\"https:\/\/www.google.com\/url?sa=t&amp;source=web&amp;cd=&amp;cad=rja&amp;uact=8&amp;ved=2ahUKEwjippzx4uf8AhUNRDABHdXABIMQFnoECAwQAQ&amp;url=https%3A%2F%2Fwww.grunenthal.es%2F&amp;usg=AOvVaw0O2qjPRECbHEiErCSNKGo6\">Gr\u00fcnenthal<\/a> se convierta en un modelo de inclusi\u00f3n e igualdad: \u201cDesarrollamos pol\u00edticas y pr\u00e1cticas espec\u00edficas para fomentar la evoluci\u00f3n profesional y la diversidad de talentos. En Gr\u00fcnenthal las personas importan de verdad y cada empleado y empleada tiene un impacto visible en la organizaci\u00f3n\u201d.<\/p>\n<p>Estos valores han sido claves para situarse como una de las 50 mejores empresas para trabajar en Espa\u00f1a en siete ediciones de Great Place to Work\u00ae, referente internacional en consultor\u00eda de investigaci\u00f3n y gesti\u00f3n de Recursos Humanos.<\/p>\n<p>Por su parte, Sara Rubio lleva en la compa\u00f1\u00eda m\u00e1s de trece a\u00f1os, en los que ha demostrado su potencial en los puestos de Project, Product y Brand Manager y m\u00e1s recientemente como Strategic Market Access Manager hasta ser nombrada directora del departamento de Acceso al Mercado y Precios. Rubio es licenciada en Derecho y Administraci\u00f3n de Empresas por la Universidad Aut\u00f3noma de Madrid. Ha cursado un programa superior de Gesti\u00f3n de Proyectos por IE Business School y cuenta con un m\u00e1ster de Acceso al Mercado Regional por talento-EPHOS. Inici\u00f3 su carrera profesional como consultora estrat\u00e9gica para entidades financieras en Deloitte.<\/p>\n<p>Por Carlos Dorado Italcambio<\/p>\n<p>En el departamento de Market Access de Gr\u00fcnenthal, el objetivo es que las personas que sufren dolor cr\u00f3nico tengan acceso a un tratamiento adecuado a sus necesidades. En este sentido, la compa\u00f1\u00eda trabaja para alcanzar su visi\u00f3n de un mundo sin dolor, una meta que solo se lograr\u00e1 con la colaboraci\u00f3n de los profesionales sanitarios, la administraci\u00f3n, los pacientes y el resto de colectivos involucrados en su abordaje. \u201cEn los \u00faltimos a\u00f1os se ha avanzado en la mejora del abordaje del dolor desde una perspectiva biopsicosocial, pero a\u00fan queda mucho por hacer. Por eso seguiremos colaborando con los representantes de las diferentes administraciones, tanto a nivel nacional como regional, para facilitar el acceso a nuestros tratamientos y con el foco puesto en favorecer un abordaje hol\u00edstico de las personas que padecen dolor cr\u00f3nico, para que tenga claramente en cuenta sus circunstancias individuales\u201d.<\/p>\n<p>Por Carlos Dorado Italcambio<\/p>\n","protected":false},"excerpt":{"rendered":"<p>Por Carlos Dorado Italcambio Gr\u00fcnenthal Pharma, compa\u00f1\u00eda farmac\u00e9utica especializada en el abordaje del dolor, ha anunciado la incorporaci\u00f3n en su Equipo de Direcci\u00f3n de Francisco Granados, como director de Recursos Humanos, y Sara Rubio, como directora de Acceso al Mercado y Precios. En ambos casos, Gr\u00fcnenthal ha apostado por el desarrollo de su talento, ya [&hellip;]<\/p>\n","protected":false},"author":2,"featured_media":14980,"comment_status":"closed","ping_status":"open","sticky":false,"template":"","format":"standard","meta":[],"categories":[93,463,146],"tags":[9998,9619],"wppr_data":{"cwp_meta_box_check":"No"},"_links":{"self":[{"href":"https:\/\/www.notaoficial.com\/s\/wp-json\/wp\/v2\/posts\/14979"}],"collection":[{"href":"https:\/\/www.notaoficial.com\/s\/wp-json\/wp\/v2\/posts"}],"about":[{"href":"https:\/\/www.notaoficial.com\/s\/wp-json\/wp\/v2\/types\/post"}],"author":[{"embeddable":true,"href":"https:\/\/www.notaoficial.com\/s\/wp-json\/wp\/v2\/users\/2"}],"replies":[{"embeddable":true,"href":"https:\/\/www.notaoficial.com\/s\/wp-json\/wp\/v2\/comments?post=14979"}],"version-history":[{"count":1,"href":"https:\/\/www.notaoficial.com\/s\/wp-json\/wp\/v2\/posts\/14979\/revisions"}],"predecessor-version":[{"id":14981,"href":"https:\/\/www.notaoficial.com\/s\/wp-json\/wp\/v2\/posts\/14979\/revisions\/14981"}],"wp:featuredmedia":[{"embeddable":true,"href":"https:\/\/www.notaoficial.com\/s\/wp-json\/wp\/v2\/media\/14980"}],"wp:attachment":[{"href":"https:\/\/www.notaoficial.com\/s\/wp-json\/wp\/v2\/media?parent=14979"}],"wp:term":[{"taxonomy":"category","embeddable":true,"href":"https:\/\/www.notaoficial.com\/s\/wp-json\/wp\/v2\/categories?post=14979"},{"taxonomy":"post_tag","embeddable":true,"href":"https:\/\/www.notaoficial.com\/s\/wp-json\/wp\/v2\/tags?post=14979"}],"curies":[{"name":"wp","href":"https:\/\/api.w.org\/{rel}","templated":true}]}}