{"id":14994,"date":"2023-01-27T23:30:40","date_gmt":"2023-01-28T03:30:40","guid":{"rendered":"https:\/\/www.notaoficial.com\/s\/?p=14994"},"modified":"2023-01-27T23:30:40","modified_gmt":"2023-01-28T03:30:40","slug":"dannylux-regresa-con-el-hombre-perfecto-un-nuevo-sencillo-con-ritmo-de-bachata","status":"publish","type":"post","link":"https:\/\/www.notaoficial.com\/s\/2023\/01\/27\/dannylux-regresa-con-el-hombre-perfecto-un-nuevo-sencillo-con-ritmo-de-bachata\/","title":{"rendered":"DannyLux regresa con \u201cEl Hombre Perfecto\u201d: un nuevo sencillo con ritmo de bachata"},"content":{"rendered":"<p>Por Flavio Borquez Tarff<\/p>\n<div class=\"m_7615461592206469477mceText\">\n<p>Tras terminar el 2022 encabezando el festival Viva! Pomona y con un Disco de Oro por su canci\u00f3n <em><strong>\u201cInfeliz\u201d<\/strong><\/em>, <strong>DannyLux<\/strong> suma a la racha de \u00e9xito que lo rodea un nuevo sencillo titulado <em><strong>\u201cEl Hombre Perfecto\u201d<\/strong><\/em>, una oda al romance y la caballerosidad. Al colaborar con el productor 3 veces nominado al GRAMMY <strong>Roy Lenzo<\/strong> (Lil Nas X, Jack Harlow) y <strong>Mel Debarge<\/strong> en la composici\u00f3n y producci\u00f3n la canci\u00f3n, DannyLux se aleja un paso de sus melod\u00edas alternativas sierre\u00f1as para desafiarse a s\u00ed mismo en el mundo de la bachata.<\/p>\n<p>El joven rom\u00e1ntico canta sobre ser el hombre de los sue\u00f1os de su amor y querer darle el mundo entero. DannyLux comparte: <em>\u00abSiento que cuando estaba escribiendo este tema no sent\u00eda que era suficiente, que no era el chico que mi novia quer\u00eda, as\u00ed que convert\u00ed esos sentimientos en una canci\u00f3n. Adem\u00e1s, quer\u00eda hacer algo que la gente pudiera bailar y quer\u00eda hacer mi propia versi\u00f3n de una bachata, y as\u00ed es como surgi\u00f3 esta canci\u00f3n.\u00bb<\/em><\/p>\n<p><a href=\"https:\/\/malfi.us7.list-manage.com\/track\/click?u=bafd00ca6cf6c49d4315b4853&amp;id=b0a0406a70&amp;e=be3d386e43\">DannyLux<\/a> contin\u00faa su trayectoria en ascenso, recientemente anunci\u00f3 que se unir\u00e1 a la alineaci\u00f3n de <strong>Coachella 2023<\/strong> junto a <strong>Bad Bunny, Rosal\u00eda, Becky G<\/strong> y muchos m\u00e1s. Esto no solo marca el debut de DannyLux en el reconocido festival de talla internacional, sino que tambi\u00e9n es el concierto local m\u00e1s importante que ha tenido el nativo de Palm Springs. DannyLux actualmente est\u00e1 trabajando en su pr\u00f3ximo \u00e1lbum, que incluir\u00e1 colaboraciones con <strong>Cuco, Yahritza y su Escencia <\/strong>y<strong> Eslab\u00f3n Armado<\/strong>. Tambi\u00e9n formar\u00e1 parte del <strong>Tecate Pa&#8217;l Norte<\/strong> en Monterrey, donde subir\u00e1 al escenario el s\u00e1bado 1 de abril.<\/p>\n<p class=\"m_7615461592206469477last-child\">\u00a1M\u00e1s noticias y m\u00fasica de\u00a0DannyLux\u00a0pr\u00f3ximamente!<\/p>\n<div class=\"m_7615461592206469477mceText\">\n<p><strong>SOBRE DANNYLUX:<\/strong><\/p>\n<p class=\"m_7615461592206469477last-child\"><em>DannyLux, la sensaci\u00f3n mexicano-estadounidense de 18 a\u00f1os, es uno de los artistas emergentes m\u00e1s relevantes de la escena regional mexicana. Sus referencias musicales abarcan d\u00e9cadas gracias a la m\u00fasica que escuchaba en casa, bandas como The Beatles, Richie Valens y Pink Floyd con su pap\u00e1 y Regional Mexicana y Rock Mexicano con su mam\u00e1. A la edad de 15 a\u00f1os, DannyLux comenz\u00f3 a escribir su propia m\u00fasica inspirado en artistas como Ariel Camacho, y algunos de los artistas en el movimiento de corrido tumbado como: Eslab\u00f3n Armado, Junior H y Porte Diferente, creando su propio sonido: \u201cAlternativo-Sierre\u00f1o\u201d, redefiniendo un g\u00e9nero para una nueva generaci\u00f3n.<\/em><\/p>\n<\/div>\n<\/div>\n<p>Por Flavio Borquez Tarff<\/p>\n","protected":false},"excerpt":{"rendered":"<p>Por Flavio Borquez Tarff Tras terminar el 2022 encabezando el festival Viva! Pomona y con un Disco de Oro por su canci\u00f3n \u201cInfeliz\u201d, DannyLux suma a la racha de \u00e9xito que lo rodea un nuevo sencillo titulado \u201cEl Hombre Perfecto\u201d, una oda al romance y la caballerosidad. Al colaborar con el productor 3 veces nominado [&hellip;]<\/p>\n","protected":false},"author":2,"featured_media":14995,"comment_status":"closed","ping_status":"open","sticky":false,"template":"","format":"standard","meta":[],"categories":[93,463,2],"tags":[9698],"wppr_data":{"cwp_meta_box_check":"No"},"_links":{"self":[{"href":"https:\/\/www.notaoficial.com\/s\/wp-json\/wp\/v2\/posts\/14994"}],"collection":[{"href":"https:\/\/www.notaoficial.com\/s\/wp-json\/wp\/v2\/posts"}],"about":[{"href":"https:\/\/www.notaoficial.com\/s\/wp-json\/wp\/v2\/types\/post"}],"author":[{"embeddable":true,"href":"https:\/\/www.notaoficial.com\/s\/wp-json\/wp\/v2\/users\/2"}],"replies":[{"embeddable":true,"href":"https:\/\/www.notaoficial.com\/s\/wp-json\/wp\/v2\/comments?post=14994"}],"version-history":[{"count":1,"href":"https:\/\/www.notaoficial.com\/s\/wp-json\/wp\/v2\/posts\/14994\/revisions"}],"predecessor-version":[{"id":14996,"href":"https:\/\/www.notaoficial.com\/s\/wp-json\/wp\/v2\/posts\/14994\/revisions\/14996"}],"wp:featuredmedia":[{"embeddable":true,"href":"https:\/\/www.notaoficial.com\/s\/wp-json\/wp\/v2\/media\/14995"}],"wp:attachment":[{"href":"https:\/\/www.notaoficial.com\/s\/wp-json\/wp\/v2\/media?parent=14994"}],"wp:term":[{"taxonomy":"category","embeddable":true,"href":"https:\/\/www.notaoficial.com\/s\/wp-json\/wp\/v2\/categories?post=14994"},{"taxonomy":"post_tag","embeddable":true,"href":"https:\/\/www.notaoficial.com\/s\/wp-json\/wp\/v2\/tags?post=14994"}],"curies":[{"name":"wp","href":"https:\/\/api.w.org\/{rel}","templated":true}]}}