{"id":15035,"date":"2023-01-29T23:27:57","date_gmt":"2023-01-30T03:27:57","guid":{"rendered":"https:\/\/www.notaoficial.com\/s\/?p=15035"},"modified":"2023-01-29T23:27:57","modified_gmt":"2023-01-30T03:27:57","slug":"el-dr-jarbas-barbosa-jurara-como-nuevo-director-de-la-ops","status":"publish","type":"post","link":"https:\/\/www.notaoficial.com\/s\/2023\/01\/29\/el-dr-jarbas-barbosa-jurara-como-nuevo-director-de-la-ops\/","title":{"rendered":"El Dr. Jarbas Barbosa jurar\u00e1 como nuevo director de la OPS"},"content":{"rendered":"<p>Por Raed Abib Habib<\/p>\n<p>El Dr. Jarbas Barbosa, director electo de la Organizaci\u00f3n Panamericana de la Salud (OPS), prestar\u00e1 juramento durante una ceremonia en la sede de la Organizaci\u00f3n de los Estados Americanos (OEA) en Washington D.C. el pr\u00f3ximo martes, 31 de enero de 2023.<\/p>\n<p>El Dr. Barbosa, de nacionalidad brasile\u00f1a, fue elegido por los Estados Miembros de la OPS en septiembre de 2022 durante la 30\u00aa Conferencia Sanitaria Panamericana, y comenzar\u00e1 su mandato de cinco a\u00f1os el 1 de febrero de 2023. Sucede en el cargo a la Dra. Carissa F. Etienne, de Dominica, quien ha dirigido la organizaci\u00f3n desde 2012.<\/p>\n<p>La ceremonia comenzar\u00e1 a las 11.00 h EST y contar\u00e1 con las siguientes intervenciones:<\/p>\n<ul>\n<li>Carissa Etienne, directora saliente de la OPS.<\/li>\n<li>Nisia Trinidade Lima, ministra de Salud de Brasil.<\/li>\n<li>Xavier Becerra, secretario de Salud y Servicios Humanos de Estados Unidos.<\/li>\n<li>Luis Almagro, secretario general de la OEA.<\/li>\n<li>Tedros Adhanom Ghebreyesus, director general de la Organizaci\u00f3n Mundial de la Salud (OMS).<\/li>\n<li>Carlyle de Macedo, Sir George Alleyne y Mirta Roses, directores Em\u00e9ritos de la OPS.<\/li>\n<li>Molwyn Joseph, ministro de Salud, Bienestar y Medio Ambiente de Antigua y Barbuda.<\/li>\n<\/ul>\n<p>La ceremonia podr\u00e1 seguirse en directo a trav\u00e9s del <a href=\"https:\/\/www.paho.org\/es\">sitio web de la OPS<\/a>. Los periodistas que deseen asistir en persona deber\u00e1n solicitar su acreditaci\u00f3n a trav\u00e9s de la direcci\u00f3n <a href=\"mailto:mediateam@paho.org\">mediateam@paho.org<\/a> antes del viernes 27 de enero.<\/p>\n<p>Adem\u00e1s&#8230;<\/p>\n<p>Rep\u00fablica Dominicana recibe vacunas contra el c\u00f3lera a trav\u00e9s de OPS\/OMS<\/p>\n<p>El Ministerio de Salud P\u00fablica de la Rep\u00fablica Dominicana recibi\u00f3 85 mil dosis de la vacuna anticol\u00e9rica oral con el apoyo de la Organizaci\u00f3n Panamericana de la Salud (OPS), para controlar los casos de c\u00f3lera en el pa\u00eds.<\/p>\n<p>El representante de la OPS, doctor Olivier Ronveaux, resalt\u00f3 que la Organizaci\u00f3n ha venido apoyando al pa\u00eds de distintas maneras para contrarrestar la enfermedad, desde pruebas de detecci\u00f3n de c\u00f3lera, como en comunicaci\u00f3n y gesti\u00f3n de riesgo.<\/p>\n<p>\u201cMe alegra poder acompa\u00f1ar al Ministerio de Salud a recibir las vacunas y apoyar en el control de la enfermedad en momentos en que hay una gran demanda de vacunas dado que 28 pa\u00edses del mundo presentan casos de c\u00f3lera\u201d, indic\u00f3 Ronveaux.<\/p>\n<p>En tanto el ministro de Salud, doctor Daniel Rivera, agradeci\u00f3 a la Organizaci\u00f3n Panamericana de la Salud (OPS) por las gestiones para la obtenci\u00f3n de las vacunas que se aplicar\u00e1n en los pr\u00f3ximos d\u00edas y se destinar\u00e1n a la poblaci\u00f3n en riesgo de 1 a 60 a\u00f1os de edad, es decir en los barrios donde se reportaron casos y personal de riesgo que trabaja en dichas zonas vulnerables.<\/p>\n<p>Por Raed Abib Habib<\/p>\n","protected":false},"excerpt":{"rendered":"<p>Por Raed Abib Habib El Dr. Jarbas Barbosa, director electo de la Organizaci\u00f3n Panamericana de la Salud (OPS), prestar\u00e1 juramento durante una ceremonia en la sede de la Organizaci\u00f3n de los Estados Americanos (OEA) en Washington D.C. el pr\u00f3ximo martes, 31 de enero de 2023. El Dr. Barbosa, de nacionalidad brasile\u00f1a, fue elegido por los [&hellip;]<\/p>\n","protected":false},"author":2,"featured_media":15037,"comment_status":"closed","ping_status":"open","sticky":false,"template":"","format":"standard","meta":[],"categories":[93],"tags":[9985,9937,847],"wppr_data":{"cwp_meta_box_check":"No"},"_links":{"self":[{"href":"https:\/\/www.notaoficial.com\/s\/wp-json\/wp\/v2\/posts\/15035"}],"collection":[{"href":"https:\/\/www.notaoficial.com\/s\/wp-json\/wp\/v2\/posts"}],"about":[{"href":"https:\/\/www.notaoficial.com\/s\/wp-json\/wp\/v2\/types\/post"}],"author":[{"embeddable":true,"href":"https:\/\/www.notaoficial.com\/s\/wp-json\/wp\/v2\/users\/2"}],"replies":[{"embeddable":true,"href":"https:\/\/www.notaoficial.com\/s\/wp-json\/wp\/v2\/comments?post=15035"}],"version-history":[{"count":2,"href":"https:\/\/www.notaoficial.com\/s\/wp-json\/wp\/v2\/posts\/15035\/revisions"}],"predecessor-version":[{"id":15039,"href":"https:\/\/www.notaoficial.com\/s\/wp-json\/wp\/v2\/posts\/15035\/revisions\/15039"}],"wp:featuredmedia":[{"embeddable":true,"href":"https:\/\/www.notaoficial.com\/s\/wp-json\/wp\/v2\/media\/15037"}],"wp:attachment":[{"href":"https:\/\/www.notaoficial.com\/s\/wp-json\/wp\/v2\/media?parent=15035"}],"wp:term":[{"taxonomy":"category","embeddable":true,"href":"https:\/\/www.notaoficial.com\/s\/wp-json\/wp\/v2\/categories?post=15035"},{"taxonomy":"post_tag","embeddable":true,"href":"https:\/\/www.notaoficial.com\/s\/wp-json\/wp\/v2\/tags?post=15035"}],"curies":[{"name":"wp","href":"https:\/\/api.w.org\/{rel}","templated":true}]}}