{"id":15240,"date":"2023-02-10T23:46:26","date_gmt":"2023-02-11T03:46:26","guid":{"rendered":"https:\/\/www.notaoficial.com\/s\/?p=15240"},"modified":"2023-02-10T23:46:26","modified_gmt":"2023-02-11T03:46:26","slug":"baltazar-porras-decreto-el-ano-arquidiocesano-de-la-santidad-en-caracas","status":"publish","type":"post","link":"https:\/\/www.notaoficial.com\/s\/2023\/02\/10\/baltazar-porras-decreto-el-ano-arquidiocesano-de-la-santidad-en-caracas\/","title":{"rendered":"Baltazar Porras decret\u00f3 el A\u00f1o Arquidiocesano de la Santidad en Caracas"},"content":{"rendered":"<p>La Arquidi\u00f3cesis de Caracas quiere hacer viva la memoria de santidad y exhorta a conocer a los siervos de Dios, venerables, beatos y santos, quienes fueron grandes precursores de acciones que fortalecieron la dignidad humana, la reconciliaci\u00f3n y la paz. El Decreto comienza afirmando que la santidad es el rostro de la Iglesia. Se refiere a los seres que han vivido en grado heroico las virtudes de la fe, esperanza y caridad; y con su vida ayudan a construir el reino de Dios, haciendo posible una sociedad m\u00e1s humana, fraterna, justa y llena de paz: \u201cNuestra Arquidi\u00f3cesis de Caracas se ha caracterizado, a lo largo de su historia, por ser la cuna de un gran n\u00famero de hombres y mujeres consagrados al servicio de Dios y del pueblo desde sus particulares vocaciones.\u201d<\/p>\n<p>Los candidatos nombrados fueron: beato Jos\u00e9 Gregorio Hern\u00e1ndez, beata Carmen Rendiles Mart\u00ednez, beata Candelaria de San Jos\u00e9, beata Mar\u00eda de San Jos\u00e9, venerable Emilia Chapell\u00edn, sierva de Dios mucho , siervo de Dios Jes\u00fas Ces\u00e1reo Gil, siervo de Dios Jos\u00e9 Al\u00ed Lebr\u00fan, siervos de Dios Abraham y Patricia de Reyes, y sierva de Dios Mar\u00eda Esperanza de Bianchini. As\u00ed como los casos que han sido presentados de los presb\u00edteros Pedro Lahoud y Juan Grilc, los esposos Calvani y la Sra. Lola Vidal.<\/p>\n<p>&nbsp;<\/p>\n<p>El edicto invita a realizar encuentros de reflexi\u00f3n y oraci\u00f3n por las causas de los siervos de Dios que est\u00e1n en fase diocesana, a meditar la exhortaci\u00f3n apost\u00f3lica\u00a0<em>Gaudete et exsultate<\/em>\u00a0del santo padre Francisco sobre el llamado a la santidad en el mundo actual y a realizar un congreso de la santidad en Venezuela.<\/p>\n","protected":false},"excerpt":{"rendered":"<p>La Arquidi\u00f3cesis de Caracas quiere hacer viva la memoria de santidad y exhorta a conocer a los siervos de Dios, venerables, beatos y santos, quienes fueron grandes precursores de acciones que fortalecieron la dignidad humana, la reconciliaci\u00f3n y la paz. El Decreto comienza afirmando que la santidad es el rostro de la Iglesia. Se refiere [&hellip;]<\/p>\n","protected":false},"author":2,"featured_media":15241,"comment_status":"closed","ping_status":"open","sticky":false,"template":"","format":"standard","meta":[],"categories":[463,146,2],"tags":[10044,342],"wppr_data":{"cwp_meta_box_check":"No"},"_links":{"self":[{"href":"https:\/\/www.notaoficial.com\/s\/wp-json\/wp\/v2\/posts\/15240"}],"collection":[{"href":"https:\/\/www.notaoficial.com\/s\/wp-json\/wp\/v2\/posts"}],"about":[{"href":"https:\/\/www.notaoficial.com\/s\/wp-json\/wp\/v2\/types\/post"}],"author":[{"embeddable":true,"href":"https:\/\/www.notaoficial.com\/s\/wp-json\/wp\/v2\/users\/2"}],"replies":[{"embeddable":true,"href":"https:\/\/www.notaoficial.com\/s\/wp-json\/wp\/v2\/comments?post=15240"}],"version-history":[{"count":1,"href":"https:\/\/www.notaoficial.com\/s\/wp-json\/wp\/v2\/posts\/15240\/revisions"}],"predecessor-version":[{"id":15242,"href":"https:\/\/www.notaoficial.com\/s\/wp-json\/wp\/v2\/posts\/15240\/revisions\/15242"}],"wp:featuredmedia":[{"embeddable":true,"href":"https:\/\/www.notaoficial.com\/s\/wp-json\/wp\/v2\/media\/15241"}],"wp:attachment":[{"href":"https:\/\/www.notaoficial.com\/s\/wp-json\/wp\/v2\/media?parent=15240"}],"wp:term":[{"taxonomy":"category","embeddable":true,"href":"https:\/\/www.notaoficial.com\/s\/wp-json\/wp\/v2\/categories?post=15240"},{"taxonomy":"post_tag","embeddable":true,"href":"https:\/\/www.notaoficial.com\/s\/wp-json\/wp\/v2\/tags?post=15240"}],"curies":[{"name":"wp","href":"https:\/\/api.w.org\/{rel}","templated":true}]}}