{"id":15297,"date":"2023-02-14T23:23:34","date_gmt":"2023-02-15T03:23:34","guid":{"rendered":"https:\/\/www.notaoficial.com\/s\/?p=15297"},"modified":"2023-02-14T23:23:34","modified_gmt":"2023-02-15T03:23:34","slug":"rafavoz-refresca-el-vallenato-con-el-parrandero","status":"publish","type":"post","link":"https:\/\/www.notaoficial.com\/s\/2023\/02\/14\/rafavoz-refresca-el-vallenato-con-el-parrandero\/","title":{"rendered":"RafaVoz refresca el vallenato con \u00abEl Parrandero\u00bb"},"content":{"rendered":"<div dir=\"auto\">El cantante venezolano Rafael Lugo Arteaga, mejor conocido como RafaVoz presenta \u201cEl Parrandero\u201d, una fusi\u00f3n latina con vallenata, que llega acompa\u00f1ada de su respectivo videoclip.<\/div>\n<div dir=\"auto\"><\/div>\n<div dir=\"auto\">\u201cEl Parrandero es una canci\u00f3n que estamos seguros que pondr\u00e1 a gozar a todo el que la escuche. Es un tema fresco, juvenil y rom\u00e1ntico\u2026 sin dejar a un lado nuestro querido vallenato\u201d, comenta el talentoso cantante RafaVoz nacido en Barquisimeto, oriundo de Paraguan\u00e1.<\/div>\n<div dir=\"auto\"><\/div>\n<div dir=\"auto\">El audiovisual de \u201cEl Parrandero\u201d fue grabado en las paradis\u00edacas e imponentes playas venezolanas, espec\u00edficamente en las de Paraguan\u00e1 y est\u00e1 disponible en el canal de YouTube de RafaVoz.<\/div>\n<div dir=\"auto\"><\/div>\n<div dir=\"auto\"><a href=\"https:\/\/youtu.be\/G6on5kJ86uc\" target=\"_blank\" rel=\"noopener noreferrer\" data-saferedirecturl=\"https:\/\/www.google.com\/url?q=https:\/\/youtu.be\/G6on5kJ86uc&amp;source=gmail&amp;ust=1676515366113000&amp;usg=AOvVaw2IxFIimQPclKbYf7Bpd2SE\">https:\/\/youtu.be\/G6on5kJ86uc<\/a><\/div>\n<div dir=\"auto\"><\/div>\n<div dir=\"auto\">RafaVoz es un cantante, compositor y arreglista con m\u00e1s de 22 a\u00f1os de trayectoria musical, y aunque su g\u00e9nero musical es el vallenato, en esta oportunidad quiso fusionarlo y adaptarlo a la nueva era, logrando un gran trabajo.<\/div>\n<div dir=\"auto\"><\/div>\n<div dir=\"auto\">M\u00e1s sobre RafaVoz<\/div>\n<div dir=\"auto\"><\/div>\n<div dir=\"auto\">Rafa, quien adem\u00e1s es M\u00fasico del Sistema de Orquestas de Venezuela Conservatorio de Paraguan\u00e1, inici\u00f3 su carrera cuando apenas ten\u00eda 16 a\u00f1os de edad de la mano de la banda regional \u201cKabala\u201d, desde entonces su \u00e9xito ha ido en ascenso.<\/div>\n<div dir=\"auto\"><\/div>\n<div dir=\"auto\">El artista tambi\u00e9n form\u00f3 parte importantes orquestas venezolanas para luego tomar el rumbo en solitario con el proyecto vallenato RafaVoz.<\/div>\n<div dir=\"auto\"><\/div>\n<div dir=\"auto\">El cantante ha compartido escenario con artistas de renombre como Nelson Vel\u00e1squez, Jean Carlos Centeno, Binomio de Oro, Olga Ta\u00f1on, Jorge Celed\u00f3n, Alex Manga y Los Diablitos, Willy Gonzalez, Tony Vega, Servando y Florentino, Jerry Rivera, Maelo Ruiz, Oscar D\u2019 Le\u00f3n, GUACO, entre otros.<\/div>\n<div dir=\"auto\"><\/div>\n<div dir=\"auto\">Redes sociales:<\/div>\n<div dir=\"auto\"><\/div>\n<div dir=\"auto\">Instagram: @rafavoz<\/div>\n<div dir=\"auto\"><\/div>\n<div dir=\"auto\">Twitter: @rafavoz<\/div>\n<div dir=\"auto\"><\/div>\n<div dir=\"auto\">FanPage: RafaVoz<\/div>\n","protected":false},"excerpt":{"rendered":"<p>El cantante venezolano Rafael Lugo Arteaga, mejor conocido como RafaVoz presenta \u201cEl Parrandero\u201d, una fusi\u00f3n latina con vallenata, que llega acompa\u00f1ada de su respectivo videoclip. \u201cEl Parrandero es una canci\u00f3n que estamos seguros que pondr\u00e1 a gozar a todo el que la escuche. Es un tema fresco, juvenil y rom\u00e1ntico\u2026 sin dejar a un lado [&hellip;]<\/p>\n","protected":false},"author":2,"featured_media":15298,"comment_status":"closed","ping_status":"open","sticky":false,"template":"","format":"standard","meta":[],"categories":[93,463,146,2],"tags":[381,10050],"wppr_data":{"cwp_meta_box_check":"No"},"_links":{"self":[{"href":"https:\/\/www.notaoficial.com\/s\/wp-json\/wp\/v2\/posts\/15297"}],"collection":[{"href":"https:\/\/www.notaoficial.com\/s\/wp-json\/wp\/v2\/posts"}],"about":[{"href":"https:\/\/www.notaoficial.com\/s\/wp-json\/wp\/v2\/types\/post"}],"author":[{"embeddable":true,"href":"https:\/\/www.notaoficial.com\/s\/wp-json\/wp\/v2\/users\/2"}],"replies":[{"embeddable":true,"href":"https:\/\/www.notaoficial.com\/s\/wp-json\/wp\/v2\/comments?post=15297"}],"version-history":[{"count":1,"href":"https:\/\/www.notaoficial.com\/s\/wp-json\/wp\/v2\/posts\/15297\/revisions"}],"predecessor-version":[{"id":15299,"href":"https:\/\/www.notaoficial.com\/s\/wp-json\/wp\/v2\/posts\/15297\/revisions\/15299"}],"wp:featuredmedia":[{"embeddable":true,"href":"https:\/\/www.notaoficial.com\/s\/wp-json\/wp\/v2\/media\/15298"}],"wp:attachment":[{"href":"https:\/\/www.notaoficial.com\/s\/wp-json\/wp\/v2\/media?parent=15297"}],"wp:term":[{"taxonomy":"category","embeddable":true,"href":"https:\/\/www.notaoficial.com\/s\/wp-json\/wp\/v2\/categories?post=15297"},{"taxonomy":"post_tag","embeddable":true,"href":"https:\/\/www.notaoficial.com\/s\/wp-json\/wp\/v2\/tags?post=15297"}],"curies":[{"name":"wp","href":"https:\/\/api.w.org\/{rel}","templated":true}]}}