{"id":15522,"date":"2023-02-28T23:41:03","date_gmt":"2023-03-01T03:41:03","guid":{"rendered":"https:\/\/www.notaoficial.com\/s\/?p=15522"},"modified":"2023-02-28T23:41:03","modified_gmt":"2023-03-01T03:41:03","slug":"fiesta-enriquece-el-mercado-con-su-untable-de-jamon-y-tocineta","status":"publish","type":"post","link":"https:\/\/www.notaoficial.com\/s\/2023\/02\/28\/fiesta-enriquece-el-mercado-con-su-untable-de-jamon-y-tocineta\/","title":{"rendered":"Fiesta enriquece el mercado con su Untable de Jam\u00f3n y Tocineta"},"content":{"rendered":"<p><b>Embutidos Fiesta<\/b>, la marca que ofrece las mejores opciones para realizar compras inteligentes en Venezuela, enriquece el mercado nacional con su <b>Untable de Jam\u00f3n y Tocineta<\/b>.<\/p>\n<p>A trav\u00e9s de este producto Fiesta busca impulsar mayor variedad en la categor\u00eda de untables, adem\u00e1s de generar felicidad entre sus consumidores al combinar el reconocido <b>jam\u00f3n<\/b> de la marca con deliciosa <b>tocineta<\/b>, dos de los sabores preferidos entre los venezolanos.<\/p>\n<p>Se puede encontrar en los diversos puntos de venta con un <b>precio asequible<\/b>, representando as\u00ed una opci\u00f3n para aquellas personas que buscan rendir su presupuesto sin sacrificar sabor ni la calidad asociada a la marca.<\/p>\n<p><b>Durante 20 a\u00f1os Fiesta<\/b> se ha enfocado en elaborar productos de consumo masivo que favorecen la dieta del venezolano, siempre manteniendo excelentes sabores, precios y calidad, reflejado en su lema <a href=\"https:\/\/www.instagram.com\/embutidosfiesta\/\">\u201cTu compra inteligente\u201d<\/a>.<\/p>\n<p><b>Rompe la monoton\u00eda<\/b><\/p>\n<p>El Untable de Jam\u00f3n y Tocineta Fiesta incentiva la creatividad gastron\u00f3mica en las familias, ya que tanto para el desayuno, el almuerzo, la merienda o la cena, se convierte en un aliado para romper la monoton\u00eda y convertir un plato sencillo en un <a href=\"https:\/\/www.instagram.com\/p\/CkrSzt-LfWh\/\">bocado lleno del mejor sabor<\/a>.<\/p>\n<p>Desde ya se puede conseguir el Untable de Jam\u00f3n y Tocineta Fiesta en las <b>principales cadenas de supermercado de todo el pa\u00eds<\/b>.<\/p>\n<p>La marca invita a aquellas personas que deseen conocer m\u00e1s sobre este producto, as\u00ed como otros integrantes del portafolio de Fiesta y recetas que ampl\u00eden sus experiencias alimenticias, visitar su cuenta en Instagram <b>@embutidosfiesta<\/b>.<\/p>\n","protected":false},"excerpt":{"rendered":"<p>Embutidos Fiesta, la marca que ofrece las mejores opciones para realizar compras inteligentes en Venezuela, enriquece el mercado nacional con su Untable de Jam\u00f3n y Tocineta. A trav\u00e9s de este producto Fiesta busca impulsar mayor variedad en la categor\u00eda de untables, adem\u00e1s de generar felicidad entre sus consumidores al combinar el reconocido jam\u00f3n de la [&hellip;]<\/p>\n","protected":false},"author":2,"featured_media":15523,"comment_status":"closed","ping_status":"open","sticky":false,"template":"","format":"standard","meta":[],"categories":[93,146,2],"tags":[9592,10071],"wppr_data":{"cwp_meta_box_check":"No"},"_links":{"self":[{"href":"https:\/\/www.notaoficial.com\/s\/wp-json\/wp\/v2\/posts\/15522"}],"collection":[{"href":"https:\/\/www.notaoficial.com\/s\/wp-json\/wp\/v2\/posts"}],"about":[{"href":"https:\/\/www.notaoficial.com\/s\/wp-json\/wp\/v2\/types\/post"}],"author":[{"embeddable":true,"href":"https:\/\/www.notaoficial.com\/s\/wp-json\/wp\/v2\/users\/2"}],"replies":[{"embeddable":true,"href":"https:\/\/www.notaoficial.com\/s\/wp-json\/wp\/v2\/comments?post=15522"}],"version-history":[{"count":1,"href":"https:\/\/www.notaoficial.com\/s\/wp-json\/wp\/v2\/posts\/15522\/revisions"}],"predecessor-version":[{"id":15524,"href":"https:\/\/www.notaoficial.com\/s\/wp-json\/wp\/v2\/posts\/15522\/revisions\/15524"}],"wp:featuredmedia":[{"embeddable":true,"href":"https:\/\/www.notaoficial.com\/s\/wp-json\/wp\/v2\/media\/15523"}],"wp:attachment":[{"href":"https:\/\/www.notaoficial.com\/s\/wp-json\/wp\/v2\/media?parent=15522"}],"wp:term":[{"taxonomy":"category","embeddable":true,"href":"https:\/\/www.notaoficial.com\/s\/wp-json\/wp\/v2\/categories?post=15522"},{"taxonomy":"post_tag","embeddable":true,"href":"https:\/\/www.notaoficial.com\/s\/wp-json\/wp\/v2\/tags?post=15522"}],"curies":[{"name":"wp","href":"https:\/\/api.w.org\/{rel}","templated":true}]}}