{"id":15528,"date":"2023-03-02T00:16:45","date_gmt":"2023-03-02T04:16:45","guid":{"rendered":"https:\/\/www.notaoficial.com\/s\/?p=15528"},"modified":"2023-03-02T00:16:45","modified_gmt":"2023-03-02T04:16:45","slug":"stratuz-presenta-en-concierto-su-disco-osculum-pacis","status":"publish","type":"post","link":"https:\/\/www.notaoficial.com\/s\/2023\/03\/02\/stratuz-presenta-en-concierto-su-disco-osculum-pacis\/","title":{"rendered":"Stratuz presenta en concierto su disco &#8216;Osculum Pacis&#8217;"},"content":{"rendered":"<p>Por Raed Abib Habib<\/p>\n<p>El viernes 10 de marzo de 2023 a las 7:00 p.m., <strong>STRATUZ<\/strong>, una de las agrupaciones pioneras del rock-extremo en Venezuela, estar\u00e1 presentando en concierto su nueva producci\u00f3n discogr\u00e1fica titulada \u201c<strong><em>Osculum Pacis\u201d<\/em><\/strong>, en su totalidad y en el marco del <strong>17 Aniversario de Cresta Metalica<\/strong>. Ser\u00e1 la primera muestra al p\u00fablico de este disco que logr\u00f3 posicionarse entre las listas de los mejores discos del a\u00f1o del 2022 a nivel mundial seg\u00fan la cr\u00edtica especializada.<\/p>\n<p>La banda que cuenta con casi 40 a\u00f1os de carrera, contar\u00e1 con una coral y con un cuarteto de cuerdas, d\u00e1ndole un toque de rock sinf\u00f3nico al show. Tendr\u00e1 como invitada especial a la renombrada cantante <strong>Deborah Emperatriz<\/strong>. El p\u00fablico podr\u00e1 disfrutar de un recorrido por los rincones m\u00e1s extremos del g\u00e9nero rock con casi 20 m\u00fasicos en escena en una presentaci\u00f3n que adem\u00e1s ser\u00e1 filmada para la posteridad.<\/p>\n<p><strong>Las entradas est\u00e1n a la venta en las taquillas del Centro Cultural BOD y a trav\u00e9s de la plataforma <a href=\"https:\/\/bod.ticketmundo.com\/event\/2522\" data-saferedirecturl=\"https:\/\/www.google.com\/url?q=https:\/\/bod.ticketmundo.com\/event\/2522&amp;source=gmail&amp;ust=1677813582183000&amp;usg=AOvVaw0c0oO2p2gCHPXyYiRqR1oZ\">ticketmundo.com<\/a><\/strong><\/p>\n<p><strong> Por Raed Abib Habib<\/strong><\/p>\n<p>En relaci\u00f3n al show, el l\u00edder de <strong>Stratuz<\/strong>,<strong> Franklin Berroteran<\/strong> comenta: <em>\u201cPara nosotros ser\u00e1 un show con una carga emotiva muy fuerte, son muchos a\u00f1os sin estar de una manera absoluta en un escenario compartiendo con nuestro p\u00fablico, quisimos regresar de una manera contundente para retribuirles tantos a\u00f1os de espera y rendirle tributo a quienes hoy no est\u00e1n f\u00edsicamente presentes, pero que de alguna manera nos acompa\u00f1an, no hay mejor tributo que hacer una obra que perdure en el tiempo\u201d.<\/em><\/p>\n<p>Los m\u00fasicos que conforman la banda en la actualidad y que se estar\u00e1n presentando en vivo son: <strong>Franklin Berroter\u00e1n<\/strong> en la voz l\u00edder, <strong>Ger\u00f3nimo Egea<\/strong> en la guitarra, <strong>Diego Cabrujas<\/strong> en la bater\u00eda y <strong>Leonardo R\u00e1ngel<\/strong> en el bajo. En relaci\u00f3n al disco \u201c<strong><em>Osculum Pacis\u201d,<\/em><\/strong> cont\u00f3 con un trabajo ambicioso de producci\u00f3n y mezcla, dando como resultado un disco que compite con cualquier otro registrado por bandas europeas o norteamericanas. Fue grabado en <strong>The Asylum Studio<\/strong> con la producci\u00f3n de <strong>Berroter\u00e1n <\/strong>y<strong> Egea<\/strong>, mientras que la mezcla y masterizaci\u00f3n estuvo a cargo de Arturo Ban\u00fas en Chicago, EEUU.<\/p>\n<p>Vale recordar que \u201c<strong><em>Osculum Pacis\u201d<\/em><\/strong>, fue lanzado el 26 de abril de 2022 y r\u00e1pidamente logr\u00f3 posicionarse entre las listas de los mejores discos del a\u00f1o, seg\u00fan varias revistas, p\u00e1ginas web y programas de radio especializados en rock extremo de 4 continentes y m\u00e1s de 15 pa\u00edses, entre ellos: Alemania, Espa\u00f1a, EEUU, Egipto, Francia, Grecia, India, Italia, M\u00e9xico, Portugal, Reino Unido, Uruguay y Venezuela, compartiendo sitiales de honor con las mejores agrupaciones del mundo entero. Inclusive logr\u00f3 el primer lugar en el Jacquin Ravens Top 50 Metal de la estaci\u00f3n de radio estadounidense 99WNRR.<\/p>\n<p>Por Raed Abib Habib<\/p>\n<p>\u00ab<em>Tener a Stratuz como banda para celebrar los 17 a\u00f1os de Cresta Metalica Producciones es muy satisfactorio, porque siempre he sido seguidor de la banda y la considero la m\u00e1s importante y digna representante del metal extremo en Venezuela. Es un gran honor y un reto poder realizar la producci\u00f3n del evento junto a Roberto Palmitesta (Subdirector Cresta Metalica) y Andrea Cobo Raffalli (Artemisa Producciones \/Staff de Cresta Metalica), para presentar su nuevo disco, el cual considero como lo mejor hecho en nuestro pa\u00eds en 2022. Los esperamos en este show \u00fanico y que seguro ser\u00e1 memorable<\/em>\u00ab, destac\u00f3 <strong>Alejandro Adri\u00e1n<\/strong>, Fundador y Director de <strong>Cresta Metalica Producciones<\/strong>.<\/p>\n<p><strong>Para conocer m\u00e1s de Stratuz visita:<\/strong><\/p>\n<p>Facebook: <a href=\"https:\/\/www.facebook.com\/stratuzofficial\" data-saferedirecturl=\"https:\/\/www.google.com\/url?q=https:\/\/www.facebook.com\/stratuzofficial&amp;source=gmail&amp;ust=1677813582183000&amp;usg=AOvVaw17NANM0qPme_OmX7Qq2w8u\">https:\/\/www.facebook.com\/stratuzofficial<\/a><\/p>\n<p>Twitter: <a href=\"https:\/\/twitter.com\/stratuzofficial\" data-saferedirecturl=\"https:\/\/www.google.com\/url?q=https:\/\/twitter.com\/stratuzofficial&amp;source=gmail&amp;ust=1677813582183000&amp;usg=AOvVaw2E-X6Um_4IvWRFLGrw3xf8\">https:\/\/twitter.com\/stratuzofficial<\/a><\/p>\n<p>Instagram: <a href=\"https:\/\/www.instagram.com\/stratuz_official\" data-saferedirecturl=\"https:\/\/www.google.com\/url?q=https:\/\/www.instagram.com\/stratuz_official&amp;source=gmail&amp;ust=1677813582183000&amp;usg=AOvVaw057Lh-HrpjRdCqzfLq5lgF\">https:\/\/www.instagram.com\/stratuz_official<\/a><\/p>\n<p>TikTok: <a href=\"https:\/\/www.tiktok.com\/@stratuzofficial\" data-saferedirecturl=\"https:\/\/www.google.com\/url?q=https:\/\/www.tiktok.com\/@stratuzofficial&amp;source=gmail&amp;ust=1677813582183000&amp;usg=AOvVaw3n8Wx7uwBSPNXCKXU93dpD\">https:\/\/www.tiktok.com\/@stratuzofficial<\/a><\/p>\n<p>YouTube:\u00a0 <a href=\"https:\/\/www.youtube.com\/@StratuzOfficial\" data-saferedirecturl=\"https:\/\/www.google.com\/url?q=https:\/\/www.youtube.com\/@StratuzOfficial&amp;source=gmail&amp;ust=1677813582183000&amp;usg=AOvVaw250xaJ20bDzvM1KWtBPiek\">https:\/\/www.youtube.com\/@StratuzOfficial<\/a><\/p>\n<p>Spotify: <a href=\"https:\/\/open.spotify.com\/artist\/4V6ieXcKGpk7AyHxvgSFs1\" data-saferedirecturl=\"https:\/\/www.google.com\/url?q=https:\/\/open.spotify.com\/artist\/4V6ieXcKGpk7AyHxvgSFs1&amp;source=gmail&amp;ust=1677813582183000&amp;usg=AOvVaw0SInt0TICpy5WDG1_a5N7C\">https:\/\/open.spotify.com\/artist\/4V6ieXcKGpk7AyHxvgSFs1<\/a><\/p>\n<p>&nbsp;<\/p>\n<p><strong>Para conocer m\u00e1s de Cresta Metalica visita:<\/strong><\/p>\n<p>Web: <a href=\"https:\/\/crestametalica.com\" data-saferedirecturl=\"https:\/\/www.google.com\/url?q=https:\/\/crestametalica.com&amp;source=gmail&amp;ust=1677813582183000&amp;usg=AOvVaw3IN4twl1VuoCqoTQNbk1Qb\">https:\/\/crestametalica.com<\/a><\/p>\n<p>Facebook: <a href=\"https:\/\/www.facebook.com\/CrestaMetalica\" data-saferedirecturl=\"https:\/\/www.google.com\/url?q=https:\/\/www.facebook.com\/CrestaMetalica&amp;source=gmail&amp;ust=1677813582183000&amp;usg=AOvVaw1fN5zjfGsqcqNaYCO10vE1\">https:\/\/www.facebook.com\/CrestaMetalica<\/a><\/p>\n<p>Twitter: <a href=\"https:\/\/twitter.com\/crestametalica\" data-saferedirecturl=\"https:\/\/www.google.com\/url?q=https:\/\/twitter.com\/crestametalica&amp;source=gmail&amp;ust=1677813582183000&amp;usg=AOvVaw1FoZFMbBdspbkUEU7XxXzn\">https:\/\/twitter.com\/crestametalica<\/a><\/p>\n<p>Instagram: <a href=\"https:\/\/www.instagram.com\/CrestaMetalica\" data-saferedirecturl=\"https:\/\/www.google.com\/url?q=https:\/\/www.instagram.com\/CrestaMetalica&amp;source=gmail&amp;ust=1677813582183000&amp;usg=AOvVaw0-FyhnE1GOefzBXjZBm_tG\">https:\/\/www.instagram.com\/CrestaMetalica<\/a><\/p>\n<p>TikTok: <a href=\"https:\/\/www.tiktok.com\/@crestametalica\" data-saferedirecturl=\"https:\/\/www.google.com\/url?q=https:\/\/www.tiktok.com\/@crestametalica&amp;source=gmail&amp;ust=1677813582183000&amp;usg=AOvVaw1HJVUAUc98WBYDbSFpDrzl\">https:\/\/www.tiktok.com\/@crestametalica<\/a><\/p>\n<p>YouTube: <a href=\"https:\/\/www.youtube.com\/@CrestaMetalica\" data-saferedirecturl=\"https:\/\/www.google.com\/url?q=https:\/\/www.youtube.com\/@CrestaMetalica&amp;source=gmail&amp;ust=1677813582183000&amp;usg=AOvVaw0Y3o1plwoio9_ueiKlIVOJ\">https:\/\/www.youtube.com\/@CrestaMetalica<\/a><\/p>\n<p>Por Raed Abib Habib<\/p>\n","protected":false},"excerpt":{"rendered":"<p>Por Raed Abib Habib El viernes 10 de marzo de 2023 a las 7:00 p.m., STRATUZ, una de las agrupaciones pioneras del rock-extremo en Venezuela, estar\u00e1 presentando en concierto su nueva producci\u00f3n discogr\u00e1fica titulada \u201cOsculum Pacis\u201d, en su totalidad y en el marco del 17 Aniversario de Cresta Metalica. Ser\u00e1 la primera muestra al p\u00fablico [&hellip;]<\/p>\n","protected":false},"author":2,"featured_media":15529,"comment_status":"closed","ping_status":"open","sticky":false,"template":"","format":"standard","meta":[],"categories":[93,463,146,2],"tags":[381,9937],"wppr_data":{"cwp_meta_box_check":"No"},"_links":{"self":[{"href":"https:\/\/www.notaoficial.com\/s\/wp-json\/wp\/v2\/posts\/15528"}],"collection":[{"href":"https:\/\/www.notaoficial.com\/s\/wp-json\/wp\/v2\/posts"}],"about":[{"href":"https:\/\/www.notaoficial.com\/s\/wp-json\/wp\/v2\/types\/post"}],"author":[{"embeddable":true,"href":"https:\/\/www.notaoficial.com\/s\/wp-json\/wp\/v2\/users\/2"}],"replies":[{"embeddable":true,"href":"https:\/\/www.notaoficial.com\/s\/wp-json\/wp\/v2\/comments?post=15528"}],"version-history":[{"count":1,"href":"https:\/\/www.notaoficial.com\/s\/wp-json\/wp\/v2\/posts\/15528\/revisions"}],"predecessor-version":[{"id":15530,"href":"https:\/\/www.notaoficial.com\/s\/wp-json\/wp\/v2\/posts\/15528\/revisions\/15530"}],"wp:featuredmedia":[{"embeddable":true,"href":"https:\/\/www.notaoficial.com\/s\/wp-json\/wp\/v2\/media\/15529"}],"wp:attachment":[{"href":"https:\/\/www.notaoficial.com\/s\/wp-json\/wp\/v2\/media?parent=15528"}],"wp:term":[{"taxonomy":"category","embeddable":true,"href":"https:\/\/www.notaoficial.com\/s\/wp-json\/wp\/v2\/categories?post=15528"},{"taxonomy":"post_tag","embeddable":true,"href":"https:\/\/www.notaoficial.com\/s\/wp-json\/wp\/v2\/tags?post=15528"}],"curies":[{"name":"wp","href":"https:\/\/api.w.org\/{rel}","templated":true}]}}