{"id":15543,"date":"2023-03-02T23:56:23","date_gmt":"2023-03-03T03:56:23","guid":{"rendered":"https:\/\/www.notaoficial.com\/s\/?p=15543"},"modified":"2023-03-02T23:56:23","modified_gmt":"2023-03-03T03:56:23","slug":"la-carrera-naranja-de-la-unimet","status":"publish","type":"post","link":"https:\/\/www.notaoficial.com\/s\/2023\/03\/02\/la-carrera-naranja-de-la-unimet\/","title":{"rendered":"La Carrera Naranja de la Unimet"},"content":{"rendered":"<p>Por Raed Abib Habib<\/p>\n<p>La Universidad Metropolitana, Unimet, en el marco de la celebraci\u00f3n del D\u00eda Mundial del Agua, invita a todos los aficionados del running a participar en su tradicional Carrera Naranja, en modalidades Carrera 10k y Caminata 5K, el domingo 26 de marzo, a las 8:00 de la ma\u00f1ana.<\/p>\n<p>Los recursos h\u00eddricos proporcionan bienestar a las personas, porque sin ellos no es posible el buen funcionamiento del cuerpo humano, as\u00ed como garantizar la higiene y el saneamiento. El agua, adem\u00e1s, tonifica el organismo y es especialmente beneficiosa para los deportistas, ayudando a hidratar la piel y los m\u00fasculos, entre otras bondades; as\u00ed que, \u00bfc\u00f3mo vivir en un mundo sin agua?<\/p>\n<p>Es por eso que, bajo el lema \u201cAcelerar el cambio\u201d, para resolver la crisis del agua existente en el planeta y que no es ajena a Venezuela, la Unimet \u201cse suma al llamado de atenci\u00f3n y la puesta en marcha de soluciones para seguir abordando el problema del agua.<\/p>\n<p>Por Raed Abib Habib<\/p>\n<p>En palabras de Yazenia Frontado, directora de Proyecto \u00c1vila, \u201ces as\u00ed como en la Unimet estamos abordando el trabajo sobre los ODS 3 y 6, referidos a la crisis del agua y su saneamiento, y salud y bienestar, de forma directa, pero se cuenta con la seguridad de que son muchos otros ODS a los que damos respuestas con acciones como esta, que buscan sensibilizar y formar a todos los asistentes\u201d.<\/p>\n<p>La Carrera Naranja 10K y la Caminata Naranja 5K, representan todo un desaf\u00edo para nuestros corredores, que se enfrentan a una pista irregular con zonas de pendiente, tanto de subida como de bajada, lo que aumenta el desaf\u00edo, pero al estar tan cercana del Parque Nacional Waraira Repano, tambi\u00e9n constituye un paisaje atractivo y un clima beneficioso para los participantes.<\/p>\n<p>En la carrera se competir\u00e1 en las categor\u00edas: Libre (18 a 29 a\u00f1os), Sub-Master (30 \u2013 39 a\u00f1os), Master A (40 \u2013 49 a\u00f1os) y Master B (50 a\u00f1os en adelante).\u00a0 Ser\u00e1n premiados los 3 primeros lugares por categor\u00eda masculino y femenino y, adem\u00e1s, se premiar\u00e1n los ganadores absolutos con un atractivo premio en met\u00e1lico.<\/p>\n<p>La inscripci\u00f3n en la carrera tiene un costo de $35 con franela y de $23 sin franela. Para la caminata naranja, las inscripciones tendr\u00e1n un costo de $23 con franela y $12 sin franela.<\/p>\n<p>Por Raed Abib Habib<\/p>\n<p>Informaci\u00f3n e inscripciones en este enlace: <a href=\"https:\/\/www.unimet.edu.ve\/carrera-naranja\/\">https:\/\/www.unimet.edu.ve\/carrera-naranja\/<\/a><\/p>\n<p>El retiro del material se llevar\u00e1 a cabo el s\u00e1bado 25 de marzo en el gimnasio techado, ubicado en los Espacios Deportivos de la Unimet. En el horario de 9:00 am a 1:00 pm.<\/p>\n<p>No habr\u00e1 inscripciones ni entrega de material el d\u00eda de la Carrera. Sin excepci\u00f3n.<\/p>\n<p>Al finalizar el evento deportivo, los participantes disfrutar\u00e1n de una sesi\u00f3n de bailoterapia y zona de masajes.<\/p>\n<p>Para mayor informaci\u00f3n: <a href=\"mailto:carreranaranja@unimet.edu.ve\">carreranaranja@unimet.edu.ve<\/a> \/ <a href=\"mailto:proyectoavila@unimet.edu.ve\">proyectoavila@unimet.edu.ve<\/a><\/p>\n<p>Por Raed Abib Habib<\/p>\n","protected":false},"excerpt":{"rendered":"<p>Por Raed Abib Habib La Universidad Metropolitana, Unimet, en el marco de la celebraci\u00f3n del D\u00eda Mundial del Agua, invita a todos los aficionados del running a participar en su tradicional Carrera Naranja, en modalidades Carrera 10k y Caminata 5K, el domingo 26 de marzo, a las 8:00 de la ma\u00f1ana. Los recursos h\u00eddricos proporcionan [&hellip;]<\/p>\n","protected":false},"author":2,"featured_media":15544,"comment_status":"closed","ping_status":"open","sticky":false,"template":"","format":"standard","meta":[],"categories":[93,463,146,2],"tags":[9937,1904],"wppr_data":{"cwp_meta_box_check":"No"},"_links":{"self":[{"href":"https:\/\/www.notaoficial.com\/s\/wp-json\/wp\/v2\/posts\/15543"}],"collection":[{"href":"https:\/\/www.notaoficial.com\/s\/wp-json\/wp\/v2\/posts"}],"about":[{"href":"https:\/\/www.notaoficial.com\/s\/wp-json\/wp\/v2\/types\/post"}],"author":[{"embeddable":true,"href":"https:\/\/www.notaoficial.com\/s\/wp-json\/wp\/v2\/users\/2"}],"replies":[{"embeddable":true,"href":"https:\/\/www.notaoficial.com\/s\/wp-json\/wp\/v2\/comments?post=15543"}],"version-history":[{"count":1,"href":"https:\/\/www.notaoficial.com\/s\/wp-json\/wp\/v2\/posts\/15543\/revisions"}],"predecessor-version":[{"id":15545,"href":"https:\/\/www.notaoficial.com\/s\/wp-json\/wp\/v2\/posts\/15543\/revisions\/15545"}],"wp:featuredmedia":[{"embeddable":true,"href":"https:\/\/www.notaoficial.com\/s\/wp-json\/wp\/v2\/media\/15544"}],"wp:attachment":[{"href":"https:\/\/www.notaoficial.com\/s\/wp-json\/wp\/v2\/media?parent=15543"}],"wp:term":[{"taxonomy":"category","embeddable":true,"href":"https:\/\/www.notaoficial.com\/s\/wp-json\/wp\/v2\/categories?post=15543"},{"taxonomy":"post_tag","embeddable":true,"href":"https:\/\/www.notaoficial.com\/s\/wp-json\/wp\/v2\/tags?post=15543"}],"curies":[{"name":"wp","href":"https:\/\/api.w.org\/{rel}","templated":true}]}}