{"id":15559,"date":"2023-03-04T00:17:08","date_gmt":"2023-03-04T04:17:08","guid":{"rendered":"https:\/\/www.notaoficial.com\/s\/?p=15559"},"modified":"2023-03-04T00:17:08","modified_gmt":"2023-03-04T04:17:08","slug":"la-historia-no-contada-se-presenta-el-proximo-miercoles","status":"publish","type":"post","link":"https:\/\/www.notaoficial.com\/s\/2023\/03\/04\/la-historia-no-contada-se-presenta-el-proximo-miercoles\/","title":{"rendered":"La historia no contada se presenta el pr\u00f3ximo mi\u00e9rcoles"},"content":{"rendered":"<p>Por Raed Abib Habib<\/p>\n<p>Este mi\u00e9rcoles 8 de marzo a las 4.30 de la tarde en la librer\u00eda El Busc\u00f3n del Trasnocho Cultural, se presenta una nueva novela de la escritora, periodista y dramaturga venezolana In\u00e9s Mu\u00f1oz Aguirre. La historia no contada editada por Lector C\u00f3mplice ser\u00e1 presentada por la editora Lesbia Quintero y por el escritor e historiador Rafael Arraiz Lucca.<\/p>\n<p>Esta\u00a0novela que ha sido calificada como impactante nos cuenta el recorrido de las veinte mil personas que huyeron de Caracas, espantados por los desmanes que ven\u00eda cometiendo Boves, quien se enfilaba hacia la capital, venciendo de forma constante al ej\u00e9rcito patriota. Una historia que da origen a la emigraci\u00f3n a oriente propiciada y custodiada por Bol\u00edvar, quien decide seguir rumbo a Cuman\u00e1 mientras un buen contingente de civiles decide tomar el camino hacia el llano, entre los cuales se encuentran los protagonistas de la historia.<\/p>\n<p>Lesbia Quintero ha expresado: \u201dLa historia no contada es un inquietante retrato del gran \u00e9xodo caraque\u00f1o hacia el oriente del pa\u00eds. In\u00e9s Mu\u00f1oz Aguirre, con pulso certero, esboza la trama articulada en los diecinueve d\u00edas que dur\u00f3 esa migraci\u00f3n in\u00e9dita, escoltada por el silencio del destierro y el sino sangriento de la muerte. No obstante, esa traves\u00eda, aun llena de terror y cercada por la incertidumbre, se abri\u00f3 paso a viva fuerza por una intrincada selva, desafiando peligros rec\u00f3nditos, bordes de riscos que conjuraban la desgracia y aguas habitadas por la fatalidad\u201d.<\/p>\n<p>Por Raed Abib Habib<\/p>\n<p>Esta novela de la autora venezolana le sigue a la edici\u00f3n que en marzo del 2022, realizara Ediciones Rubeo, quien public\u00f3 en Madrid, su novela negra \u201cNo es lo que parece\u201d. Dos novelas completamente diferentes pero que dan cuenta del trabajo de esta autora quien adem\u00e1s tiene en su haber \u201cLa segunda y sagrada familia\u201d (Ediciones B) , \u201cA los vecinos ni con el p\u00e9talo de una rosa\u201d (Ediciones B), \u201cD\u00edas de novenario\u201d (Bruguera) , \u201cFeliz Cumplea\u00f1os\u201d (La orilla negra Vzla) y\u00a0\u00a0\u201cAnclados\u201d (Kalathos Ediciones).<\/p>\n<p>Con \u201cLa historia no contada\u201d como destaca la editora Lesbia Quintero la autora realiza unamagnifica recreaci\u00f3n donde resaltan unos personajes que se transformaron en s\u00edmbolos potentes\u00a0\u00a0que guiaron a m\u00e1s de veinte mil personas, indefensas y temerosas, hacia un destino que promet\u00eda ser mejor que caer en manos de Boves. Uno de ellos era el periodista Mat\u00edas Almeida, quien hizo un registro que da cuenta de c\u00f3mo esa peregrinaci\u00f3n se inicia casi un mes despu\u00e9s de que el ej\u00e9rcito patriota fuera vencido en la fat\u00eddica \u201cBatalla de la Puerta\u201d en junio de 1814. Almeida deja claro que aunque no todos estaban de acuerdo con la propuesta de Bol\u00edvar, cualquier esfuerzo era preferible a enfrentarse con el sanguinario Taita.<\/p>\n<p>Por Raed Abib Habib<\/p>\n<p>Con esta novela In\u00e9s Mu\u00f1oz Aguirre ha iniciado una serie de encuentros con estudiantes, integrantes de distintos c\u00edrculos de escritura, y foros especiales, lo cual permite acercarse a trav\u00e9s de una conversaci\u00f3n a partir de nuestra historia, a veces tan desconocida o desvirtuada seg\u00fan los intereses que buscan poner a su favor o integrar a sus acciones, un discurso que en muchos casos contribuye a desinformar.<\/p>\n<p>Conocer la historia \u2013 Tal como lo expresa la autora \u2013 nos permite informarnos, reflexionar sobre aspectos que nos han marcado como sociedad en la b\u00fasqueda de que los hechos no se repitan. Las sociedades tienen que aprender de las experiencias que les toca vivir para crecer, liberarse de los yugos culturales y emprender siempre caminos que contribuyan a su progreso.<\/p>\n<p>La novela adem\u00e1s de estar en las librer\u00edas tambi\u00e9n est\u00e1 disponible en Amazon donde se puede adquirir en el enlace directo de esta tienda digital y a trav\u00e9s\u00a0\u00a0de la librer\u00eda de\u00a0<a href=\"http:\/\/pasionpais.net\/\" data-saferedirecturl=\"https:\/\/www.google.com\/url?q=http:\/\/pasionpais.net\/&amp;source=gmail&amp;ust=1677989419607000&amp;usg=AOvVaw1D12vgr6i74MKwYbRLqrT7\">pasionpais.net<\/a>\u00a0\u00a0El Instagram de la autora es @inesmunozaguirre<\/p>\n<p>Por Raed Abib Habib<\/p>\n","protected":false},"excerpt":{"rendered":"<p>Por Raed Abib Habib Este mi\u00e9rcoles 8 de marzo a las 4.30 de la tarde en la librer\u00eda El Busc\u00f3n del Trasnocho Cultural, se presenta una nueva novela de la escritora, periodista y dramaturga venezolana In\u00e9s Mu\u00f1oz Aguirre. La historia no contada editada por Lector C\u00f3mplice ser\u00e1 presentada por la editora Lesbia Quintero y por [&hellip;]<\/p>\n","protected":false},"author":2,"featured_media":15560,"comment_status":"closed","ping_status":"open","sticky":false,"template":"","format":"standard","meta":[],"categories":[93,463,146,2],"tags":[1371,9937],"wppr_data":{"cwp_meta_box_check":"No"},"_links":{"self":[{"href":"https:\/\/www.notaoficial.com\/s\/wp-json\/wp\/v2\/posts\/15559"}],"collection":[{"href":"https:\/\/www.notaoficial.com\/s\/wp-json\/wp\/v2\/posts"}],"about":[{"href":"https:\/\/www.notaoficial.com\/s\/wp-json\/wp\/v2\/types\/post"}],"author":[{"embeddable":true,"href":"https:\/\/www.notaoficial.com\/s\/wp-json\/wp\/v2\/users\/2"}],"replies":[{"embeddable":true,"href":"https:\/\/www.notaoficial.com\/s\/wp-json\/wp\/v2\/comments?post=15559"}],"version-history":[{"count":2,"href":"https:\/\/www.notaoficial.com\/s\/wp-json\/wp\/v2\/posts\/15559\/revisions"}],"predecessor-version":[{"id":15562,"href":"https:\/\/www.notaoficial.com\/s\/wp-json\/wp\/v2\/posts\/15559\/revisions\/15562"}],"wp:featuredmedia":[{"embeddable":true,"href":"https:\/\/www.notaoficial.com\/s\/wp-json\/wp\/v2\/media\/15560"}],"wp:attachment":[{"href":"https:\/\/www.notaoficial.com\/s\/wp-json\/wp\/v2\/media?parent=15559"}],"wp:term":[{"taxonomy":"category","embeddable":true,"href":"https:\/\/www.notaoficial.com\/s\/wp-json\/wp\/v2\/categories?post=15559"},{"taxonomy":"post_tag","embeddable":true,"href":"https:\/\/www.notaoficial.com\/s\/wp-json\/wp\/v2\/tags?post=15559"}],"curies":[{"name":"wp","href":"https:\/\/api.w.org\/{rel}","templated":true}]}}