{"id":15867,"date":"2023-03-22T23:19:46","date_gmt":"2023-03-23T03:19:46","guid":{"rendered":"https:\/\/www.notaoficial.com\/s\/?p=15867"},"modified":"2023-03-22T23:19:46","modified_gmt":"2023-03-23T03:19:46","slug":"quiero-entrar-en-el-closet-de-las-venezolanas","status":"publish","type":"post","link":"https:\/\/www.notaoficial.com\/s\/2023\/03\/22\/quiero-entrar-en-el-closet-de-las-venezolanas\/","title":{"rendered":"\u201cQuiero entrar en el closet de las venezolanas\u201d"},"content":{"rendered":"<p>\u201cTrae esa ropa que ya no uses y creamos juntas lo m\u00e1s <i>cool<\/i>\u2026 Hacemos bellezas para los ni\u00f1itos y no dejamos por fuera a los hombres\u201d. Es parte de un post en el Instagram de <b>Makeda Beach Wear<\/b>, la l\u00ednea de ropa de playa creada por Mar\u00eda Lorena Anselmi, una joven venezolana que apost\u00f3 toda su pasi\u00f3n al <b>dise\u00f1o de moda <\/b>y, ahora est\u00e1 enfocada en entrar e la cabeza y los closets de las venezolanas, con la nueva marca <b>Makeda Life<\/b>.<\/p>\n<p>Mar\u00eda Lorena est\u00e1 en el mundo del dise\u00f1o desde que era ni\u00f1a y jugaba con los vestidos que sus abuelas guardaban en el closet. De ah\u00ed su pasi\u00f3n y la tenacidad por destacar en las artes del dise\u00f1o.<\/p>\n<p>Al graduarse del Instituto de <b>Dise\u00f1o Brivil de Sebuc\u00e1n<\/b> (Caracas-Venezuela) y luego de perfeccionarse con cursos de patronaje, esta venezolana se apoder\u00f3 de t\u00e9cnicas vanguardistas para crear su propio perfil, su propia marca, que busca <b>vestir con prop\u00f3sito<\/b>, es decir, \u201cque lo que llevas puesto hable de c\u00f3mo eres, de lo que sientes, de lo segura y empoderada que eres como mujer. Y de lo divertido de poder jugar con la versatilidad de tu closet\u201d.<\/p>\n<p><b>Vestir con pasi\u00f3n<\/b><\/p>\n<p>\u00bfA qu\u00e9 se debe el nombre de <b>Makeda<\/b> en las dos marcas? Ella explica que es el nombre de la reina de Saba, una mujer misteriosa y majestuosa, fuerte y empoderada, que refleja el temperamento de Mar\u00eda Lorena e inspir\u00f3 sus colecciones de <b>trajes de ba\u00f1o<\/b> que, ahora, evolucionan al dise\u00f1o de ropa exclusiva para mujeres bajo la tendencia \u201c<b><i>slow fashion<\/i><\/b>\u201d, en donde aplica t\u00e9cnicas como <b><i>upcycling<\/i><\/b><b>.<\/b><\/p>\n<p>El <b><i>upcycling<\/i><\/b> es un t\u00e9rmino acu\u00f1ado recientemente, tambi\u00e9n conocido como supra-reciclaje, o <b>reciclaje creativo<\/b>. Significa dar una vuelta de tuerca, en pensar otro uso y aprovechar los recursos de los que disponemos para crear nuevos objetos.<\/p>\n<p>\u201cEn este caso, es dise\u00f1ar una ropa que te va a dar identidad, con <b>cortes uniformes<\/b> y con capas que buscan la est\u00e9tica. Los cortes y la textura que usamos crean ese efecto de luminosidad, que tambi\u00e9n se consigue con la ca\u00edda de la tela\u201d, destaca.<\/p>\n<p>La dise\u00f1adora -a quien sus padres dejaron expresarse y poner a volar su creatividad desde ni\u00f1a- hoy en d\u00eda es una arquitecta de la moda que se caracteriza por usar <b>colores neutros<\/b> en su primera colecci\u00f3n de ropa para mujeres, con piezas a las que les agrega un punto de quiebre cuando las combina con accesorios para destacar. Y como buena embajadora de su marca, Mar\u00eda Lorena viste orgullosa sus prendas.<\/p>\n<p>Afirma que sigue en constante creaci\u00f3n y evoluci\u00f3n y va por m\u00e1s. En su primera colecci\u00f3n de Makeda Life presentar\u00e1 fusiones culturales de Jap\u00f3n y Venezuela (espec\u00edficamente de Coro). De Coro resaltar\u00e1 las l\u00edneas arquitect\u00f3nicas y el color, y de Jap\u00f3n, la forma de vestir con \u201cese concepto de elegancia que envuelve. Esa envoltura que te da una curiosidad de saber qu\u00e9 hay adentro\u201d.<\/p>\n<p>Del pa\u00eds asi\u00e1tico tambi\u00e9n toma la t\u00e9cnica milenaria <b>Furoshiki<\/b>, utilizada para envolver regalos de forma sostenible con tejidos reutilizables como la seda, el poli\u00e9ster o el algod\u00f3n. Una propuesta que se relaciona con el <b><i>upcycling<\/i><\/b> y que incluso piensa extender m\u00e1s all\u00e1 de la prenda de vestir, pues planea hacer los empaques de los modelos de su colecci\u00f3n con este tipo de envoltura.<\/p>\n<p>Con su lema: <b>sentirse libre<\/b> y <b>empoderada, <\/b>sue\u00f1a con llegar muy lejos. \u201cPor ahora, quiero meterme en la cabeza, el coraz\u00f3n y el closet de las venezolanas. Mientras que a futuro tambi\u00e9n aspiro incursionar fuera del pa\u00eds\u201d, recalc\u00f3.<\/p>\n","protected":false},"excerpt":{"rendered":"<p>\u201cTrae esa ropa que ya no uses y creamos juntas lo m\u00e1s cool\u2026 Hacemos bellezas para los ni\u00f1itos y no dejamos por fuera a los hombres\u201d. Es parte de un post en el Instagram de Makeda Beach Wear, la l\u00ednea de ropa de playa creada por Mar\u00eda Lorena Anselmi, una joven venezolana que apost\u00f3 toda [&hellip;]<\/p>\n","protected":false},"author":2,"featured_media":15868,"comment_status":"closed","ping_status":"open","sticky":false,"template":"","format":"standard","meta":[],"categories":[93,463,146,2],"tags":[10117,9934],"wppr_data":{"cwp_meta_box_check":"No"},"_links":{"self":[{"href":"https:\/\/www.notaoficial.com\/s\/wp-json\/wp\/v2\/posts\/15867"}],"collection":[{"href":"https:\/\/www.notaoficial.com\/s\/wp-json\/wp\/v2\/posts"}],"about":[{"href":"https:\/\/www.notaoficial.com\/s\/wp-json\/wp\/v2\/types\/post"}],"author":[{"embeddable":true,"href":"https:\/\/www.notaoficial.com\/s\/wp-json\/wp\/v2\/users\/2"}],"replies":[{"embeddable":true,"href":"https:\/\/www.notaoficial.com\/s\/wp-json\/wp\/v2\/comments?post=15867"}],"version-history":[{"count":1,"href":"https:\/\/www.notaoficial.com\/s\/wp-json\/wp\/v2\/posts\/15867\/revisions"}],"predecessor-version":[{"id":15869,"href":"https:\/\/www.notaoficial.com\/s\/wp-json\/wp\/v2\/posts\/15867\/revisions\/15869"}],"wp:featuredmedia":[{"embeddable":true,"href":"https:\/\/www.notaoficial.com\/s\/wp-json\/wp\/v2\/media\/15868"}],"wp:attachment":[{"href":"https:\/\/www.notaoficial.com\/s\/wp-json\/wp\/v2\/media?parent=15867"}],"wp:term":[{"taxonomy":"category","embeddable":true,"href":"https:\/\/www.notaoficial.com\/s\/wp-json\/wp\/v2\/categories?post=15867"},{"taxonomy":"post_tag","embeddable":true,"href":"https:\/\/www.notaoficial.com\/s\/wp-json\/wp\/v2\/tags?post=15867"}],"curies":[{"name":"wp","href":"https:\/\/api.w.org\/{rel}","templated":true}]}}