{"id":15894,"date":"2023-03-25T00:04:24","date_gmt":"2023-03-25T04:04:24","guid":{"rendered":"https:\/\/www.notaoficial.com\/s\/?p=15894"},"modified":"2023-03-25T00:04:24","modified_gmt":"2023-03-25T04:04:24","slug":"juan-carlos-cubeiro-ofrecera-conferencia-en-venezuela-raed-abib-habib","status":"publish","type":"post","link":"https:\/\/www.notaoficial.com\/s\/2023\/03\/25\/juan-carlos-cubeiro-ofrecera-conferencia-en-venezuela-raed-abib-habib\/","title":{"rendered":"Juan Carlos Cubeiro ofrecer\u00e1 conferencia en Venezuela"},"content":{"rendered":"<p>Por Raed Abib Habib<\/p>\n<p>El economista y escritor Juan Carlos Cubeiro, Premio Nacional Management Excellence 2022 en Espa\u00f1a, llega a Venezuela para ofrecer una conferencia-cena basada en su \u00faltimo libro \u201cNadal\u00edzate\u201d, donde desentra\u00f1a las competencias gerenciales y personales que hacen exitoso al deportista espa\u00f1ol Rafael Nadal.<\/p>\n<p>El encuentro con el prestigioso escritor espa\u00f1ol se realizar\u00e1 en las instalaciones del Valle Arriba Athletic Club (VAAC), espec\u00edficamente en Pazzo Ristorante, el pr\u00f3ximo jueves 30 de marzo a las 7:00 pm, y los fondos recaudados por las entradas ser\u00e1n donados a la Sociedad Anticancerosa de Venezuela (<a href=\"https:\/\/www.google.com\/url?sa=t&amp;rct=j&amp;q=&amp;esrc=s&amp;source=web&amp;cd=&amp;cad=rja&amp;uact=8&amp;ved=2ahUKEwi6l73Kmfb9AhWFRjABHctRC1YQFnoECAoQAQ&amp;url=https%3A%2F%2Fwww.sociedadanticancerosa.org%2F&amp;usg=AOvVaw0G4YPxlQs6rTAgXcu3U_6e\">SAV<\/a>), organizaci\u00f3n que invita a participar a todas las personas que deseen vivir esta experiencia enriquecedora y cercana con el autor, y as\u00ed apoyar la labor que desempe\u00f1a en sus planes de prevenci\u00f3n contra el C\u00e1ncer.<\/p>\n<p>Cubeiro es experto en talento y liderazgo, introductor del coaching estrat\u00e9gico en Espa\u00f1a, adem\u00e1s de consultor, conferencista y consejero, quien considera que \u201cla \u00e9tica es el modo m\u00e1s inteligente de vivir\u201d. Tiene 57 libros escritos y es presidente honorario de la Federaci\u00f3n Espa\u00f1ola de Coaching. Fue presidente de la filial de Talento Manpower Group y experto en el Human Age Institute.<\/p>\n<p>Por Raed Abib Habib<\/p>\n<p>En su libro, Cubeiro asegura que \u201chay algo de Rafa Nadal en cada uno de nosotros\u201d y por ello recomienda \u201caprende del mejor deportista espa\u00f1ol de la historia c\u00f3mo sacar lo mejor de ti\u201d. Rafael Nadal, m\u00e1s conocido como Rafa Nadal, es un tenista profesional espa\u00f1ol que ocupa la sexta posici\u00f3n del ranking ATP, y est\u00e1 considerado como el mejor de la historia en pistas de tierra batida\u200b\u200b\u200b y uno de los mejores de todos los tiempos.<\/p>\n<p>M\u00e1s informaci\u00f3n a trav\u00e9s de los siguientes n\u00fameros telef\u00f3nicos: 0212-993.43.64 \/ 993.63.91 o escribir al correo electr\u00f3nico: <a href=\"mailto:mercadeo@sociedadanticancerosa.org\">mercadeo@sociedadanticancerosa.org<\/a> o por Mensaje Directo a la cuenta de Instagram: @sociedadanticancerosavzla<\/p>\n<p>Por Raed Abib Habib<\/p>\n","protected":false},"excerpt":{"rendered":"<p>Por Raed Abib Habib El economista y escritor Juan Carlos Cubeiro, Premio Nacional Management Excellence 2022 en Espa\u00f1a, llega a Venezuela para ofrecer una conferencia-cena basada en su \u00faltimo libro \u201cNadal\u00edzate\u201d, donde desentra\u00f1a las competencias gerenciales y personales que hacen exitoso al deportista espa\u00f1ol Rafael Nadal. El encuentro con el prestigioso escritor espa\u00f1ol se realizar\u00e1 [&hellip;]<\/p>\n","protected":false},"author":2,"featured_media":15895,"comment_status":"closed","ping_status":"open","sticky":false,"template":"","format":"standard","meta":[],"categories":[93,146,2],"tags":[9937,1385],"wppr_data":{"cwp_meta_box_check":"No"},"_links":{"self":[{"href":"https:\/\/www.notaoficial.com\/s\/wp-json\/wp\/v2\/posts\/15894"}],"collection":[{"href":"https:\/\/www.notaoficial.com\/s\/wp-json\/wp\/v2\/posts"}],"about":[{"href":"https:\/\/www.notaoficial.com\/s\/wp-json\/wp\/v2\/types\/post"}],"author":[{"embeddable":true,"href":"https:\/\/www.notaoficial.com\/s\/wp-json\/wp\/v2\/users\/2"}],"replies":[{"embeddable":true,"href":"https:\/\/www.notaoficial.com\/s\/wp-json\/wp\/v2\/comments?post=15894"}],"version-history":[{"count":2,"href":"https:\/\/www.notaoficial.com\/s\/wp-json\/wp\/v2\/posts\/15894\/revisions"}],"predecessor-version":[{"id":15897,"href":"https:\/\/www.notaoficial.com\/s\/wp-json\/wp\/v2\/posts\/15894\/revisions\/15897"}],"wp:featuredmedia":[{"embeddable":true,"href":"https:\/\/www.notaoficial.com\/s\/wp-json\/wp\/v2\/media\/15895"}],"wp:attachment":[{"href":"https:\/\/www.notaoficial.com\/s\/wp-json\/wp\/v2\/media?parent=15894"}],"wp:term":[{"taxonomy":"category","embeddable":true,"href":"https:\/\/www.notaoficial.com\/s\/wp-json\/wp\/v2\/categories?post=15894"},{"taxonomy":"post_tag","embeddable":true,"href":"https:\/\/www.notaoficial.com\/s\/wp-json\/wp\/v2\/tags?post=15894"}],"curies":[{"name":"wp","href":"https:\/\/api.w.org\/{rel}","templated":true}]}}