{"id":16126,"date":"2023-04-07T23:35:14","date_gmt":"2023-04-08T03:35:14","guid":{"rendered":"https:\/\/www.notaoficial.com\/s\/?p=16126"},"modified":"2023-04-07T23:35:14","modified_gmt":"2023-04-08T03:35:14","slug":"christopher-cody-hablo-de-su-mas-reciente-sencillo","status":"publish","type":"post","link":"https:\/\/www.notaoficial.com\/s\/2023\/04\/07\/christopher-cody-hablo-de-su-mas-reciente-sencillo\/","title":{"rendered":"Christopher Cody habl\u00f3 de su m\u00e1s reciente sencillo"},"content":{"rendered":"<p>El cantante Christopher Cody estren\u00f3 la canci\u00f3n que lleva por nombre \u00abEn Instagram\u00bb, un trap que compuso de forma improvisada mientras escuchaba la pista en el estudio de grabaci\u00f3n.<\/p>\n<p>\u00abEst\u00e1bamos todos en el estudio y cuando empec\u00e9 a improvisar me di cuenta c\u00f3mo reaccionaron los muchachos, por lo que supe que iba ser muy pegada\u00bb, cont\u00f3 el artista puertorrique\u00f1o que actualmente vive en New Jersey, Estados Unidos.<\/p>\n<p>Asimismo, el artista dio a conocer que los arreglos musicales del tema estuvieron a cargo del ingeniero el Gato, conocido as\u00ed en la industria del entretenimiento.<\/p>\n<p>Por otro lado, Christopher Cody habl\u00f3 de sus pr\u00f3ximos proyectos profesionales y asegur\u00f3 que tiene varios temas preparados por sacar al mercado. \u00abTengo par de canciones ya hechas que solo falta arreglar pal de cositas y las sacamos. Estoy tratando de sacar un mixtape para principio de mayo<\/p>\n<p>Inicios de Christopher Cody en la m\u00fasica<\/p>\n<p>Desde hace cuatro a\u00f1os el boricua se dedica a grabar canciones, pero su pasi\u00f3n por la m\u00fasica inici\u00f3 mucho antes, as\u00ed lo relat\u00f3 el propio int\u00e9rprete urbano.<\/p>\n<div>\u00abTodo comenz\u00f3 cuando visit\u00e9 a un amigo \u00a0que tiene un estudio y me pregunt\u00f3 si quer\u00eda meterme a la cabina a grabar algo. Empec\u00e9 a improvisar y desde all\u00ed supe que me gustaba y quer\u00eda perseguir una carrera en la m\u00fasica\u00bb, dijo el cantante, quien en el pasado perteneci\u00f3 a los marines de las fuerzas armadas estadounidenses por ocho a\u00f1os.<\/div>\n<div><\/div>\n<div>Para saber m\u00e1s de Christopher Cody s\u00edguelo en\u00a0<a href=\"https:\/\/www.instagram.com\/yourboyblue813\/?igshid=Mzc1MmZhNjY%3D\" target=\"_blank\" rel=\"noopener\" data-saferedirecturl=\"https:\/\/www.google.com\/url?q=https:\/\/www.instagram.com\/yourboyblue813\/?igshid%3DMzc1MmZhNjY%253D&amp;source=gmail&amp;ust=1681010562254000&amp;usg=AOvVaw3mPvbTuyOQ3vmlXgUexGPR\">Instagram<\/a><\/div>\n<div><\/div>\n<div><a href=\"https:\/\/youtu.be\/_A946lzglOs\" target=\"_blank\" rel=\"noopener\" data-saferedirecturl=\"https:\/\/www.google.com\/url?q=https:\/\/youtu.be\/_A946lzglOs&amp;source=gmail&amp;ust=1681010562254000&amp;usg=AOvVaw1w-4VMrMAR60Y2e01dzICe\">https:\/\/youtu.be\/_A946lzglOs<\/a><\/div>\n","protected":false},"excerpt":{"rendered":"<p>El cantante Christopher Cody estren\u00f3 la canci\u00f3n que lleva por nombre \u00abEn Instagram\u00bb, un trap que compuso de forma improvisada mientras escuchaba la pista en el estudio de grabaci\u00f3n. \u00abEst\u00e1bamos todos en el estudio y cuando empec\u00e9 a improvisar me di cuenta c\u00f3mo reaccionaron los muchachos, por lo que supe que iba ser muy pegada\u00bb, [&hellip;]<\/p>\n","protected":false},"author":2,"featured_media":16127,"comment_status":"closed","ping_status":"open","sticky":false,"template":"","format":"standard","meta":[],"categories":[93,463,146,2],"tags":[1371,381],"wppr_data":{"cwp_meta_box_check":"No"},"_links":{"self":[{"href":"https:\/\/www.notaoficial.com\/s\/wp-json\/wp\/v2\/posts\/16126"}],"collection":[{"href":"https:\/\/www.notaoficial.com\/s\/wp-json\/wp\/v2\/posts"}],"about":[{"href":"https:\/\/www.notaoficial.com\/s\/wp-json\/wp\/v2\/types\/post"}],"author":[{"embeddable":true,"href":"https:\/\/www.notaoficial.com\/s\/wp-json\/wp\/v2\/users\/2"}],"replies":[{"embeddable":true,"href":"https:\/\/www.notaoficial.com\/s\/wp-json\/wp\/v2\/comments?post=16126"}],"version-history":[{"count":2,"href":"https:\/\/www.notaoficial.com\/s\/wp-json\/wp\/v2\/posts\/16126\/revisions"}],"predecessor-version":[{"id":16129,"href":"https:\/\/www.notaoficial.com\/s\/wp-json\/wp\/v2\/posts\/16126\/revisions\/16129"}],"wp:featuredmedia":[{"embeddable":true,"href":"https:\/\/www.notaoficial.com\/s\/wp-json\/wp\/v2\/media\/16127"}],"wp:attachment":[{"href":"https:\/\/www.notaoficial.com\/s\/wp-json\/wp\/v2\/media?parent=16126"}],"wp:term":[{"taxonomy":"category","embeddable":true,"href":"https:\/\/www.notaoficial.com\/s\/wp-json\/wp\/v2\/categories?post=16126"},{"taxonomy":"post_tag","embeddable":true,"href":"https:\/\/www.notaoficial.com\/s\/wp-json\/wp\/v2\/tags?post=16126"}],"curies":[{"name":"wp","href":"https:\/\/api.w.org\/{rel}","templated":true}]}}