{"id":16184,"date":"2023-04-11T23:35:33","date_gmt":"2023-04-12T03:35:33","guid":{"rendered":"https:\/\/www.notaoficial.com\/s\/?p=16184"},"modified":"2023-04-11T23:35:33","modified_gmt":"2023-04-12T03:35:33","slug":"artificialmente-natural-naturalmente-artificial","status":"publish","type":"post","link":"https:\/\/www.notaoficial.com\/s\/2023\/04\/11\/artificialmente-natural-naturalmente-artificial\/","title":{"rendered":"Artificialmente natural, naturalmente artificial"},"content":{"rendered":"<p>Por Wilnel Verdu<\/p>\n<p>El domingo 16 de abril de 2023, a partir de las 11:00 am, la galer\u00eda D\u2019Museo inaugurar\u00e1 una exposici\u00f3n individual del artista\u00a0Ricardo Arispe, titulada\u00a0<strong>Artificialmente natural, naturalmente artificial<\/strong>.<\/p>\n<p>La muestra est\u00e1 compuesta por obras de diferentes formatos, soportes y t\u00e9cnicas, desarrolladas entre 2022 y 2023.\u00a0 Cada una de las piezas y el texto de sala fueron creadas a partir de las conversaciones del autor con los curadores Gerardo Zavarce y Humberto Valdivieso, en conjunto con la inteligencia artificial desarrollada por Arispe en su colaboraci\u00f3n con el proyecto URANIA del CIFH UCAB.\u00a0 \u201c<em>Lo que veremos en sala es parte de mi reflexi\u00f3n despu\u00e9s de haber interactuado horas y horas con la IA contrastando nuestras ideas (las de Arispe y su equipo) con cada una de sus respuestas, quiz\u00e1s sea un ejercicio de fusi\u00f3n entre ambos, en ocasiones la IA ejecuta mis ideas y en otras soy yo quien ejecuto las de ella<\/em>\u201d, comenta el artista sobre sus piezas.<\/p>\n<p>En <strong>Artificialmente natural, naturalmente artificial<\/strong>, Ricardo Arispe da acceso a su imaginario personal, conformado por personajes, experiencias y an\u00e9cdotas que se derivan de su pr\u00e1ctica diaria que involucra el uso de la tecnolog\u00eda como eje medular, mostrando adem\u00e1s sus preocupaciones por el uso no responsable e indiscriminado de la misma. Durante la permanencia de la muestra, est\u00e1 prevista la ejecuci\u00f3n de diversas actividades acad\u00e9micas y participativas asociadas a la exhibici\u00f3n, combinadas con el calendario de actividades de su \u00faltimo proyecto editorial \u201cSobre IA\u201d publicado por el sello ABediciones el diciembre pasado.<\/p>\n<p>Por Wilnel Verdu<\/p>\n<p>La exposici\u00f3n podr\u00e1 visitarse a partir del 16 de abril de 2023 en la galer\u00eda D\u2019Museo, ubicada en el Centro de Arte Los Galpones,\u00a0avenida \u00c1vila con 8va transversal de Los Chorros, Caracas, de mi\u00e9rcoles a domingo desde las 11:00 am hasta las 5:00 pm.<\/p>\n<p>@<a href=\"https:\/\/www.google.com\/url?sa=t&amp;rct=j&amp;q=&amp;esrc=s&amp;source=web&amp;cd=&amp;cad=rja&amp;uact=8&amp;ved=2ahUKEwj8qNPctKP-AhVYSTABHQusDzUQFnoECBYQAQ&amp;url=https%3A%2F%2Fwww.instagram.com%2Fgaleriadmuseo%2F%3Fhl%3Des&amp;usg=AOvVaw0DBJIfapkVAIfaqRDDxXnt\">galeriadmuseo<\/a><\/p>\n<p><strong>Ricardo Arispe (Barquisimeto, 1980)<\/strong><\/p>\n<p>Artista visual y gestor cultural. En su trabajo muestra un marcado inter\u00e9s por temas como la tecnolog\u00eda, corrupci\u00f3n, la escasez, el abuso, la violencia y el poder en todas sus formas. Suele partir o llegar a una imagen, influenciado desde la fotograf\u00eda, a la que suma diferentes medios, t\u00e9cnicas y soportes con el fin de hacer llegar el mensaje. Su objetivo es dejar un registro de los acontecimientos de su tiempo, utilizando herramientas y criterios est\u00e9ticos contempor\u00e1neos.<\/p>\n<p>A la par de su trabajo como artista, es analista de sistemas (UCLA, 2000) y experto en el uso de inteligencia artificial para la generaci\u00f3n de contenidos, as\u00ed como de nuevas tecnolog\u00edas para el desarrollo de proyectos de software. Ha liderado m\u00faltiples proyectos de tecnolog\u00eda y consultor\u00eda en Venezuela y el exterior para diferentes sectores e industrias: energ\u00eda, siderurgia, retail, finanzas, e-commerce, telecomunicaciones, miner\u00eda de datos, big data, etc.<\/p>\n<p>Por Wilnel Verdu<\/p>\n<p>En los \u00faltimos a\u00f1os se ha destacado por ser pionero en el uso de realidad virtual e inteligencia artificial con fines art\u00edsticos en su trabajo, fusionando el arte y la tecnolog\u00eda.<\/p>\n<p>Ha sido merecedor de varios premios entre los que destacan el 3er Lugar XX Sal\u00f3n de J\u00f3venes con FIA (2017) con su obra La \u00faltima guarimba y el premio AICA a la mejor exposici\u00f3n de Venezuela del 2020 por la exposici\u00f3n virtual Ciberglifos, de Victor Hugo Irazabal, de la cual fue el desarrollador junto al equipo del Centro Cultural UCAB.\u00a0 Recientemente fue galardonado con el premio AICA al artista joven (2022).\u00a0 Ha publicado los libros Escrito en el cuerpo (2013), \u0418\u0412\u0410\u041d \u0418 \u041c\u042d\u0420\u0418, 30 years after Chernobyl (2016), #SomosResilientes (2017) #SobreIA (2022) y #Migraci\u00f3n (2022).<\/p>\n<p>Actualmente es director de las iniciativas Incubadora Visual, #ElDespachoArtLab\u00a0 y AWA Cultura.<\/p>\n<p>Por Wilnel Verdu<\/p>\n","protected":false},"excerpt":{"rendered":"<p>Por Wilnel Verdu El domingo 16 de abril de 2023, a partir de las 11:00 am, la galer\u00eda D\u2019Museo inaugurar\u00e1 una exposici\u00f3n individual del artista\u00a0Ricardo Arispe, titulada\u00a0Artificialmente natural, naturalmente artificial. La muestra est\u00e1 compuesta por obras de diferentes formatos, soportes y t\u00e9cnicas, desarrolladas entre 2022 y 2023.\u00a0 Cada una de las piezas y el texto [&hellip;]<\/p>\n","protected":false},"author":2,"featured_media":16185,"comment_status":"closed","ping_status":"open","sticky":false,"template":"","format":"standard","meta":[],"categories":[93,146,2],"tags":[850,10132],"wppr_data":{"cwp_meta_box_check":"No"},"_links":{"self":[{"href":"https:\/\/www.notaoficial.com\/s\/wp-json\/wp\/v2\/posts\/16184"}],"collection":[{"href":"https:\/\/www.notaoficial.com\/s\/wp-json\/wp\/v2\/posts"}],"about":[{"href":"https:\/\/www.notaoficial.com\/s\/wp-json\/wp\/v2\/types\/post"}],"author":[{"embeddable":true,"href":"https:\/\/www.notaoficial.com\/s\/wp-json\/wp\/v2\/users\/2"}],"replies":[{"embeddable":true,"href":"https:\/\/www.notaoficial.com\/s\/wp-json\/wp\/v2\/comments?post=16184"}],"version-history":[{"count":1,"href":"https:\/\/www.notaoficial.com\/s\/wp-json\/wp\/v2\/posts\/16184\/revisions"}],"predecessor-version":[{"id":16186,"href":"https:\/\/www.notaoficial.com\/s\/wp-json\/wp\/v2\/posts\/16184\/revisions\/16186"}],"wp:featuredmedia":[{"embeddable":true,"href":"https:\/\/www.notaoficial.com\/s\/wp-json\/wp\/v2\/media\/16185"}],"wp:attachment":[{"href":"https:\/\/www.notaoficial.com\/s\/wp-json\/wp\/v2\/media?parent=16184"}],"wp:term":[{"taxonomy":"category","embeddable":true,"href":"https:\/\/www.notaoficial.com\/s\/wp-json\/wp\/v2\/categories?post=16184"},{"taxonomy":"post_tag","embeddable":true,"href":"https:\/\/www.notaoficial.com\/s\/wp-json\/wp\/v2\/tags?post=16184"}],"curies":[{"name":"wp","href":"https:\/\/api.w.org\/{rel}","templated":true}]}}