{"id":16196,"date":"2023-04-11T23:46:19","date_gmt":"2023-04-12T03:46:19","guid":{"rendered":"https:\/\/www.notaoficial.com\/s\/?p=16196"},"modified":"2023-04-11T23:46:19","modified_gmt":"2023-04-12T03:46:19","slug":"adriana-barrios-exhibira-el-tiempo-del-sueno","status":"publish","type":"post","link":"https:\/\/www.notaoficial.com\/s\/2023\/04\/11\/adriana-barrios-exhibira-el-tiempo-del-sueno\/","title":{"rendered":"Adriana Barrios exhibir\u00e1 \u201cEl Tiempo del Sue\u00f1o\u201d"},"content":{"rendered":"<p>El 15 de abril de 2023 a las 11:00 a.m., ser\u00e1 inaugurada en la Sala Sof\u00eda \u00cdmber del Centro Cultural UCAB la exposici\u00f3n <em>El Tiempo del Sue\u00f1o<\/em>, de la artista pl\u00e1stica y dise\u00f1adora gr\u00e1fica Adriana Barrios Mendoza, quien utiliza el collage, el dibujo, la pintura y la sublimaci\u00f3n en m\u00e1s de 30 obras que hablan de su conexi\u00f3n y relaci\u00f3n amorosa con sus dos mundos: el c\u00f3smico y el terrenal.<\/p>\n<p>Luego de casi cinco a\u00f1os sin presentar una individual en el pa\u00eds, Adriana Barrios Mendoza destaca: \u201cel arte nos hace crecer y entender procesos y m\u00e1s all\u00e1 de eso nos ense\u00f1a a conocer de otras culturas. Por eso las religiones se conectan en mi exposici\u00f3n creando una relaci\u00f3n sutilmente amorosa. Es como un juego permanente entre el cielo y la tierra, permitiendo las transformaciones de las im\u00e1genes, son como capas de distintos tiempos en los sue\u00f1os, las cuales trabaj\u00e9 con profunda libertad; creo que todas est\u00e1n llenas de conexiones ancestrales y de muchas energ\u00edas positivas\u201d.<\/p>\n<p>Seg\u00fan afirma\u00a0 Mar\u00eda Luz C\u00e1rdenas, curadora de la muestra, investigadora y cr\u00edtico de arte, \u201cel espacio de creaci\u00f3n en la obra de Adriana Barrios se ubica en ese extra\u00f1o umbral entre el sue\u00f1o y la vigilia: un estado donde el tiempo y el espacio se fusionan en miles de im\u00e1genes, una circunstancia donde la realidad se mezcla con la ficci\u00f3n para producir iconograf\u00edas muy propias, plenas de figuras religiosas, santos, v\u00edrgenes, personajes m\u00edticos, leyendas, sucesos reales, figuras ancestrales, constelaciones familiares, representaciones del mundo espiritual\u2026 Estamos ante una excepcional <em>Geograf\u00eda de la Imaginaci\u00f3n<\/em> compuesta por peque\u00f1os dibujos (20 no m\u00e1s grandes de 23 x 23 cm y 13 telas sublimadas de 60 x 50) organizados a la manera de una cartograf\u00eda de la enso\u00f1aci\u00f3n. Adriana se ubica en el <em>Tiempo del Sue\u00f1o<\/em> donde conviven el pasado, el presente y el futuro en l\u00edneas cruzadas.\u00a0 Pero tambi\u00e9n estamos frente al <em>Sue\u00f1o del Tiempo<\/em> que re\u00fane memorias azarosas, ideas dibujadas en horizontes c\u00f3smicos, visiones que bajan del cielo pero no llegan a posarse en el suelo\u201d.<\/p>\n<p>Por su parte, Adriana Barrios enfatiza que esta individual es muy importante en su carrera art\u00edstica porque se conecta nuevamente con Sof\u00eda \u00cdmber, su mentora, \u201ces sin duda, ese tr\u00e1nsito respetuoso y m\u00e1gico que solo se logra a trav\u00e9s del arte, me encuentro con ella con quien tuve el honor de vincularme por muchos a\u00f1os en la gesti\u00f3n que desarroll\u00f3 como promotora cultural en el MACSI y a trav\u00e9s de este espacio en el Centro Cultural de la Universidad Cat\u00f3lica Andr\u00e9s Bello, que es m\u00e1gico, sublime y glorioso, en donde siento su presencia. De igual manera me identifico, de forma muy particular, con el maestro Samuel Baroni con quien siempre suelo tener largas conversaciones que me motivaron a trabajar en esta nueva exposici\u00f3n\u201d.<\/p>\n<p>Cabe resaltar que en el marco de la exposici\u00f3n, Adriana Barrios Mendoza desarrollar\u00e1 una serie de actividades en las que trabajar\u00e1 con un grupo de bordadoras y tejedoras de las comunidades, \u201cHilos de fe\u201d y el \u201cTaller El punto\u201d, as\u00ed como tambi\u00e9n con un grupo de personas con discapacidad que desarrollar\u00e1n la t\u00e9cnica del tejido y el collage. Asimismo, la artista destaca el agradecimiento a la Fundaci\u00f3n ArtesanoGroup y a Manuel Barrios Design, apoyo importante para el desarrollo de esta exposici\u00f3n.<\/p>\n<p>Adriana Barrios Mendoza tiene una amplia trayectoria durante la cual ha participado en exposiciones colectivas en Estados Unidos, Colombia, M\u00e9xico, Espa\u00f1a, Brasil, Rumania, Corea del Sur y Argentina desde 2001 al 2020. En el a\u00f1o 2002 se gan\u00f3 una Beca en el \u00e1rea audiovisual en el Programa de intercambio de residencia art\u00edstica Grupo de los 3: Colombia, M\u00e9xico y Venezuela. CONAC. CONACULTA. M\u00e9xico DF. M\u00e9xico. En el a\u00f1o 2001 su obra fue escogida para participar en IV Bienal Barro de Am\u00e9rica. Galer\u00eda Marta Traba. Fundacao Memorial da Am\u00e9rica Latina. Sao Paulo. Brasil.<\/p>\n<p>La exposici\u00f3n <em>El Tiempo del Sue\u00f1o<\/em>, de Adriana Barrios, podr\u00e1 ser visitada hasta el mes de agosto de 2023 en la Sala Sof\u00eda \u00cdmber del Centro Cultural UCAB, \u00a0en la Universidad Cat\u00f3lica Andr\u00e9s Bello, ubicada en la avenida Teher\u00e1n, Montalb\u00e1n, Caracas. El horario es de lunes a viernes de 8:00 a.m. a 6:00 p.m. La entrada es gratuita.<\/p>\n","protected":false},"excerpt":{"rendered":"<p>El 15 de abril de 2023 a las 11:00 a.m., ser\u00e1 inaugurada en la Sala Sof\u00eda \u00cdmber del Centro Cultural UCAB la exposici\u00f3n El Tiempo del Sue\u00f1o, de la artista pl\u00e1stica y dise\u00f1adora gr\u00e1fica Adriana Barrios Mendoza, quien utiliza el collage, el dibujo, la pintura y la sublimaci\u00f3n en m\u00e1s de 30 obras que hablan [&hellip;]<\/p>\n","protected":false},"author":2,"featured_media":16197,"comment_status":"closed","ping_status":"open","sticky":false,"template":"","format":"standard","meta":[],"categories":[93,146,2],"tags":[1371,4090],"wppr_data":{"cwp_meta_box_check":"No"},"_links":{"self":[{"href":"https:\/\/www.notaoficial.com\/s\/wp-json\/wp\/v2\/posts\/16196"}],"collection":[{"href":"https:\/\/www.notaoficial.com\/s\/wp-json\/wp\/v2\/posts"}],"about":[{"href":"https:\/\/www.notaoficial.com\/s\/wp-json\/wp\/v2\/types\/post"}],"author":[{"embeddable":true,"href":"https:\/\/www.notaoficial.com\/s\/wp-json\/wp\/v2\/users\/2"}],"replies":[{"embeddable":true,"href":"https:\/\/www.notaoficial.com\/s\/wp-json\/wp\/v2\/comments?post=16196"}],"version-history":[{"count":1,"href":"https:\/\/www.notaoficial.com\/s\/wp-json\/wp\/v2\/posts\/16196\/revisions"}],"predecessor-version":[{"id":16198,"href":"https:\/\/www.notaoficial.com\/s\/wp-json\/wp\/v2\/posts\/16196\/revisions\/16198"}],"wp:featuredmedia":[{"embeddable":true,"href":"https:\/\/www.notaoficial.com\/s\/wp-json\/wp\/v2\/media\/16197"}],"wp:attachment":[{"href":"https:\/\/www.notaoficial.com\/s\/wp-json\/wp\/v2\/media?parent=16196"}],"wp:term":[{"taxonomy":"category","embeddable":true,"href":"https:\/\/www.notaoficial.com\/s\/wp-json\/wp\/v2\/categories?post=16196"},{"taxonomy":"post_tag","embeddable":true,"href":"https:\/\/www.notaoficial.com\/s\/wp-json\/wp\/v2\/tags?post=16196"}],"curies":[{"name":"wp","href":"https:\/\/api.w.org\/{rel}","templated":true}]}}