{"id":16315,"date":"2023-04-19T23:02:15","date_gmt":"2023-04-20T03:02:15","guid":{"rendered":"https:\/\/www.notaoficial.com\/s\/?p=16315"},"modified":"2023-04-19T23:02:15","modified_gmt":"2023-04-20T03:02:15","slug":"exposicion-realidades-oniricas-de-carmelo-nino","status":"publish","type":"post","link":"https:\/\/www.notaoficial.com\/s\/2023\/04\/19\/exposicion-realidades-oniricas-de-carmelo-nino\/","title":{"rendered":"Exposici\u00f3n \u201cRealidades on\u00edricas\u201d de Carmelo Ni\u00f1o"},"content":{"rendered":"<p>La Galer\u00eda de Arte Ascaso y el\u00a0Centro de Bellas Artes Ateneo de Maracaibo\u00a0inauguran la exposici\u00f3n itinerante \u00abRealidades\u00a0on\u00edricas\u00bb \/ \u201cDreamlike Realities\u201d, del artista zuliano Carmelo Ni\u00f1o. La muestra contempla un conjunto de obras de la m\u00e1s reciente producci\u00f3n art\u00edstica de este destacado creador que ocupar\u00e1n todas las salas expositivas del CBA, a partir del 28 de abril hasta el 16 de junio\u00a0 de 2023.\u00a0 Con esta exposici\u00f3n Carmelo Ni\u00f1o celebra su trayectoria de m\u00e1s de 50 a\u00f1os que se inici\u00f3 en los espacios del Centro de Bellas Artes, donde en 1970 realiz\u00f3 su primera exposici\u00f3n individual.<\/p>\n<p>La muestra, que inici\u00f3 su recorrido en Ascaso Gallery (Miami) en agosto de 2022, contin\u00faa su trayecto en Venezuela, comenzando en Maracaibo, ciudad natal de Carmelo Ni\u00f1o. Posteriormente se exhibir\u00e1 en la Galer\u00eda\u00a0de Arte\u00a0Ascaso en Caracas.<\/p>\n<p>De acuerdo a la presentaci\u00f3n que hace la\u00a0Galer\u00eda de Arte Ascaso\u00a0de la muestra, esta exposici\u00f3n \u201cse caracteriza por la producci\u00f3n art\u00edstica m\u00e1s reciente del artista, que en estos \u00faltimos tiempos ha estado pintando en grandes formatos y ha incursionado en la escultura. Tambi\u00e9n se han incorporado algunas obras de mediano y peque\u00f1o formato que dan evidencia de la evoluci\u00f3n de la paleta de colores de los tonos m\u00e1s fr\u00edos y sombr\u00edos a armon\u00edas de colores m\u00e1s c\u00e1lidas y vibrantes que de una manera exquisita y magistral juegan un papel primordial en el planteamiento de cada escena que Carmelo Ni\u00f1o nos presenta en sus obras\u201d.<\/p>\n<p>Seg\u00fan afirma la curadora e investigadora de arte B\u00e9lgica Rodr\u00edguez, en el texto que acompa\u00f1a la muestra, \u201cCarmelo Ni\u00f1o sabe que las ra\u00edces profundas de sus obsesiones se afincan en la realidad del silencio y en los recuerdos de una habitaci\u00f3n poblada de objetos habitantes del peque\u00f1o circo que manejaba Ana Teresa, su madre; as\u00ed como de una casa para \u00e9l poblada de seres alucinantes que despertaban su imaginaci\u00f3n de ni\u00f1o curioso y perplejo ante el entorno de una ciudad fascinante como lo era su Maracaibo, su ciudad natal. Cada pintura es un recuerdo de vida pasada y presente que sale a flote como universo personal y destino inmutable; son poderosas im\u00e1genes que enuncian la est\u00e9tica del imaginario simb\u00f3lico de la carga emocional que animaba la creatividad del futuro pintor\u201d.<\/p>\n<p>A juicio de la curadora, \u201cEn estas pinturas el artista manifiesta como siempre su inter\u00e9s por la figura humana, sea el arlequ\u00edn o la figura que vuela, pero siempre hier\u00e1tica de pie retando al espectador. Pero m\u00e1s que esto, es el ser humano y su circunstancia el objeto de su investigaci\u00f3n, y que al estructurarlo y conceptualizar lo lejos de su normalidad f\u00edsica y cotidiana, lo reformula en im\u00e1genes que no son reales para corresponder a su particular concepci\u00f3n humanista de un universo que solo existe en su pintura (&#8230;) En toda su pintura Carmelo Ni\u00f1o busca, y logra, una estructura inteligible del espacio pict\u00f3rico, y en esta serie reciente, rechaza m\u00e1s fuertemente la herencia tradicional de la representaci\u00f3n espacial de la composici\u00f3n. Esto es bastante claro en la disposici\u00f3n de los espacios llenos en contraposici\u00f3n a los poqu\u00edsimos vac\u00edos (&#8230;)\u201d.<\/p>\n<p>\u201cAl rechazar toda tradici\u00f3n, Carmelo Ni\u00f1o hace de su pintura una minuciosa \u2018representaci\u00f3n\u2019 de atm\u00f3sferas fant\u00e1sticas llenas de personajes variados (en esta nueva serie predominantemente el arlequ\u00edn), que lo ubica como individualidad en la escena de la pintura en Venezuela. Una vez m\u00e1s muestra su virtuosismo y\u00a0dominio del dibujo y tambi\u00e9n su capacidad de manejar el color que aqu\u00ed conlleva la magn\u00edfica percepci\u00f3n \u2018irreal\u2019 del objeto tem\u00e1tico\u201d, expresa B\u00e9lgica Rodr\u00edguez.<\/p>\n<p>Carmelo Ni\u00f1o (Maracaibo, 1951) posee una amplia trayectoria art\u00edstica de m\u00e1s de cinco d\u00e9cadas, durante las cuales ha exhibido su obra en diferentes exposiciones colectivas e individuales, salones y ferias de arte, en Venezuela y otros pa\u00edses como Colombia, Per\u00fa, Brasil, El Salvador, Uruguay, M\u00e9xico, Estados Unidos, Espa\u00f1a, Francia, Monaco, Italia, Portugal, Checoslovaquia, Polonia, Hungr\u00eda, China y Jap\u00f3n. Ha recibido varios premios y se encuentra representado en importantes museos nacionales, Ministerios y Embajadas, as\u00ed como en colecciones privadas y p\u00fablicas de diferentes pa\u00edses.<\/p>\n<p>La exposici\u00f3n \u00abRealidades on\u00edricas\u00bb\/ \u201cDreamlike Realities\u201d, de Carmelo Ni\u00f1o se inaugura el viernes 28 de abril a las 6:00 p.m. en el Centro de Bellas Artes Ateneo de Maracaibo, y permanecer\u00e1 en exhibici\u00f3n hasta\u00a0el 16 de junio de 2023.<\/p>\n","protected":false},"excerpt":{"rendered":"<p>La Galer\u00eda de Arte Ascaso y el\u00a0Centro de Bellas Artes Ateneo de Maracaibo\u00a0inauguran la exposici\u00f3n itinerante \u00abRealidades\u00a0on\u00edricas\u00bb \/ \u201cDreamlike Realities\u201d, del artista zuliano Carmelo Ni\u00f1o. La muestra contempla un conjunto de obras de la m\u00e1s reciente producci\u00f3n art\u00edstica de este destacado creador que ocupar\u00e1n todas las salas expositivas del CBA, a partir del 28 de [&hellip;]<\/p>\n","protected":false},"author":2,"featured_media":16316,"comment_status":"closed","ping_status":"open","sticky":false,"template":"","format":"standard","meta":[],"categories":[93,463,146,2],"tags":[1371,190],"wppr_data":{"cwp_meta_box_check":"No"},"_links":{"self":[{"href":"https:\/\/www.notaoficial.com\/s\/wp-json\/wp\/v2\/posts\/16315"}],"collection":[{"href":"https:\/\/www.notaoficial.com\/s\/wp-json\/wp\/v2\/posts"}],"about":[{"href":"https:\/\/www.notaoficial.com\/s\/wp-json\/wp\/v2\/types\/post"}],"author":[{"embeddable":true,"href":"https:\/\/www.notaoficial.com\/s\/wp-json\/wp\/v2\/users\/2"}],"replies":[{"embeddable":true,"href":"https:\/\/www.notaoficial.com\/s\/wp-json\/wp\/v2\/comments?post=16315"}],"version-history":[{"count":1,"href":"https:\/\/www.notaoficial.com\/s\/wp-json\/wp\/v2\/posts\/16315\/revisions"}],"predecessor-version":[{"id":16317,"href":"https:\/\/www.notaoficial.com\/s\/wp-json\/wp\/v2\/posts\/16315\/revisions\/16317"}],"wp:featuredmedia":[{"embeddable":true,"href":"https:\/\/www.notaoficial.com\/s\/wp-json\/wp\/v2\/media\/16316"}],"wp:attachment":[{"href":"https:\/\/www.notaoficial.com\/s\/wp-json\/wp\/v2\/media?parent=16315"}],"wp:term":[{"taxonomy":"category","embeddable":true,"href":"https:\/\/www.notaoficial.com\/s\/wp-json\/wp\/v2\/categories?post=16315"},{"taxonomy":"post_tag","embeddable":true,"href":"https:\/\/www.notaoficial.com\/s\/wp-json\/wp\/v2\/tags?post=16315"}],"curies":[{"name":"wp","href":"https:\/\/api.w.org\/{rel}","templated":true}]}}