{"id":16410,"date":"2023-04-24T23:41:01","date_gmt":"2023-04-25T03:41:01","guid":{"rendered":"https:\/\/www.notaoficial.com\/s\/?p=16410"},"modified":"2023-04-24T23:41:01","modified_gmt":"2023-04-25T03:41:01","slug":"exposicion-y-subasta-de-arte-a-beneficio-de-caro-herrera","status":"publish","type":"post","link":"https:\/\/www.notaoficial.com\/s\/2023\/04\/24\/exposicion-y-subasta-de-arte-a-beneficio-de-caro-herrera\/","title":{"rendered":"Exposici\u00f3n y Subasta de Arte  a beneficio de Caro Herrera"},"content":{"rendered":"<p>El 11 de mayo de 2023 a las 7:00 pm, se llevar\u00e1 a cabo la VIII Subasta de Arte Colegio Integral El \u00c1vila Tributo a Julio Maragall a beneficio de la Fundaci\u00f3n\u00a0Caro Herrera, en la Sala William Werner del Centro de Artes Integradas, con una importante selecci\u00f3n de obras que ser\u00e1n exhibidas previamente en una exposici\u00f3n del 2 al 11 de mayo.<\/p>\n<p>M\u00e1s de 70 piezas de destacados artistas visuales, participan en esta subasta que contribuir\u00e1 con la labor que realiza la Fundaci\u00f3n Caro Herrera, creada por un grupo de familias con el prop\u00f3sito de ayudar de manera solidaria a financiar parte o la totalidad de los estudios de alumnos(as) de familias del Colegio Integral El \u00c1vila, que est\u00e9n atravesando por alguna dificultad econ\u00f3mica temporal que les impida afrontar los costos escolares. La Fundaci\u00f3n lleva su nombre en homenaje a la maestra Carolina\u00a0 Herrera, quien dedic\u00f3 su vida\u00a0 profesional al preescolar del Colegio y dej\u00f3 huellas en cada uno de los que tuvieron el gusto de conocerla y aprender de ella.<\/p>\n<p>La puja contar\u00e1 con el martillo de\u00a0Isa Berm\u00fadez y Carlos Julio Romero e incluir\u00e1 obras bidimensionales y tridimensionales de artistas como: Alberto Jos\u00e9 S\u00e1nchez, Alejandro Brito, Alejandro Vega, Alex del Vecchio, Andrea Siervo, Anita Reyna, Armando Velutini, Arturo Quintero, Carlos Cruz Diez, Cleila Ben\u00edtez, Cori De Veer Berm\u00fadez, Dagoberto Becerrit, Dagor, Eduardo Sanabria EDO, Fran Camino, Gian Pablo Polito, Gregorio Siem, H\u00e9ctor Ram\u00edrez, Iv\u00e1n Rojas, Javier Le\u00f3n, Jes\u00fas Guerrero, Jotashock, Julio Maragall, Juvenal Ravelo, Luigi Rodr\u00edguez, Luis Alarc\u00f3n, Luis Becerra, Mar\u00eda Angelica Viso, Mar\u00eda Elisa Pifano, Martin Morales, Mauricio Donelli, Mechi de Tulio, Miguel Priypchan, Oswaldo Vigas, Paul Amundarain, Paulo Castro, Pino Iodice, Rafael Araujo, Roberto Arraiz, Thomas Febres, Vicente Antonorsi, V\u00edctor Jaramillo, Paul Klose, Juan Toro Diez, David V\u00e1zquez, Alicia Coles, Diana L\u00f3pez, entre otros.<\/p>\n<p>La exposici\u00f3n de las obras que participar\u00e1n en la VIII Subasta de Arte Colegio Integral El \u00c1vila ser\u00e1 inaugurada el 2 de mayo de 2023, en la Sala William Werner, en el Centro de Artes Integradas, avenida Universidad Metropolitana, Terrazas del \u00c1vila, Caracas, y permanecer\u00e1 abierta al p\u00fablico hasta el 11 de mayo de 2023, cuando se realizar\u00e1 la subasta a las 7:00 pm. El horario de la exposici\u00f3n ser\u00e1 de lunes a viernes de 8:00 a.m a 4:00 p.m.<\/p>\n","protected":false},"excerpt":{"rendered":"<p>El 11 de mayo de 2023 a las 7:00 pm, se llevar\u00e1 a cabo la VIII Subasta de Arte Colegio Integral El \u00c1vila Tributo a Julio Maragall a beneficio de la Fundaci\u00f3n\u00a0Caro Herrera, en la Sala William Werner del Centro de Artes Integradas, con una importante selecci\u00f3n de obras que ser\u00e1n exhibidas previamente en una [&hellip;]<\/p>\n","protected":false},"author":2,"featured_media":16411,"comment_status":"closed","ping_status":"open","sticky":false,"template":"","format":"standard","meta":[],"categories":[93,463,146,2],"tags":[1371,10174],"wppr_data":{"cwp_meta_box_check":"No"},"_links":{"self":[{"href":"https:\/\/www.notaoficial.com\/s\/wp-json\/wp\/v2\/posts\/16410"}],"collection":[{"href":"https:\/\/www.notaoficial.com\/s\/wp-json\/wp\/v2\/posts"}],"about":[{"href":"https:\/\/www.notaoficial.com\/s\/wp-json\/wp\/v2\/types\/post"}],"author":[{"embeddable":true,"href":"https:\/\/www.notaoficial.com\/s\/wp-json\/wp\/v2\/users\/2"}],"replies":[{"embeddable":true,"href":"https:\/\/www.notaoficial.com\/s\/wp-json\/wp\/v2\/comments?post=16410"}],"version-history":[{"count":2,"href":"https:\/\/www.notaoficial.com\/s\/wp-json\/wp\/v2\/posts\/16410\/revisions"}],"predecessor-version":[{"id":16413,"href":"https:\/\/www.notaoficial.com\/s\/wp-json\/wp\/v2\/posts\/16410\/revisions\/16413"}],"wp:featuredmedia":[{"embeddable":true,"href":"https:\/\/www.notaoficial.com\/s\/wp-json\/wp\/v2\/media\/16411"}],"wp:attachment":[{"href":"https:\/\/www.notaoficial.com\/s\/wp-json\/wp\/v2\/media?parent=16410"}],"wp:term":[{"taxonomy":"category","embeddable":true,"href":"https:\/\/www.notaoficial.com\/s\/wp-json\/wp\/v2\/categories?post=16410"},{"taxonomy":"post_tag","embeddable":true,"href":"https:\/\/www.notaoficial.com\/s\/wp-json\/wp\/v2\/tags?post=16410"}],"curies":[{"name":"wp","href":"https:\/\/api.w.org\/{rel}","templated":true}]}}