{"id":16537,"date":"2023-05-01T22:43:41","date_gmt":"2023-05-02T02:43:41","guid":{"rendered":"https:\/\/www.notaoficial.com\/s\/?p=16537"},"modified":"2023-05-01T22:43:41","modified_gmt":"2023-05-02T02:43:41","slug":"pachy-flow-estreno-su-primer-ep-con-colorido-video","status":"publish","type":"post","link":"https:\/\/www.notaoficial.com\/s\/2023\/05\/01\/pachy-flow-estreno-su-primer-ep-con-colorido-video\/","title":{"rendered":"Pachy Flow estren\u00f3 su primer EP con colorido video"},"content":{"rendered":"<div><span style=\"color: #000000;\">El cantante Pachy Flow, quien naci\u00f3 en Santiago de Cuba, lanz\u00f3 al ruedo musical su tan esperado EP titulado \u00abIsland Flow\u00bb, un nombre que hace referencia a un concepto muy variado y a su origen, ya que por ser hijo de padre cubano y madre dominicana quiso homenajear a sus tierras caribe\u00f1as y latinas.<\/p>\n<p>\u00abUno No Es Malo\u00bb, \u00abTiempos de Abayarde\u00bb (reggaeton), \u00abOne night\u00bb (trap, House), \u00abPunta cana\u00bb (reggae), \u00abAndo buscando\u00bb (reggaeton rom\u00e1ntico), \u00abRomo y Moet\u00bb (guaracha), son las seis canciones que el artista plasm\u00f3 en su reci\u00e9n proyecto estrenado este 28 de abril.<\/p>\n<p>Con todos los hierros, el int\u00e9rprete hizo el lanzamiento de \u00abUno No Es Malo\u00bb, el tema con el que se sinti\u00f3 muy identificado por considerarlo un gran desaf\u00edo, pues representa su primer dembow y siempre quiso ser parte del g\u00e9nero de la cultura dominicana.<\/p>\n<p>\u00abFue una experiencia incre\u00edble ya que es mi primer video; adem\u00e1s de trabajar y colaborar con Flowtiko que son los m\u00e1s duros en las fiestas de Montreal, Canad\u00e1, son parte de mi familia. Lo dirigimos yo y Lazhar y estuvo filmado y editado por Directed By Wolf\u00bb, dijo Pachy Flow del audiovisual publicado en YouTube.<\/p>\n<p>Vale destacar que aunque el EP no cuenta con colaboraciones musicales, \u00abUno no es malo\u00bb pertenece a la pluma del cantante y de Layon True, un gran compositor y arreglista. Asimismo, \u00abRomo y Moet\u00bb la compuso junto a Eddy Jam, un artista de mucha trayectoria en la m\u00fasica .<\/p>\n<p>Por su parte, \u00abAndo buscando\u00bb la escribi\u00f3 cuando apenas ten\u00eda 11 a\u00f1os de edad.<\/p>\n<p>\u00abRealmente estoy satisfecho con el calor y la acogida del p\u00fablico tras el lanzamiento. Espero se identifiquen ya que la mayor\u00eda de mis canciones son historias vividas y es un placer transmitir mis vibras a trav\u00e9s de la m\u00fasica\u00bb, dijo el int\u00e9rprete del EP creado hace un a\u00f1o con los productores DJ Rafy de Cuba y DJ Liby de Rep\u00fablica Dominicana.<\/p>\n<p>Pese a ser un artista independiente, \u00abIsland Flow\u00bb fue lanzado de la mano de Fabrizio Vip Music Records y Warner Music Latin. Vale destacar que el pasado 21 de abril se llev\u00f3 a cabo el release party exclusivo en colaboraci\u00f3n con Flowtiko.<br \/>\n<\/span><\/div>\n<div><span style=\"color: #000000;\">\u00a0<\/span><\/div>\n<div><span style=\"color: #000000;\">Para saber m\u00e1s de Pachy Flow s\u00edguelo en\u00a0<a href=\"https:\/\/www.instagram.com\/pachy.flow\/\" target=\"_blank\" rel=\"noreferrer noopener\" data-saferedirecturl=\"https:\/\/www.google.com\/url?q=https:\/\/www.instagram.com\/pachy.flow\/&amp;source=gmail&amp;ust=1683081301332000&amp;usg=AOvVaw0ymNH2HQinhJH4k5yCLJYp\">Instagram<\/a><br \/>\n<\/span><\/div>\n<div><span style=\"color: #000000;\">\u00a0<\/span><\/div>\n<div><span style=\"color: #000000;\"><a href=\"https:\/\/youtu.be\/tzjbIbKRS7U\" target=\"_blank\" rel=\"noopener\" data-saferedirecturl=\"https:\/\/www.google.com\/url?q=https:\/\/youtu.be\/tzjbIbKRS7U&amp;source=gmail&amp;ust=1683081301332000&amp;usg=AOvVaw1CHi0odMLLuiKr52pz8q24\">https:\/\/youtu.be\/tzjbIbKRS7U<\/a><\/span><\/div>\n","protected":false},"excerpt":{"rendered":"<p>El cantante Pachy Flow, quien naci\u00f3 en Santiago de Cuba, lanz\u00f3 al ruedo musical su tan esperado EP titulado \u00abIsland Flow\u00bb, un nombre que hace referencia a un concepto muy variado y a su origen, ya que por ser hijo de padre cubano y madre dominicana quiso homenajear a sus tierras caribe\u00f1as y latinas. \u00abUno [&hellip;]<\/p>\n","protected":false},"author":2,"featured_media":16538,"comment_status":"closed","ping_status":"open","sticky":false,"template":"","format":"standard","meta":[],"categories":[93,463,146,2],"tags":[1176,381],"wppr_data":{"cwp_meta_box_check":"No"},"_links":{"self":[{"href":"https:\/\/www.notaoficial.com\/s\/wp-json\/wp\/v2\/posts\/16537"}],"collection":[{"href":"https:\/\/www.notaoficial.com\/s\/wp-json\/wp\/v2\/posts"}],"about":[{"href":"https:\/\/www.notaoficial.com\/s\/wp-json\/wp\/v2\/types\/post"}],"author":[{"embeddable":true,"href":"https:\/\/www.notaoficial.com\/s\/wp-json\/wp\/v2\/users\/2"}],"replies":[{"embeddable":true,"href":"https:\/\/www.notaoficial.com\/s\/wp-json\/wp\/v2\/comments?post=16537"}],"version-history":[{"count":2,"href":"https:\/\/www.notaoficial.com\/s\/wp-json\/wp\/v2\/posts\/16537\/revisions"}],"predecessor-version":[{"id":16540,"href":"https:\/\/www.notaoficial.com\/s\/wp-json\/wp\/v2\/posts\/16537\/revisions\/16540"}],"wp:featuredmedia":[{"embeddable":true,"href":"https:\/\/www.notaoficial.com\/s\/wp-json\/wp\/v2\/media\/16538"}],"wp:attachment":[{"href":"https:\/\/www.notaoficial.com\/s\/wp-json\/wp\/v2\/media?parent=16537"}],"wp:term":[{"taxonomy":"category","embeddable":true,"href":"https:\/\/www.notaoficial.com\/s\/wp-json\/wp\/v2\/categories?post=16537"},{"taxonomy":"post_tag","embeddable":true,"href":"https:\/\/www.notaoficial.com\/s\/wp-json\/wp\/v2\/tags?post=16537"}],"curies":[{"name":"wp","href":"https:\/\/api.w.org\/{rel}","templated":true}]}}