{"id":16548,"date":"2023-05-01T22:58:56","date_gmt":"2023-05-02T02:58:56","guid":{"rendered":"https:\/\/www.notaoficial.com\/s\/?p=16548"},"modified":"2023-05-01T22:58:56","modified_gmt":"2023-05-02T02:58:56","slug":"soleras-y-palabreos-el-domingo-7-de-mayo","status":"publish","type":"post","link":"https:\/\/www.notaoficial.com\/s\/2023\/05\/01\/soleras-y-palabreos-el-domingo-7-de-mayo\/","title":{"rendered":"Soleras y palabreos el domingo 7 de mayo"},"content":{"rendered":"<p>El\u00a0\u00a0domingo 7 de mayo se abren de nuevo las puertas de Cin\u00e9tica Cultural, el espacio gerenciado por la Red Pasi\u00f3n Pa\u00eds para brindar su escenario a un gran talento venezolano como lo es\u00a0Carlos Alejandro Su\u00e1rez. A las 11: 30 de la ma\u00f1ana con una propuesta llamada \u201cSoleras y Palabreos\u201d este cantautor nos invita a recorrer distintos estados del pa\u00eds en compa\u00f1\u00eda de : Santiago Bravo quien interpreta la Mandolina\u00a0y\u00a0Diego Guti\u00e9rrez en la guitarra.<\/p>\n<p>La m\u00fasica venezolana ha vuelto a ganar terreno esta vez en un importante grupo de m\u00fasicos j\u00f3venes, los cuales en muchos casos son producto del impulso que proviene del Sistema que ha logrado mover la cifra de unas generaciones que sue\u00f1an con pararse en un escenario e interpretar la bell\u00edsima m\u00fasica que representa sus lugares de origen y que a su vez a todo el pa\u00eds nos invita a descubrir historias, ritmos y los sue\u00f1os de cada regi\u00f3n.<\/p>\n<p>Suarez resume su propuesta\u00a0\u00a0de esta forma:\u00a0Soy cantautor de m\u00fasica tradicional Venezolana estilizada en algunos de sus ritmos y g\u00e9neros, hago m\u00fasica del oriente venezolano, de los llanos, y de estado Lara principalmente, adem\u00e1s de llevar mi propio repertorio en mis presentaciones mostr\u00e1ndole al p\u00fablico canciones de mi autor\u00eda inspiradas en historias de los campos Venezolanos y la ciudades del pa\u00eds. Aunado a esto cuento las historias de las canciones ya conocidas del repertorio venezolano y de las de mi autor\u00eda.\u00a0\u201cSoleras y Palabreos\u201d\u00a0son un viaje musical por todo el pa\u00eds.<\/p>\n<p>El concierto es el 7 de mayo a las 11:30. De la ma\u00f1ana. Reserve su entrada a trav\u00e9s de\u00a0<a href=\"mailto:cineticaculturalcss@gmail.com\">cineticaculturalcss@gmail.com<\/a> El costo es de solo $10 incluyendo el estacionamiento.<\/p>\n","protected":false},"excerpt":{"rendered":"<p>El\u00a0\u00a0domingo 7 de mayo se abren de nuevo las puertas de Cin\u00e9tica Cultural, el espacio gerenciado por la Red Pasi\u00f3n Pa\u00eds para brindar su escenario a un gran talento venezolano como lo es\u00a0Carlos Alejandro Su\u00e1rez. A las 11: 30 de la ma\u00f1ana con una propuesta llamada \u201cSoleras y Palabreos\u201d este cantautor nos invita a recorrer [&hellip;]<\/p>\n","protected":false},"author":2,"featured_media":16549,"comment_status":"closed","ping_status":"open","sticky":false,"template":"","format":"standard","meta":[],"categories":[93,463,146,2],"tags":[9622,381],"wppr_data":{"cwp_meta_box_check":"No"},"_links":{"self":[{"href":"https:\/\/www.notaoficial.com\/s\/wp-json\/wp\/v2\/posts\/16548"}],"collection":[{"href":"https:\/\/www.notaoficial.com\/s\/wp-json\/wp\/v2\/posts"}],"about":[{"href":"https:\/\/www.notaoficial.com\/s\/wp-json\/wp\/v2\/types\/post"}],"author":[{"embeddable":true,"href":"https:\/\/www.notaoficial.com\/s\/wp-json\/wp\/v2\/users\/2"}],"replies":[{"embeddable":true,"href":"https:\/\/www.notaoficial.com\/s\/wp-json\/wp\/v2\/comments?post=16548"}],"version-history":[{"count":1,"href":"https:\/\/www.notaoficial.com\/s\/wp-json\/wp\/v2\/posts\/16548\/revisions"}],"predecessor-version":[{"id":16550,"href":"https:\/\/www.notaoficial.com\/s\/wp-json\/wp\/v2\/posts\/16548\/revisions\/16550"}],"wp:featuredmedia":[{"embeddable":true,"href":"https:\/\/www.notaoficial.com\/s\/wp-json\/wp\/v2\/media\/16549"}],"wp:attachment":[{"href":"https:\/\/www.notaoficial.com\/s\/wp-json\/wp\/v2\/media?parent=16548"}],"wp:term":[{"taxonomy":"category","embeddable":true,"href":"https:\/\/www.notaoficial.com\/s\/wp-json\/wp\/v2\/categories?post=16548"},{"taxonomy":"post_tag","embeddable":true,"href":"https:\/\/www.notaoficial.com\/s\/wp-json\/wp\/v2\/tags?post=16548"}],"curies":[{"name":"wp","href":"https:\/\/api.w.org\/{rel}","templated":true}]}}