{"id":16624,"date":"2023-05-06T00:15:52","date_gmt":"2023-05-06T04:15:52","guid":{"rendered":"https:\/\/www.notaoficial.com\/s\/?p=16624"},"modified":"2023-05-06T00:15:52","modified_gmt":"2023-05-06T04:15:52","slug":"pablo-lyle-deberia-cumplir-toda-su-condena-en-estados-unidos","status":"publish","type":"post","link":"https:\/\/www.notaoficial.com\/s\/2023\/05\/06\/pablo-lyle-deberia-cumplir-toda-su-condena-en-estados-unidos\/","title":{"rendered":"Pablo Lyle deber\u00eda cumplir toda su condena en Estados Unidos"},"content":{"rendered":"<p>Por primera vez desde la finalizaci\u00f3n del juicio que enfrent\u00f3 a <strong>Pablo Lyle<\/strong> con la justicia de Estados Unidos, la pareja de la v\u00edctima mortal\u00a0<strong>Mercedes Arce<\/strong>, rompi\u00f3 su silencio en el programa <strong>\u00a1Si\u00e9ntense Quien Pueda!\u00a0EXTRA<\/strong>, por <strong>Univision<\/strong>, en entrevista exclusiva con el periodista\u00a0<strong>\u00c1lex Rodr\u00edguez.<\/strong><\/p>\n<p>Adem\u00e1s coincide con algunas informaciones que apuntan a que Lyle podr\u00eda abandonar Estados Unidos antes de haber cumplido su condena de 5 a\u00f1os de prisi\u00f3n y 8 de Libertad condicional.<\/p>\n<p>Arce pide a las autoridades que <em><strong>\u201cPablo cumpla como cualquier otro ciudadano. <\/strong>Y que<strong>\u00a0<\/strong><\/em><em>no tenga ning\u00fan beneficio por el hecho de ser una persona conocida\u201d<\/em>.<\/p>\n<p>Firme y tajante, Mercedes dijo que la sentencia le pareci\u00f3 injusta y todo lo que vivi\u00f3 en uno de los juicios m\u00e1s medi\u00e1ticos de los \u00faltimos a\u00f1os.<\/p>\n<p>Para ver la entrevista completa visita el canal de YouTube del programa\u00a0<a href=\"https:\/\/facebook.us15.list-manage.com\/track\/click?u=d29e05f3cb957969a97f7b89e&amp;id=e9b9716f71&amp;e=48ce6451b1\" target=\"_blank\" rel=\"noopener\" data-saferedirecturl=\"https:\/\/www.google.com\/url?q=https:\/\/facebook.us15.list-manage.com\/track\/click?u%3Dd29e05f3cb957969a97f7b89e%26id%3De9b9716f71%26e%3D48ce6451b1&amp;source=gmail&amp;ust=1683431303354000&amp;usg=AOvVaw2nXdrM_rw85uybXTpilrOb\">https:\/\/youtu.be\/<wbr \/>uok0LZZZwpc<\/a><\/p>\n<p><strong><u>Sobre \u00a1Si\u00e9ntese Quien Pueda!\u00a0<\/u><\/strong><\/p>\n<p><strong><a href=\"https:\/\/facebook.us15.list-manage.com\/track\/click?u=d29e05f3cb957969a97f7b89e&amp;id=bc33ab9298&amp;e=48ce6451b1\" target=\"_blank\" rel=\"noopener\" data-saferedirecturl=\"https:\/\/www.google.com\/url?q=https:\/\/facebook.us15.list-manage.com\/track\/click?u%3Dd29e05f3cb957969a97f7b89e%26id%3Dbc33ab9298%26e%3D48ce6451b1&amp;source=gmail&amp;ust=1683431303354000&amp;usg=AOvVaw3svE_yRqA0rKXqY5TQ3b1I\">\u00a1Si\u00e9ntese Quien Pueda!<\/a><\/strong>,\u00a0es conducido por <a href=\"https:\/\/facebook.us15.list-manage.com\/track\/click?u=d29e05f3cb957969a97f7b89e&amp;id=b32bb69186&amp;e=48ce6451b1\" target=\"_blank\" rel=\"noopener\" data-saferedirecturl=\"https:\/\/www.google.com\/url?q=https:\/\/facebook.us15.list-manage.com\/track\/click?u%3Dd29e05f3cb957969a97f7b89e%26id%3Db32bb69186%26e%3D48ce6451b1&amp;source=gmail&amp;ust=1683431303355000&amp;usg=AOvVaw0x1tImSFcf-j--3D_aKDzr\"><strong>Juli\u00e1n Gil<\/strong><\/a>\u00a0y\u00a0se transmite en Estados Unidos, regularmente, \u00a0de lunes a viernes a las\u00a07PM\u00a0\/ 6c por <a href=\"https:\/\/facebook.us15.list-manage.com\/track\/click?u=d29e05f3cb957969a97f7b89e&amp;id=6803a0e7fe&amp;e=48ce6451b1\" target=\"_blank\" rel=\"noopener\" data-saferedirecturl=\"https:\/\/www.google.com\/url?q=https:\/\/facebook.us15.list-manage.com\/track\/click?u%3Dd29e05f3cb957969a97f7b89e%26id%3D6803a0e7fe%26e%3D48ce6451b1&amp;source=gmail&amp;ust=1683431303355000&amp;usg=AOvVaw3otMt3dWXA7yI615C2Y21C\"><strong>UNIM\u00c1S<\/strong><\/a>, la cadena hermana de <a href=\"https:\/\/facebook.us15.list-manage.com\/track\/click?u=d29e05f3cb957969a97f7b89e&amp;id=d9403ef0cd&amp;e=48ce6451b1\" target=\"_blank\" rel=\"noopener\" data-saferedirecturl=\"https:\/\/www.google.com\/url?q=https:\/\/facebook.us15.list-manage.com\/track\/click?u%3Dd29e05f3cb957969a97f7b89e%26id%3Dd9403ef0cd%26e%3D48ce6451b1&amp;source=gmail&amp;ust=1683431303355000&amp;usg=AOvVaw2HBuebtbenNFYiZhhk0lej\"><strong>Univision<\/strong><\/a>. El p\u00fablico puede votar visitando la p\u00e1gina web\u00a0<a dir=\"auto\" href=\"https:\/\/facebook.us15.list-manage.com\/track\/click?u=d29e05f3cb957969a97f7b89e&amp;id=536dd4b2f0&amp;e=48ce6451b1\" target=\"_blank\" rel=\"nofollow noopener\" data-saferedirecturl=\"https:\/\/www.google.com\/url?q=https:\/\/facebook.us15.list-manage.com\/track\/click?u%3Dd29e05f3cb957969a97f7b89e%26id%3D536dd4b2f0%26e%3D48ce6451b1&amp;source=gmail&amp;ust=1683431303355000&amp;usg=AOvVaw0_0Vm3FRyaLU_P66Qc3Hhm\">https:\/\/<wbr \/>sientesequienpueda.com\/<\/a>\u00a0<wbr \/>Tambi\u00e9n, cuanta con la\u00a0participaci\u00f3n de los panelistas\u00a0<strong>Kerly Ruiz, Karla G\u00f3mez, Vanessa Arias, \u00c1lex Rodr\u00edguez, Lucho Borrego, Alejandra Jaramillo y Catalina Mora<\/strong>.<\/p>\n<p>El programa es\u00a0producido para <strong>TelevisaUnivision<\/strong><strong>\u00a0<\/strong>por <a href=\"https:\/\/facebook.us15.list-manage.com\/track\/click?u=d29e05f3cb957969a97f7b89e&amp;id=650c950a9f&amp;e=48ce6451b1\" target=\"_blank\" rel=\"noopener\" data-saferedirecturl=\"https:\/\/www.google.com\/url?q=https:\/\/facebook.us15.list-manage.com\/track\/click?u%3Dd29e05f3cb957969a97f7b89e%26id%3D650c950a9f%26e%3D48ce6451b1&amp;source=gmail&amp;ust=1683431303355000&amp;usg=AOvVaw1ESRB6n3GbCSmSEP5nn4NJ\">We Love Entertainment<\/a>, la casa productora de <a href=\"https:\/\/facebook.us15.list-manage.com\/track\/click?u=d29e05f3cb957969a97f7b89e&amp;id=1f342a64bc&amp;e=48ce6451b1\" target=\"_blank\" rel=\"noopener\" data-saferedirecturl=\"https:\/\/www.google.com\/url?q=https:\/\/facebook.us15.list-manage.com\/track\/click?u%3Dd29e05f3cb957969a97f7b89e%26id%3D1f342a64bc%26e%3D48ce6451b1&amp;source=gmail&amp;ust=1683431303355000&amp;usg=AOvVaw3Ie2AE1rDD9YyqG1G7S2Xl\">Carlos Mesber<\/a>.<\/p>\n<p><a href=\"https:\/\/facebook.us15.list-manage.com\/track\/click?u=d29e05f3cb957969a97f7b89e&amp;id=c1572b9b97&amp;e=48ce6451b1\" target=\"_blank\" rel=\"noopener\" data-saferedirecturl=\"https:\/\/www.google.com\/url?q=https:\/\/facebook.us15.list-manage.com\/track\/click?u%3Dd29e05f3cb957969a97f7b89e%26id%3Dc1572b9b97%26e%3D48ce6451b1&amp;source=gmail&amp;ust=1683431303355000&amp;usg=AOvVaw08rVZgS2hMJIunfAJBc5mW\">https:\/\/sientesequienpueda.<wbr \/>com\/<\/a><\/p>\n","protected":false},"excerpt":{"rendered":"<p>Por primera vez desde la finalizaci\u00f3n del juicio que enfrent\u00f3 a Pablo Lyle con la justicia de Estados Unidos, la pareja de la v\u00edctima mortal\u00a0Mercedes Arce, rompi\u00f3 su silencio en el programa \u00a1Si\u00e9ntense Quien Pueda!\u00a0EXTRA, por Univision, en entrevista exclusiva con el periodista\u00a0\u00c1lex Rodr\u00edguez. Adem\u00e1s coincide con algunas informaciones que apuntan a que Lyle podr\u00eda [&hellip;]<\/p>\n","protected":false},"author":2,"featured_media":16625,"comment_status":"closed","ping_status":"open","sticky":false,"template":"","format":"standard","meta":[],"categories":[93,146],"tags":[1176,9947],"wppr_data":{"cwp_meta_box_check":"No"},"_links":{"self":[{"href":"https:\/\/www.notaoficial.com\/s\/wp-json\/wp\/v2\/posts\/16624"}],"collection":[{"href":"https:\/\/www.notaoficial.com\/s\/wp-json\/wp\/v2\/posts"}],"about":[{"href":"https:\/\/www.notaoficial.com\/s\/wp-json\/wp\/v2\/types\/post"}],"author":[{"embeddable":true,"href":"https:\/\/www.notaoficial.com\/s\/wp-json\/wp\/v2\/users\/2"}],"replies":[{"embeddable":true,"href":"https:\/\/www.notaoficial.com\/s\/wp-json\/wp\/v2\/comments?post=16624"}],"version-history":[{"count":1,"href":"https:\/\/www.notaoficial.com\/s\/wp-json\/wp\/v2\/posts\/16624\/revisions"}],"predecessor-version":[{"id":16626,"href":"https:\/\/www.notaoficial.com\/s\/wp-json\/wp\/v2\/posts\/16624\/revisions\/16626"}],"wp:featuredmedia":[{"embeddable":true,"href":"https:\/\/www.notaoficial.com\/s\/wp-json\/wp\/v2\/media\/16625"}],"wp:attachment":[{"href":"https:\/\/www.notaoficial.com\/s\/wp-json\/wp\/v2\/media?parent=16624"}],"wp:term":[{"taxonomy":"category","embeddable":true,"href":"https:\/\/www.notaoficial.com\/s\/wp-json\/wp\/v2\/categories?post=16624"},{"taxonomy":"post_tag","embeddable":true,"href":"https:\/\/www.notaoficial.com\/s\/wp-json\/wp\/v2\/tags?post=16624"}],"curies":[{"name":"wp","href":"https:\/\/api.w.org\/{rel}","templated":true}]}}