{"id":16667,"date":"2023-05-09T00:24:20","date_gmt":"2023-05-09T04:24:20","guid":{"rendered":"https:\/\/www.notaoficial.com\/s\/?p=16667"},"modified":"2023-05-09T00:24:20","modified_gmt":"2023-05-09T04:24:20","slug":"el-mundo-pertenece-a-quienes-se-atreven","status":"publish","type":"post","link":"https:\/\/www.notaoficial.com\/s\/2023\/05\/09\/el-mundo-pertenece-a-quienes-se-atreven\/","title":{"rendered":"El mundo pertenece a quienes se atreven"},"content":{"rendered":"<div>La frase con la que quiero iniciar este email es de Charles Chaplin, el inolvidable<br \/>\nactor que hace 100 a\u00f1os conquist\u00f3 los corazones de millones de personas con su<br \/>\nsingular personaje de comedia, que hasta hoy, nos sigue haciendo re\u00edr a todos.<br \/>\nChaplin fue un vanguardista de su tiempo, rompi\u00f3 moldes, y por ello su legado<br \/>\na\u00fan hoy prevalece.<\/div>\n<div>\nCasi todo cuanto disfrutamos hoy, naci\u00f3 de la mente de alg\u00fan so\u00f1ador o<br \/>\nIdealista, que se propuso dar un paso m\u00e1s all\u00e1, y salirse del canon, aunque ello<br \/>\nimplicara aceptar ser se\u00f1alado, juzgado y hasta atacado por quienes no le<br \/>\ncomprenden. Lo triste, es que estas situaciones pueden venir, la mayor\u00eda de las veces,<br \/>\nde nuestros propios seres queridos.<\/div>\n<div>\nGeneralmente, detr\u00e1s de ese rechazo y falta de apoyo cuando queremos lanzarnos a<br \/>\nNuevas ideas, existe el miedo a que fracasemos. Es un sistema de protecci\u00f3n de<br \/>\nQuienes nos aman.<\/div>\n<div>\nPor eso, hoy quiero compartir contigo esta entretenida entrevista que tuve con Piter<br \/>\nAlbeiro, donde relat\u00f3 cu\u00e1l fue la reacci\u00f3n de su padre cuando le dijo que abandonar\u00eda<br \/>\nSu carrera como estudiante de derecho, para dedicarse a ser comediante.<\/div>\n<div>\n\u201c\u00bfUsted est\u00e1 loco? \u00bfC\u00f3mo se le ocurre eso?\u201d.<\/div>\n<div>\nImag\u00ednate, , un padre que pensaba solamente en que su hijo hab\u00eda perdido<br \/>\nla cabeza. La buena noticia es que Piter s\u00ed que hubiera estado loco, pero si se quedaba<br \/>\nejerciendo una carrera con la que nos hubiera negado a todos el poder disfrutar de su<br \/>\ntalento para contar chistes, y hacernos re\u00edr.<\/div>\n<div>\nSi quieres conocer de este y otros detalles de este divertid\u00edsimo encuentro, entonces<br \/>\nte recomiendo que visites el siguiente <a href=\"https:\/\/lt.mydplr.com\/402757fa3785e5339d4eb9ee59b4f9ef-11965bb54bdf876baa24a71170af20c8\" target=\"_blank\" rel=\"noopener\" data-saferedirecturl=\"https:\/\/www.google.com\/url?q=https:\/\/lt.mydplr.com\/402757fa3785e5339d4eb9ee59b4f9ef-11965bb54bdf876baa24a71170af20c8&amp;source=gmail&amp;ust=1683691753523000&amp;usg=AOvVaw1D_zOwmu9-a08YDoYia58J\">enlace<\/a>.<\/div>\n<div>\nPD: te vas a re\u00edr much\u00edsimo.<\/div>\n","protected":false},"excerpt":{"rendered":"<p>La frase con la que quiero iniciar este email es de Charles Chaplin, el inolvidable actor que hace 100 a\u00f1os conquist\u00f3 los corazones de millones de personas con su singular personaje de comedia, que hasta hoy, nos sigue haciendo re\u00edr a todos. Chaplin fue un vanguardista de su tiempo, rompi\u00f3 moldes, y por ello su [&hellip;]<\/p>\n","protected":false},"author":2,"featured_media":16668,"comment_status":"closed","ping_status":"open","sticky":false,"template":"","format":"standard","meta":[],"categories":[93,146,2],"tags":[10144,10147],"wppr_data":{"cwp_meta_box_check":"No"},"_links":{"self":[{"href":"https:\/\/www.notaoficial.com\/s\/wp-json\/wp\/v2\/posts\/16667"}],"collection":[{"href":"https:\/\/www.notaoficial.com\/s\/wp-json\/wp\/v2\/posts"}],"about":[{"href":"https:\/\/www.notaoficial.com\/s\/wp-json\/wp\/v2\/types\/post"}],"author":[{"embeddable":true,"href":"https:\/\/www.notaoficial.com\/s\/wp-json\/wp\/v2\/users\/2"}],"replies":[{"embeddable":true,"href":"https:\/\/www.notaoficial.com\/s\/wp-json\/wp\/v2\/comments?post=16667"}],"version-history":[{"count":2,"href":"https:\/\/www.notaoficial.com\/s\/wp-json\/wp\/v2\/posts\/16667\/revisions"}],"predecessor-version":[{"id":16670,"href":"https:\/\/www.notaoficial.com\/s\/wp-json\/wp\/v2\/posts\/16667\/revisions\/16670"}],"wp:featuredmedia":[{"embeddable":true,"href":"https:\/\/www.notaoficial.com\/s\/wp-json\/wp\/v2\/media\/16668"}],"wp:attachment":[{"href":"https:\/\/www.notaoficial.com\/s\/wp-json\/wp\/v2\/media?parent=16667"}],"wp:term":[{"taxonomy":"category","embeddable":true,"href":"https:\/\/www.notaoficial.com\/s\/wp-json\/wp\/v2\/categories?post=16667"},{"taxonomy":"post_tag","embeddable":true,"href":"https:\/\/www.notaoficial.com\/s\/wp-json\/wp\/v2\/tags?post=16667"}],"curies":[{"name":"wp","href":"https:\/\/api.w.org\/{rel}","templated":true}]}}